{"id":467283,"date":"2025-10-16T11:34:11","date_gmt":"2025-10-16T11:34:11","guid":{"rendered":"https:\/\/www.europesays.com\/fr\/467283\/"},"modified":"2025-10-16T11:34:11","modified_gmt":"2025-10-16T11:34:11","slug":"le-groupe-sofibrie-inaugure-sa-nouvelle-concession-nissan-a-vincennes","status":"publish","type":"post","link":"https:\/\/www.europesays.com\/fr\/467283\/","title":{"rendered":"Le groupe Sofibrie inaugure sa nouvelle concession Nissan \u00e0 Vincennes"},"content":{"rendered":"<p>\nLe groupe Sofibrie a inaugur\u00e9 le 8 octobre dernier sa nouvelle concession Nissan \u00e0 Vincennes, en \u00cele-de-France. <strong>Reprise en janvier 2025 par l&rsquo;investisseur francilien,<\/strong> l&rsquo;affaire vincennoise, connue sous l\u2019appellation Cap des Nations, a b\u00e9n\u00e9fici\u00e9 d&rsquo;importants travaux ces derniers mois pour s\u2019offrir un tout nouveau visage.<\/p>\n<p>\nL\u2019\u00e9tablissement s&rsquo;\u00e9tend sur 1 700 m\u00b2, dont 380 m\u00b2\u00a0de showroom, et peut exposer quinze v\u00e9hicules. Gr\u00e2ce \u00e0 un investissement important, le site est dot\u00e9 des derniers standards de marque. \u00ab Cette reprise de la concession Nissan Vincennes par notre groupe renforce notre pr\u00e9sence en \u00cele-de-France tout en consolidant notre d\u00e9vouement \u00e0 l&rsquo;innovation et \u00e0 la mobilit\u00e9 durable port\u00e9e par Nissan \u00bb, souligne <strong>Philippe Havard,<\/strong> pr\u00e9sident du groupe Sofibrie.<\/p>\n<p>Un partenariat solide depuis 24 ans<\/p>\n<p>\nEntr\u00e9 dans le r\u00e9seau Nissan e<strong>n 2001 \u00e0 Poitiers (86),<\/strong> le groupe dirig\u00e9 par Philippe Havard s&rsquo;est ensuite d\u00e9velopp\u00e9 au sein du r\u00e9seau Nissan pour atteindre aujourd&rsquo;hui <strong>un total de six points de vente<\/strong> (Champigny, Cr\u00e9teil, Noisiel, Chanteloup-en-Brie, La Queue-en-Brie et Vincennes), au point de devenir l&rsquo;un des plus importants distributeurs de la marque en \u00cele-de-France. \u00ab Vrai connaisseur du march\u00e9 de l&rsquo;Est parisien, le groupe Sofibrie va permettre \u00e0 la marque de s&rsquo;appuyer sur une repr\u00e9sentation \u00e0 la hauteur de ses ambitions en \u00cele-de-France et offre, avec sa nouvelle concession de Vincennes, un superbe \u00e9crin aux diff\u00e9rents mod\u00e8les de notre offensive produit \u00bb, se f\u00e9licite <strong>Richard Tougeron, <\/strong>directeur g\u00e9n\u00e9ral de Nissan France.<\/p>\n<p>\nEn outre, le groupe de distribution compte seize marques en portefeuille, et dispose d\u00e9sormais de vingt-six sites r\u00e9partis dans l&rsquo;Est Parisien, la Vienne et la Touraine. L\u2019op\u00e9rateur a vendu 1 300 Nissan l&rsquo;an dernier, compte \u00e0 ce jour 733 collaborateurs, et a r\u00e9alis\u00e9 un <strong>chiffre d&rsquo;affaires global de 500 millions d&rsquo;euros en 2024.<\/strong><\/p>\n","protected":false},"excerpt":{"rendered":"Le groupe Sofibrie a inaugur\u00e9 le 8 octobre dernier sa nouvelle concession Nissan \u00e0 Vincennes, en \u00cele-de-France. Reprise&hellip;\n","protected":false},"author":2,"featured_media":467284,"comment_status":"","ping_status":"","sticky":false,"template":"","format":"standard","meta":{"footnotes":""},"categories":[1592],"tags":[1111,11,10573,1777,674,1011,27,10575,59124,662,46644,12,2657,626,25,10572,10576,59125],"class_list":{"0":"post-467283","1":"post","2":"type-post","3":"status-publish","4":"format-standard","5":"has-post-thumbnail","7":"category-ile-de-france","8":"tag-actu","9":"tag-actualites","10":"tag-concession-automobile","11":"tag-eu","12":"tag-europe","13":"tag-fr","14":"tag-france","15":"tag-groupe-de-distribution","16":"tag-groupe-sofibrie","17":"tag-ile-de-france","18":"tag-marche-france","19":"tag-news","20":"tag-nissan","21":"tag-paris","22":"tag-republique-francaise","23":"tag-reseaux-de-concessionnaires","24":"tag-reseaux-de-distribution","25":"tag-reseaux-de-distribution-automobile"},"share_on_mastodon":{"url":"https:\/\/pubeurope.com\/@fr\/115383636119321667","error":""},"_links":{"self":[{"href":"https:\/\/www.europesays.com\/fr\/wp-json\/wp\/v2\/posts\/467283","targetHints":{"allow":["GET"]}}],"collection":[{"href":"https:\/\/www.europesays.com\/fr\/wp-json\/wp\/v2\/posts"}],"about":[{"href":"https:\/\/www.europesays.com\/fr\/wp-json\/wp\/v2\/types\/post"}],"author":[{"embeddable":true,"href":"https:\/\/www.europesays.com\/fr\/wp-json\/wp\/v2\/users\/2"}],"replies":[{"embeddable":true,"href":"https:\/\/www.europesays.com\/fr\/wp-json\/wp\/v2\/comments?post=467283"}],"version-history":[{"count":0,"href":"https:\/\/www.europesays.com\/fr\/wp-json\/wp\/v2\/posts\/467283\/revisions"}],"wp:featuredmedia":[{"embeddable":true,"href":"https:\/\/www.europesays.com\/fr\/wp-json\/wp\/v2\/media\/467284"}],"wp:attachment":[{"href":"https:\/\/www.europesays.com\/fr\/wp-json\/wp\/v2\/media?parent=467283"}],"wp:term":[{"taxonomy":"category","embeddable":true,"href":"https:\/\/www.europesays.com\/fr\/wp-json\/wp\/v2\/categories?post=467283"},{"taxonomy":"post_tag","embeddable":true,"href":"https:\/\/www.europesays.com\/fr\/wp-json\/wp\/v2\/tags?post=467283"}],"curies":[{"name":"wp","href":"https:\/\/api.w.org\/{rel}","templated":true}]}}