{"id":467289,"date":"2025-10-16T11:37:11","date_gmt":"2025-10-16T11:37:11","guid":{"rendered":"https:\/\/www.europesays.com\/fr\/467289\/"},"modified":"2025-10-16T11:37:11","modified_gmt":"2025-10-16T11:37:11","slug":"apres-laffaire-hidalgo-des-maires-indriens-loin-du-faste-parisien","status":"publish","type":"post","link":"https:\/\/www.europesays.com\/fr\/467289\/","title":{"rendered":"apr\u00e8s l\u2019affaire Hidalgo, des maires indriens loin du faste parisien"},"content":{"rendered":"<p>\u00ab\u00a0\u00c7a va \u00eatre vite fait\u00a0: je n\u2019en ai pas\u00a0!\u00a0\u00bb. Interrog\u00e9 quelques jours apr\u00e8s la pol\u00e9mique li\u00e9e aux frais de repr\u00e9sentation d\u2019Anne Hidalgo, Gilles Lherpini\u00e8re met imm\u00e9diatement les choses au clair. Contrairement \u00e0 la maire socialiste de Paris, \u00e9pingl\u00e9e pour avoir notamment <a target=\"_self\" href=\"https:\/\/www.lanouvellerepublique.fr\/a-la-une\/84-000-de-vetements-125-000-de-voyages-anne-hidalgo-va-porter-plainte-apres-des-revelations-sur-ses-notes-de-frais-1758354331\" rel=\"noopener\">d\u00e9pens\u00e9 73.700\u00a0\u20ac en frais vestimentaires<\/a>, son homologue du Blanc a, lui, renonc\u00e9 \u00e0 cette enveloppe destin\u00e9e \u00e0 couvrir les d\u00e9penses dites \u00ab\u00a0protocolaires\u00a0\u00bb des \u00e9lus (1). \u00ab\u00a0Madame Hidalgo fait ce qu\u2019elle veut, mais personnellement, je trouve que c\u2019est une honte\u00a0! Ici m\u00eame les frais de repas sont pay\u00e9s sur nos deniers priv\u00e9s. Quand on se rend \u00e0 un spectacle ou un vernissage avec les \u00e9lus, on paye plein pot. On ne devient pas maire pour s\u2019enrichir sur le dos des citoyens\u00a0\u00bb.<\/p>\n<p>Quand on se rend \u00e0 un spectacle ou un vernissage, on paye plein pot<\/p>\n<p>Gilles Lherpini\u00e8re, maire du Blanc<\/p>\n<p>Depuis que <a target=\"_self\" href=\"https:\/\/www.lanouvellerepublique.fr\/a-la-une\/84-000-de-vetements-125-000-de-voyages-anne-hidalgo-va-porter-plainte-apres-des-revelations-sur-ses-notes-de-frais-1758354331\" rel=\"noopener\">Mediapart<\/a> a r\u00e9v\u00e9l\u00e9 le montant de ses frais de repr\u00e9sentation, Anne Hidalgo est point\u00e9e du doigt. Non pas que l\u2019\u00e9lue socialiste soit dans l\u2019ill\u00e9galit\u00e9 \u2014 elle n\u2019a pas d\u00e9pass\u00e9 le montant de l\u2019enveloppe qui lui \u00e9tait allou\u00e9e \u2014 mais parce qu\u2019\u00e0 l\u2019heure o\u00f9 les Fran\u00e7ais sont appel\u00e9s \u00e0 se serrer la ceinture, la pilule a du mal \u00e0 passer. Y compris aupr\u00e8s des \u00e9lus Indriens que la NR a interrog\u00e9s&#8230;. <\/p>\n<p>    Cet article a \u00e9t\u00e9 tronqu\u00e9. Abonnez-vous pour lire l&rsquo;article complet sur notre site.<\/p>\n<p style=\"margin: 0 !important; padding: 0 !important; font-size: 12px !important;\">Cet article a \u00e9t\u00e9 tronqu\u00e9. Abonnez-vous pour lire l&rsquo;article complet.<\/p>\n<p>    <a href=\"https:\/\/www.lanouvellerepublique.fr\/abonnements\" style=\"display: inline-block; margin-top: 5px !important; padding: 6px 12px !important; background: #cb1c27; color: white; text-decoration: none; border-radius: 4px; font-size: 12px !important;\" target=\"_blank\" rel=\"noopener\"><br \/>\n      S&rsquo;abonner<br \/>\n    <\/a><\/p>\n","protected":false},"excerpt":{"rendered":"\u00ab\u00a0\u00c7a va \u00eatre vite fait\u00a0: je n\u2019en ai pas\u00a0!\u00a0\u00bb. Interrog\u00e9 quelques jours apr\u00e8s la pol\u00e9mique li\u00e9e aux frais&hellip;\n","protected":false},"author":2,"featured_media":467290,"comment_status":"","ping_status":"","sticky":false,"template":"","format":"standard","meta":{"footnotes":""},"categories":[1888],"tags":[1392,11,4351,33,1777,674,1011,27,5052,12,626,316,25],"class_list":{"0":"post-467289","1":"post","2":"type-post","3":"status-publish","4":"format-standard","5":"has-post-thumbnail","7":"category-paris","8":"tag-a-la-une-local","9":"tag-actualites","10":"tag-chateauroux","11":"tag-economie","12":"tag-eu","13":"tag-europe","14":"tag-fr","15":"tag-france","16":"tag-indre","17":"tag-news","18":"tag-paris","19":"tag-politique","20":"tag-republique-francaise"},"share_on_mastodon":{"url":"https:\/\/pubeurope.com\/@fr\/115383647877736595","error":""},"_links":{"self":[{"href":"https:\/\/www.europesays.com\/fr\/wp-json\/wp\/v2\/posts\/467289","targetHints":{"allow":["GET"]}}],"collection":[{"href":"https:\/\/www.europesays.com\/fr\/wp-json\/wp\/v2\/posts"}],"about":[{"href":"https:\/\/www.europesays.com\/fr\/wp-json\/wp\/v2\/types\/post"}],"author":[{"embeddable":true,"href":"https:\/\/www.europesays.com\/fr\/wp-json\/wp\/v2\/users\/2"}],"replies":[{"embeddable":true,"href":"https:\/\/www.europesays.com\/fr\/wp-json\/wp\/v2\/comments?post=467289"}],"version-history":[{"count":0,"href":"https:\/\/www.europesays.com\/fr\/wp-json\/wp\/v2\/posts\/467289\/revisions"}],"wp:featuredmedia":[{"embeddable":true,"href":"https:\/\/www.europesays.com\/fr\/wp-json\/wp\/v2\/media\/467290"}],"wp:attachment":[{"href":"https:\/\/www.europesays.com\/fr\/wp-json\/wp\/v2\/media?parent=467289"}],"wp:term":[{"taxonomy":"category","embeddable":true,"href":"https:\/\/www.europesays.com\/fr\/wp-json\/wp\/v2\/categories?post=467289"},{"taxonomy":"post_tag","embeddable":true,"href":"https:\/\/www.europesays.com\/fr\/wp-json\/wp\/v2\/tags?post=467289"}],"curies":[{"name":"wp","href":"https:\/\/api.w.org\/{rel}","templated":true}]}}