{"id":467291,"date":"2025-10-16T11:38:12","date_gmt":"2025-10-16T11:38:12","guid":{"rendered":"https:\/\/www.europesays.com\/fr\/467291\/"},"modified":"2025-10-16T11:38:12","modified_gmt":"2025-10-16T11:38:12","slug":"avec-son-nouvel-atelier-a-paris-le-groupe-estee-lauder-mise-sur-une-acceleration-de-linnovation-pour-ses-parfums","status":"publish","type":"post","link":"https:\/\/www.europesays.com\/fr\/467291\/","title":{"rendered":"Avec son nouvel Atelier \u00e0 Paris, le groupe Est\u00e9e Lauder mise sur une acc\u00e9l\u00e9ration de l&rsquo;innovation pour ses parfums"},"content":{"rendered":"<p>\n                                        <b>Par<\/b><br \/>\n                                        <br \/>AFP\n                                    <\/p>\n<p>\n                                    <b>Publi\u00e9 le<\/b><br \/>\n                                    <\/p>\n<p>                                        16 octobre 2025<\/p>\n<p class=\"article-content col-md-8 offset-md-1\">\n                                L&rsquo;acc\u00e9l\u00e9ration figure dans les ma\u00eetres-mots du vocabulaire strat\u00e9gique de St\u00e9phane de La Faverie. Et le directeur g\u00e9n\u00e9ral du groupe am\u00e9ricain de cosm\u00e9tiques Est\u00e9e Lauder entend s&rsquo;appuyer sur l&rsquo;innovation pour acc\u00e9l\u00e9rer la mise sur le march\u00e9 des produits des marques du g\u00e9ant du secteur.\u00a0<img decoding=\"async\" class=\"news-image\" style=\"width:100%;max-width:645px;\" src=\"https:\/\/www.europesays.com\/fr\/wp-content\/uploads\/2025\/10\/f29c.jpg\" alt=\"Le groupe a investi un immeuble haussmannien de cinq \u00e9tages au c\u0153ur de Paris\" loading=\"lazy\"\/>Le groupe a investi un immeuble haussmannien de cinq \ufffdtages au c?ur de Paris &#8211; Est\ufffde LauderCette semaine \u00e0 l&rsquo;occasion de l&rsquo;inauguration de l&rsquo;Atelier de la maison des parfums d&rsquo;Est\u00e9e Lauder, le dirigeant qui pilote le groupe depuis le d\u00e9but d&rsquo;ann\u00e9e et a pr\u00e9sent\u00e9 en f\u00e9vrier un plan de relance et de r\u00e9organisation nomm\u00e9 Beauty Reimagined, qui vise \u00e0 mettre l&rsquo;innovation au c\u0153ur de la strat\u00e9gie du groupe, a annonc\u00e9: \u00ab\u00a0nous allons tripler le nombre de nouveaux lancements en moins d&rsquo;un an\u00a0\u00bb.\n                            <\/p>\n<p>        <img decoding=\"async\" class=\"premium-icon__img\" src=\"https:\/\/fr.fashionnetwork.com\/fashion_build\/img\/common\/base\/label_premium.svg\" alt=\"fashionnetwork premium logo\"\/><\/p>\n<p>Devenez membre Premium<\/p>\n<p>Ce contenu est r\u00e9serv\u00e9 aux abonn\u00e9s Premium.<br \/>\nMerci de vous connecter ou de vous inscrire pour y acc\u00e9der.<\/p>\n<p class=\"tw-text-grey\">*1\u00a0\u20ac TTC le premier mois, puis 19,90\u00a0\u20ac\/mois pour 1 email, 39,90\u00a0\u20ac\/mois pour 2 \u00e0 5 emails, 69,90\u00a0\u20ac\/mois pour 6 \u00e0 20 emails.<\/p>\n<p class=\"newsCopyright family-paragraph col-md-10\">\n                                Tous droits de reproduction et de repr\u00e9sentation r\u00e9serv\u00e9s.<br \/>\u00a9 2025 Agence France-Presse<br \/>Toutes les informations reproduites dans cette rubrique (ou sur cette page selon le cas) sont prot\u00e9g\u00e9es par des droits de propri\u00e9t\u00e9 intellectuelle d\u00e9tenus par l&rsquo;AFP. Par cons\u00e9quent, aucune de ces informations ne peut \u00eatre reproduite, modifi\u00e9e, rediffus\u00e9e, traduite, exploit\u00e9e commercialement ou r\u00e9utilis\u00e9e de quelque mani\u00e8re que ce soit sans l&rsquo;accord pr\u00e9alable \u00e9crit de l&rsquo;AFP. L&rsquo;AFP ne pourra \u00eatre tenue pour responsable des d\u00e9lais, erreurs, omissions qui ne peuvent \u00eatre exclus, ni des cons\u00e9quences des actions ou transactions effectu\u00e9es sur la base de ces informations.\n                            <\/p>\n","protected":false},"excerpt":{"rendered":"Par AFP Publi\u00e9 le 16 octobre 2025 L&rsquo;acc\u00e9l\u00e9ration figure dans les ma\u00eetres-mots du vocabulaire strat\u00e9gique de St\u00e9phane de&hellip;\n","protected":false},"author":2,"featured_media":467292,"comment_status":"","ping_status":"","sticky":false,"template":"","format":"standard","meta":{"footnotes":""},"categories":[1888],"tags":[11,59135,2424,58691,6859,537,2423,59133,58690,1777,674,1011,27,59136,59134,35056,2425,985,12,2298,626,59132,2426,2427,25,2421,2422],"class_list":{"0":"post-467291","1":"post","2":"type-post","3":"status-publish","4":"format-standard","5":"has-post-thumbnail","7":"category-paris","8":"tag-actualites","9":"tag-aerin-lauder","10":"tag-beaute","11":"tag-by-kilian","12":"tag-celine","13":"tag-contact","14":"tag-cosmetiques","15":"tag-coty","16":"tag-estee-lauder","17":"tag-eu","18":"tag-europe","19":"tag-fr","20":"tag-france","21":"tag-frederic-malle","22":"tag-jo-malone","23":"tag-latelier","24":"tag-luxe","25":"tag-mode","26":"tag-news","27":"tag-parfum","28":"tag-paris","29":"tag-procter-gamble","30":"tag-professionnel","31":"tag-professionnels","32":"tag-republique-francaise","33":"tag-reseau","34":"tag-textile"},"share_on_mastodon":{"url":"https:\/\/pubeurope.com\/@fr\/115383652573938205","error":""},"_links":{"self":[{"href":"https:\/\/www.europesays.com\/fr\/wp-json\/wp\/v2\/posts\/467291","targetHints":{"allow":["GET"]}}],"collection":[{"href":"https:\/\/www.europesays.com\/fr\/wp-json\/wp\/v2\/posts"}],"about":[{"href":"https:\/\/www.europesays.com\/fr\/wp-json\/wp\/v2\/types\/post"}],"author":[{"embeddable":true,"href":"https:\/\/www.europesays.com\/fr\/wp-json\/wp\/v2\/users\/2"}],"replies":[{"embeddable":true,"href":"https:\/\/www.europesays.com\/fr\/wp-json\/wp\/v2\/comments?post=467291"}],"version-history":[{"count":0,"href":"https:\/\/www.europesays.com\/fr\/wp-json\/wp\/v2\/posts\/467291\/revisions"}],"wp:featuredmedia":[{"embeddable":true,"href":"https:\/\/www.europesays.com\/fr\/wp-json\/wp\/v2\/media\/467292"}],"wp:attachment":[{"href":"https:\/\/www.europesays.com\/fr\/wp-json\/wp\/v2\/media?parent=467291"}],"wp:term":[{"taxonomy":"category","embeddable":true,"href":"https:\/\/www.europesays.com\/fr\/wp-json\/wp\/v2\/categories?post=467291"},{"taxonomy":"post_tag","embeddable":true,"href":"https:\/\/www.europesays.com\/fr\/wp-json\/wp\/v2\/tags?post=467291"}],"curies":[{"name":"wp","href":"https:\/\/api.w.org\/{rel}","templated":true}]}}