{"id":467295,"date":"2025-10-16T11:40:18","date_gmt":"2025-10-16T11:40:18","guid":{"rendered":"https:\/\/www.europesays.com\/fr\/467295\/"},"modified":"2025-10-16T11:40:18","modified_gmt":"2025-10-16T11:40:18","slug":"des-missiles-tomahawk-pour-lukraine-les-hauts-responsables-de-kiev-ont-echange-avec-raytheon-et-lockheed-martin-16-10-2025-a-1250","status":"publish","type":"post","link":"https:\/\/www.europesays.com\/fr\/467295\/","title":{"rendered":"Des missiles Tomahawk pour l&rsquo;Ukraine ? Les hauts-responsables de Kiev ont \u00e9chang\u00e9 avec Raytheon et Lockheed Martin &#8211; 16\/10\/2025 \u00e0 12:50"},"content":{"rendered":"<p> Les c\u00e9l\u00e8bres missiles, embl\u00e9matiques de la puissance de feu am\u00e9ricaine en mati\u00e8re de force de frappe \u00e0 longue port\u00e9e, ont fait leur apparition dans les n\u00e9gociations entre Kiev et Washington.<\/p>\n<p>        <img fetchpriority=\"high\" decoding=\"async\" src=\"https:\/\/www.europesays.com\/fr\/wp-content\/uploads\/2025\/10\/3a2cb2bd972ea66a26a343b98a26c109-760x507.jpg\" alt=\"Volodymyr Zelensky and US et Donald Trump, \u00e0 la Washington DC, le 18 ao\u00fbt 2025 ( AFP \/ MANDEL NGAN )\" loading=\"eager\" width=\"760\" height=\"507\" style=\"max-width: 100%!important; height: auto;\"\/><\/p>\n<p class=\"c-image-news__legend\">Volodymyr Zelensky and US et Donald Trump, \u00e0 la Washington DC, le 18 ao\u00fbt 2025 ( AFP \/ MANDEL NGAN )<\/p>\n<p>\n Nouvel \u00e9pisode dans les relations fluctuantes entre Kiev et l&rsquo;administration Trump, la possible livraison \u00e0 l&rsquo;arm\u00e9e ukrainienne de missiles Tomahawk sera le \u00ab\u00a0sujet principal\u00a0\u00bb de la rencontre entre le pr\u00e9sident ukrainien Volodymyr Zelensky et son homologue am\u00e9ricain Donald Trump vendredi 16 octobre, \u00e0 Washington, a indiqu\u00e9 jeudi 16 octobre \u00e0 l&rsquo;AFP un haut responsable ukrainien. Cette nouvelle entrevue \u00e0 venir entre les deux chefs d&rsquo;Etat fait suite, selon Kiev \u00e0 des \u00e9changes pr\u00e9alables entre des repr\u00e9sentants militaires ukrainiens et des poids-lourds du complexe militaro-industriel am\u00e9ricain.\n<\/p>\n<p>\n <strong><br \/>\n  Une d\u00e9l\u00e9gation de hauts responsables ukrainiens venue cette semaine \u00e0 Washington s&rsquo;est ainsi entretenue notamment avec les soci\u00e9t\u00e9s Lockheed Martin et Raytheon, qui produit les Tomahawk.<br \/>\n <\/strong>\n<\/p>\n<p>\n Entr\u00e9s en service au d\u00e9but des ann\u00e9es 80, ces missiles de croisi\u00e8re \u00e0 longue port\u00e9e ont \u00e9t\u00e9 d\u00e9ploy\u00e9s sur une multitude de th\u00e9\u00e2tres d&rsquo;op\u00e9ration par l&rsquo;arm\u00e9e am\u00e9ricaine, depuis leur premi\u00e8re utilisation en 1991 contre l&rsquo;Irak de Saddam Hussein, lors de l&rsquo;op\u00e9ration \u00ab\u00a0Temp\u00eate du D\u00e9sert\u00a0\u00bb pendant la Guerre du golfe.\n<\/p>\n<p>\n \u00ab\u00a0Globalement, le sujet principal (de la rencontre Trump\/Zelensky, ndlr) est celui des Tomahawk. Bien s\u00fbr, il y a aussi la question des (syst\u00e8mes de d\u00e9fense antia\u00e9rienne) Patriot\u00a0\u00bb, a assur\u00e9 ce haut responsable. Volodymyr Zelensky doit arriver \u00e0 Washington d\u00e8s jeudi et rencontrer dans un premier temps des repr\u00e9sentants des industries de d\u00e9fense, a pr\u00e9cis\u00e9 ce responsable sous couvert d&rsquo;anonymat.\n<\/p>\n<p>        <img decoding=\"async\" src=\"https:\/\/www.europesays.com\/fr\/wp-content\/uploads\/2025\/10\/0f1c868a9102c0939c10323c009af35a-760x533.jpg\" alt=\"(  \/  )\" loading=\"eager\" width=\"760\" height=\"533\" style=\"max-width: 100%!important; height: auto;\"\/><\/p>\n<p class=\"c-image-news__legend\">(  \/  )<\/p>\n<p>\n Avec les industriels am\u00e9ricains, le pr\u00e9sident ukrainien discutera \u00ab\u00a0du moment o\u00f9 de v\u00e9ritables approvisionnements seront possibles\u00a0\u00bb, mais ces entreprises \u00ab\u00a0ont besoin d&rsquo;un signal politique\u00a0\u00bb, selon lui. Ce responsable ukrainien a refus\u00e9 de dire le nombre de missiles de longue port\u00e9e Tomahawk que Kiev comptait recevoir.<br \/>\n <strong><br \/>\n  \u00ab\u00a0Suffisamment pour que Poutine le sente\u00a0\u00bb,<br \/>\n <\/strong><br \/>\n a-t-il simplement d\u00e9clar\u00e9.\n<\/p>\n<p>\n Le pr\u00e9sident russe Vladimir Poutine a mis en garde contre la fourniture de Tomahawk \u00e0 Kiev, affirmant que cela constituerait \u00ab\u00a0une nouvelle escalade\u00a0\u00bb et affecterait les relations entre Washington et Moscou.\n<\/p>\n<p> Des relations Washington-Kiev \u00ab\u00a0tr\u00e8s pragmatiques\u00a0\u00bb<\/p>\n<p>\n L&rsquo;Ukraine est vis\u00e9e depuis une dizaine de jours par davantage d&rsquo;attaques russes visant ses infrastructures \u00e9nerg\u00e9tiques, qui menacent de priver de lumi\u00e8re et de chauffage les Ukrainiens \u00e0 l&rsquo;approche de l&rsquo;hiver.\n<\/p>\n<p>\n Dans la nuit de mercredi \u00e0 jeudi, la Russie a tir\u00e9 une s\u00e9rie de 320 drones et 37 missiles, selon l&rsquo;arm\u00e9e de l&rsquo;air ukrainienne, qui a soulign\u00e9 que 283 drones et cinq missiles avaient \u00e9t\u00e9 abattus.\n<\/p>\n<p>\n Pour faire face \u00e0 ces frappes massives, les Ukrainiens veulent renforcer l&rsquo;efficacit\u00e9 de leurs d\u00e9fenses antia\u00e9riennes. Le pr\u00e9sident Zelensky accuse Moscou de vouloir \u00ab\u00a0semer le chaos\u00a0\u00bb au sein de la population avec ces bombardements, qui ont aussi mis \u00e0 mal le secteur gazier ukrainien. Dimanche dernier,<br \/>\n <strong><br \/>\n  Donald Trump avait assur\u00e9 qu&rsquo;il pourrait menacer Vladimir Poutine de livrer \u00e0 Kiev des Tomahawk,<br \/>\n <\/strong><br \/>\n s&rsquo;il n&rsquo;acceptait pas de mettre fin \u00e0 la guerre d\u00e9clench\u00e9e par l&rsquo;invasion russe de l&rsquo;Ukraine en 2022. Il s&rsquo;agira vendredi de la troisi\u00e8me rencontre Zelensky-Trump depuis le retour de Donald Trump \u00e0 la Maison Blanche en janvier.\n<\/p>\n<p>\n Actuellement les relations Kiev-Washington sont \u00ab\u00a0tr\u00e8s pragmatiques\u00a0\u00bb, selon le responsable ukrainien interrog\u00e9 par l&rsquo;AFP.<br \/>\n <strong><br \/>\n  \u00ab\u00a0Il semble que les Am\u00e9ricains estiment qu&rsquo;aider l&rsquo;Ukraine leur rapporte des points, et que faire pression sur la Russie contribuera \u00e0 mettre fin \u00e0 tout cela\u00a0\u00bb,<br \/>\n <\/strong><br \/>\n a-t-il encore soulign\u00e9.<\/p>\n","protected":false},"excerpt":{"rendered":"Les c\u00e9l\u00e8bres missiles, embl\u00e9matiques de la puissance de feu am\u00e9ricaine en mati\u00e8re de force de frappe \u00e0 longue&hellip;\n","protected":false},"author":2,"featured_media":467296,"comment_status":"","ping_status":"","sticky":false,"template":"","format":"standard","meta":{"footnotes":""},"categories":[1590],"tags":[400,11,398,408,405,1777,674,403,402,399,404,12,401,406,220,407],"class_list":{"0":"post-467295","1":"post","2":"type-post","3":"status-publish","4":"format-standard","5":"has-post-thumbnail","7":"category-ukraine","8":"tag-action-cac-40","9":"tag-actualites","10":"tag-bourse-de-paris","11":"tag-boursorama","12":"tag-cotations","13":"tag-eu","14":"tag-europe","15":"tag-indices-devises","16":"tag-investir","17":"tag-investissement","18":"tag-marche-boursier","19":"tag-news","20":"tag-sicav","21":"tag-trackers","22":"tag-ukraine","23":"tag-warrants"},"share_on_mastodon":{"url":"https:\/\/pubeurope.com\/@fr\/115383660286688952","error":""},"_links":{"self":[{"href":"https:\/\/www.europesays.com\/fr\/wp-json\/wp\/v2\/posts\/467295","targetHints":{"allow":["GET"]}}],"collection":[{"href":"https:\/\/www.europesays.com\/fr\/wp-json\/wp\/v2\/posts"}],"about":[{"href":"https:\/\/www.europesays.com\/fr\/wp-json\/wp\/v2\/types\/post"}],"author":[{"embeddable":true,"href":"https:\/\/www.europesays.com\/fr\/wp-json\/wp\/v2\/users\/2"}],"replies":[{"embeddable":true,"href":"https:\/\/www.europesays.com\/fr\/wp-json\/wp\/v2\/comments?post=467295"}],"version-history":[{"count":0,"href":"https:\/\/www.europesays.com\/fr\/wp-json\/wp\/v2\/posts\/467295\/revisions"}],"wp:featuredmedia":[{"embeddable":true,"href":"https:\/\/www.europesays.com\/fr\/wp-json\/wp\/v2\/media\/467296"}],"wp:attachment":[{"href":"https:\/\/www.europesays.com\/fr\/wp-json\/wp\/v2\/media?parent=467295"}],"wp:term":[{"taxonomy":"category","embeddable":true,"href":"https:\/\/www.europesays.com\/fr\/wp-json\/wp\/v2\/categories?post=467295"},{"taxonomy":"post_tag","embeddable":true,"href":"https:\/\/www.europesays.com\/fr\/wp-json\/wp\/v2\/tags?post=467295"}],"curies":[{"name":"wp","href":"https:\/\/api.w.org\/{rel}","templated":true}]}}