{"id":467304,"date":"2025-10-16T11:45:14","date_gmt":"2025-10-16T11:45:14","guid":{"rendered":"https:\/\/www.europesays.com\/fr\/467304\/"},"modified":"2025-10-16T11:45:14","modified_gmt":"2025-10-16T11:45:14","slug":"la-chaumiere-devient-la-vouivre-un-pub-chaleureux-et-responsable","status":"publish","type":"post","link":"https:\/\/www.europesays.com\/fr\/467304\/","title":{"rendered":"La Chaumi\u00e8re devient La Vouivre, un pub chaleureux et responsable"},"content":{"rendered":"<p>L\u2019endroit a du cachet, c\u2019est ind\u00e9niable. Son architecture montagnarde, massive, mais compacte, sa croupe de ferme comtoise et son bardage en bois sont impossibles \u00e0 ignorer. Claudio Boil ne vient pas de le d\u00e9couvrir. Voil\u00e0 trente ans qu\u2019il passe devant le restaurant La Chaumi\u00e8re sans jamais s\u2019y arr\u00eater. \u00ab\u00a0Je viens dans le coin pour faire du ski, de la randonn\u00e9e, je connais bien\u00a0\u00bb, assure-t-il. \u00ab\u00a0J\u2019ai vu le potentiel, le charme de la b\u00e2tisse, mais \u00e0 chaque fois que je passais, c\u2019\u00e9tait \u00e0 des heures o\u00f9 c\u2019\u00e9tait ferm\u00e9.\u00a0\u00bb<\/p>\n<p>Alors, quand le couple qui tenait l\u2019\u00e9tablissement a d\u00e9cid\u00e9 de vendre, Claudio a saut\u00e9 sur l\u2019occasion\u00a0: \u00ab\u00a0\u00c7a faisait d\u00e9j\u00e0 un petit moment que je me disais que si une belle opportunit\u00e9 se pr\u00e9sentait, il faudrait y aller. Je regardais ce qu\u2019il y avait sur le march\u00e9 depuis un an ou deux. J\u2019avais eu un coup de c\u0153ur pour ce lieu et c\u2019\u00e9tait l\u2019id\u00e9al pour un pub.\u00a0\u00bb Ancien g\u00e9rant du <a href=\"https:\/\/www.estrepublicain.fr\/faits-divers-justice\/2025\/05\/06\/bagarres-insultes-vandalisme-un-patron-de-bar-arrete-les-retransmissions-de-foot\" target=\"_blank\" rel=\"noopener\">Madigan\u2019s<\/a>, place Saint-Pierre, \u00e0 Besan\u00e7on, il a donc pu lancer sa propre affaire.<\/p>\n<p>  Jeux, danse et biathlon<\/p>\n<p>Le bar s\u2019appelle <a href=\"https:\/\/www.estrepublicain.fr\/insolite\/2024\/09\/14\/insolite-la-legende-de-la-vouivre-renait-dans-la-foret-de-mandeure\" target=\"_blank\" rel=\"noopener\">La Vouivre<\/a>, en r\u00e9f\u00e9rence \u00e0 cette figure mythologique franc-comtoise qui garde de fabuleux tr\u00e9sors. Ceux dont regorge le Haut-Doubs, certainement. \u00ab\u00a0C\u2019est convivial, chaleureux. On a cass\u00e9 la cuisine, qui \u00e9tait carrel\u00e9e, on a rajout\u00e9 de l\u2018\u00e9pic\u00e9a, donc on est rest\u00e9 dans l\u2019esprit bois, chalet du Haut-Doubs\u00a0\u00bb, explique le g\u00e9rant, tranquillement accoud\u00e9 \u00e0 son propre comptoir. \u00ab\u00a0Il n\u2019y a m\u00eame pas besoin d\u2019en faire beaucoup plus au niveau de la d\u00e9co, parce qu\u2019elle se suffit \u00e0 elle-m\u00eame.\u00a0\u00bb<\/p>\n<p>Ce contenu est bloqu\u00e9 car vous n&rsquo;avez pas accept\u00e9 les cookies et autres traceurs.<\/p>\n<p>En cliquant sur \u00ab J\u2019accepte \u00bb, les cookies et autres traceurs seront d\u00e9pos\u00e9s et vous pourrez visualiser les contenus  (<a href=\"\" class=\"consentModule_policy\" target=\"_blank\" title=\"Consulter la politique de protection des donn\u00e9es du fournisseur\">plus d&rsquo;informations<\/a>).<\/p>\n<p>En cliquant sur \u00ab J\u2019accepte tous les cookies \u00bb, vous autorisez des d\u00e9p\u00f4ts de cookies et autres traceurs pour le stockage de vos donn\u00e9es sur nos sites et applications \u00e0 des fins de personnalisation et de ciblage publicitaire.<\/p>\n<p class=\"consentModule_secondaryText\">Vous gardez la possibilit\u00e9 de retirer votre consentement \u00e0 tout moment en consultant notre <a href=\"https:\/\/www.estrepublicain.fr\/protection-des-donnees\" target=\"_blank\" title=\"Consulter notre politique de protection des donn\u00e9es\" rel=\"noopener\">politique de protection des donn\u00e9es<\/a>. <br \/>&#13;<br \/>\n            <a href=\"https:\/\/www.estrepublicain.fr\/economie\/2025\/10\/16\/javascript:Didomi.notice.show()\" class=\"consentModule_cmp\" target=\"_blank\" rel=\"noopener\">G\u00e9rer mes choix<\/a>&#13;\n        <\/p>\n<p>&#13;<br \/>\n                        J&rsquo;accepte&#13;<br \/>\n            J&rsquo;accepte tous les cookies&#13;\n        <\/p>\n<p class=\"txt\">M\u00eame un vieux monsieur de 85 ans avait \u00e0 c\u0153ur de venir voir\u00a0l\u2019\u00e9tablissement.<\/p>\n<p>D\u00e8s l\u2019ouverture, le vendredi 3\u00a0octobre, le pub a pris vie. Plus d\u2019une centaine de personnes, venues de villages alentour comme M\u00e9tabief, Longeville, jusqu\u2018\u00e0 Labergement-Sainte-Marie, et m\u00eame de Suisse, ont d\u00e9couvert l\u2019endroit pendant que la chanteuse M\u2019\u00c9lodie reprenait des tubes internationaux sur la petite estrade. \u00ab\u00a0On a eu des gens de tous les \u00e2ges, c\u2019\u00e9tait tr\u00e8s h\u00e9t\u00e9roclite. L\u2019esprit pub, je crois que \u00e7a parle \u00e0 beaucoup de monde. Ils n\u2019ont pas h\u00e9sit\u00e9 \u00e0 pousser un peu les tables et se sont m\u00e9lang\u00e9s. C\u2019\u00e9tait vraiment une super ambiance. L\u2019autre jour, il y avait m\u00eame un vieux monsieur de 85 ans qu\u2019on a aid\u00e9 \u00e0 descendre les marches. Il avait \u00e0 c\u0153ur de venir voir ce nouvel \u00e9tablissement.\u00a0\u00bb<\/p>\n<p>Des soir\u00e9es karaok\u00e9, concerts et jeux seront organis\u00e9s tous les mois. La prochaine sera \u00e9videmment pour Halloween. En journ\u00e9e, La Vouivre souhaite s\u2019inscrire comme un lieu accueillant pour suivre le biathlon l\u2019hiver, et notamment les exploits de la championne locale <a href=\"https:\/\/www.estrepublicain.fr\/p\/lou-jeanmonnot\" target=\"_blank\" rel=\"noopener\">Lou Jeanmonnot<\/a>. Bien s\u00fbr, les autres sports (foot, rugby\u2026) y seront aussi diffus\u00e9s.<\/p>\n","protected":false},"excerpt":{"rendered":"L\u2019endroit a du cachet, c\u2019est ind\u00e9niable. Son architecture montagnarde, massive, mais compacte, sa croupe de ferme comtoise et&hellip;\n","protected":false},"author":2,"featured_media":467305,"comment_status":"","ping_status":"","sticky":false,"template":"","format":"standard","meta":{"footnotes":""},"categories":[1586],"tags":[11,47844,4406,33,14383,14384,1777,674,1779,1011,27,59137,12,25,1778,364],"class_list":{"0":"post-467304","1":"post","2":"type-post","3":"status-publish","4":"format-standard","5":"has-post-thumbnail","7":"category-europe","8":"tag-actualites","9":"tag-cc-des-lacs-et-montagnes-du-haut-doubs-25a","10":"tag-commerce-et-services","11":"tag-economie","12":"tag-edition-besancon","13":"tag-edition-pontarlier-haut-doubs","14":"tag-eu","15":"tag-europe","16":"tag-european-union","17":"tag-fr","18":"tag-france","19":"tag-les-hopitaux-neufs","20":"tag-news","21":"tag-republique-francaise","22":"tag-ue","23":"tag-union-europeenne"},"share_on_mastodon":{"url":"https:\/\/pubeurope.com\/@fr\/115383679349501694","error":""},"_links":{"self":[{"href":"https:\/\/www.europesays.com\/fr\/wp-json\/wp\/v2\/posts\/467304","targetHints":{"allow":["GET"]}}],"collection":[{"href":"https:\/\/www.europesays.com\/fr\/wp-json\/wp\/v2\/posts"}],"about":[{"href":"https:\/\/www.europesays.com\/fr\/wp-json\/wp\/v2\/types\/post"}],"author":[{"embeddable":true,"href":"https:\/\/www.europesays.com\/fr\/wp-json\/wp\/v2\/users\/2"}],"replies":[{"embeddable":true,"href":"https:\/\/www.europesays.com\/fr\/wp-json\/wp\/v2\/comments?post=467304"}],"version-history":[{"count":0,"href":"https:\/\/www.europesays.com\/fr\/wp-json\/wp\/v2\/posts\/467304\/revisions"}],"wp:featuredmedia":[{"embeddable":true,"href":"https:\/\/www.europesays.com\/fr\/wp-json\/wp\/v2\/media\/467305"}],"wp:attachment":[{"href":"https:\/\/www.europesays.com\/fr\/wp-json\/wp\/v2\/media?parent=467304"}],"wp:term":[{"taxonomy":"category","embeddable":true,"href":"https:\/\/www.europesays.com\/fr\/wp-json\/wp\/v2\/categories?post=467304"},{"taxonomy":"post_tag","embeddable":true,"href":"https:\/\/www.europesays.com\/fr\/wp-json\/wp\/v2\/tags?post=467304"}],"curies":[{"name":"wp","href":"https:\/\/api.w.org\/{rel}","templated":true}]}}