{"id":467310,"date":"2025-10-16T11:48:12","date_gmt":"2025-10-16T11:48:12","guid":{"rendered":"https:\/\/www.europesays.com\/fr\/467310\/"},"modified":"2025-10-16T11:48:12","modified_gmt":"2025-10-16T11:48:12","slug":"la-france-va-naviguer-a-vue-jusqua-la-presidentielle-de-2027-liberation","status":"publish","type":"post","link":"https:\/\/www.europesays.com\/fr\/467310\/","title":{"rendered":"\u00abLa France va naviguer \u00e0 vue jusqu\u2019\u00e0 la pr\u00e9sidentielle de\u00a02027\u00bb \u2013 Lib\u00e9ration"},"content":{"rendered":"<p class=\"sc-cPiKLX AiZTS text-element\">Ancien conseiller sp\u00e9cial de Fran\u00e7ois Mitterrand et soutien de la premi\u00e8re heure d\u2019Emmanuel Macron, Jacques Attali analyse le chaos politique des derni\u00e8res semaines. L\u2019essayiste, qui vient de diriger France 2040. Fragments d\u2019avenir (\u00abFrance positive\u00bb, Flammarion), un ouvrage collectif pour penser le futur du pays dans des domaines aussi vari\u00e9s que la d\u00e9mocratie, l\u2019enfance, le handicap ou le climat, salue la d\u00e9cision du Premier ministre de <a href=\"https:\/\/www.liberation.fr\/politique\/lecornu-propose-la-suspension-complete-de-la-reforme-des-retraites-20251014_J2EK3POT2ZDMHCZO52HSLC7T7U\/\" target=\"_blank\" rel=\"nofollow noopener\" title=\"https:\/\/www.liberation.fr\/politique\/lecornu-propose-la-suspension-complete-de-la-reforme-des-retraites-20251014_J2EK3POT2ZDMHCZO52HSLC7T7U\/\">suspendre la r\u00e9forme des retraites<\/a> afin d\u2019\u00e9viter la censure. Et appelle les partis politiques \u00e0 plancher d\u2019ores et d\u00e9j\u00e0 sur des projets de soci\u00e9t\u00e9s \u00absocialement justes\u00bb en vue de la prochaine pr\u00e9sidentielle. <\/p>\n<p class=\"sc-cPiKLX AiZTS text-element\">C\u2019est la moins mauvaise solution possible, sachant qu\u2019il n\u2019y en avait aucune de vraiment bonne.<\/p>\n","protected":false},"excerpt":{"rendered":"Ancien conseiller sp\u00e9cial de Fran\u00e7ois Mitterrand et soutien de la premi\u00e8re heure d\u2019Emmanuel Macron, Jacques Attali analyse le&hellip;\n","protected":false},"author":2,"featured_media":467311,"comment_status":"","ping_status":"","sticky":false,"template":"","format":"standard","meta":{"footnotes":""},"categories":[4],"tags":[11,416,25548,7756,1073,1011,27,418,780,12,25,2848,11067],"class_list":{"0":"post-467310","1":"post","2":"type-post","3":"status-publish","4":"format-standard","5":"has-post-thumbnail","7":"category-france","8":"tag-actualites","9":"tag-assemblee-nationale","10":"tag-budget-public","11":"tag-democratie","12":"tag-emmanuel-macron","13":"tag-fr","14":"tag-france","15":"tag-gouvernement","16":"tag-lfi","17":"tag-news","18":"tag-republique-francaise","19":"tag-rn","20":"tag-sebastien-lecornu"},"share_on_mastodon":{"url":"https:\/\/pubeurope.com\/@fr\/115383691017974475","error":""},"_links":{"self":[{"href":"https:\/\/www.europesays.com\/fr\/wp-json\/wp\/v2\/posts\/467310","targetHints":{"allow":["GET"]}}],"collection":[{"href":"https:\/\/www.europesays.com\/fr\/wp-json\/wp\/v2\/posts"}],"about":[{"href":"https:\/\/www.europesays.com\/fr\/wp-json\/wp\/v2\/types\/post"}],"author":[{"embeddable":true,"href":"https:\/\/www.europesays.com\/fr\/wp-json\/wp\/v2\/users\/2"}],"replies":[{"embeddable":true,"href":"https:\/\/www.europesays.com\/fr\/wp-json\/wp\/v2\/comments?post=467310"}],"version-history":[{"count":0,"href":"https:\/\/www.europesays.com\/fr\/wp-json\/wp\/v2\/posts\/467310\/revisions"}],"wp:featuredmedia":[{"embeddable":true,"href":"https:\/\/www.europesays.com\/fr\/wp-json\/wp\/v2\/media\/467311"}],"wp:attachment":[{"href":"https:\/\/www.europesays.com\/fr\/wp-json\/wp\/v2\/media?parent=467310"}],"wp:term":[{"taxonomy":"category","embeddable":true,"href":"https:\/\/www.europesays.com\/fr\/wp-json\/wp\/v2\/categories?post=467310"},{"taxonomy":"post_tag","embeddable":true,"href":"https:\/\/www.europesays.com\/fr\/wp-json\/wp\/v2\/tags?post=467310"}],"curies":[{"name":"wp","href":"https:\/\/api.w.org\/{rel}","templated":true}]}}