{"id":467312,"date":"2025-10-16T11:50:10","date_gmt":"2025-10-16T11:50:10","guid":{"rendered":"https:\/\/www.europesays.com\/fr\/467312\/"},"modified":"2025-10-16T11:50:10","modified_gmt":"2025-10-16T11:50:10","slug":"tours-vb-luca-ramon-leader-revele","status":"publish","type":"post","link":"https:\/\/www.europesays.com\/fr\/467312\/","title":{"rendered":"Tours VB : Luca Ramon, leader r\u00e9v\u00e9l\u00e9"},"content":{"rendered":"<p>Depuis qu\u2019il a rejoint le Tours Volley-Ball en 2020, Zeljko Coric l\u2019incarne particuli\u00e8rement. En capitaine exigeant, voire intransigeant, il s\u2019est pos\u00e9 comme le gardien du temple. Mais le TVB peut aussi compter sur une autre figure pour lui montrer le chemin, celle de Luca Ramon.<\/p>\n<p>Le style est diff\u00e9rent, l\u2019histoire aussi puisque le Saint-Avertinois et fils de St\u00e9phane \u00e9volue depuis deux ans dans \u00ab\u00a0son\u00a0\u00bb club, dans cette salle Grenon qu\u2019il arpentait gamin. Mais au regard de la saison derni\u00e8re, tant dans le niveau de jeu qu\u2019il a affich\u00e9 (et qui lui a valu d\u2019\u00eatre d\u00e9sign\u00e9 meilleur libero de MSL) que dans son affirmation sur et hors du terrain, Luca Ramon se pose assur\u00e9ment, \u00e0 25\u00a0ans, en leader de ce TVB version 2025-2026.<\/p>\n<p class=\"interview\">Luca, vous d\u00e9marrez votre troisi\u00e8me saison \u00e0 Tours, est-ce toujours aussi sp\u00e9cial pour vous\u00a0?<\/p>\n<p>\u00ab\u00a0Oui bien s\u00fbr, je ne m\u2019en lasse pas. Toutes les saisons sont diff\u00e9rentes. J\u2019arrive la premi\u00e8re ann\u00e9e, hyper excit\u00e9\u00a0; la deuxi\u00e8me, il faut rebondir apr\u00e8s l\u2019\u00e9chec du titre\u00a0; et maintenant, la troisi\u00e8me ann\u00e9e, il faut confirmer apr\u00e8s le titre gagn\u00e9. Ce sont trois sentiments diff\u00e9rents, mais toujours la m\u00eame approche, avec beaucoup de fiert\u00e9, beaucoup d\u2019humilit\u00e9 et de travail.\u00a0\u00bb<\/p>\n<p class=\"interview\">Cette \u00e9quipe est renouvel\u00e9e de moiti\u00e9, avec beaucoup de jeunes. Cela ne vous conf\u00e8re-t-il pas un r\u00f4le particulier\u00a0?<\/p>\n<p>\u00ab\u00a0Je commence \u00e0 \u00eatre un ancien du club (sourire). Je ne suis pas le plus vieux, mais je ne suis pas le plus jeune, de loin. Tous les ans, mon statut progresse. Je ne suis plus le petit rookie dont on esp\u00e8re qu\u2019un jour il va \u00eatre bon. L\u00e0, il faut que je sois bon pour les jeunes, pour les faire exploser, les aider au mieux. J\u2019ai trop h\u00e2te de jouer avec eux\u00a0! Depuis le peu qu\u2019on se conna\u00eet, ils ont l\u2019air tr\u00e8s gentils, bosseurs. Tous les mecs ont \u00e0 peu pr\u00e8s le m\u00eame \u00e2ge, sont dans le m\u00eame d\u00e9lire. Sur le terrain, cela reste mon r\u00f4le d\u2019\u00eatre ce mec serein, qui doit faire respirer les coll\u00e8gues, les aider au mieux pour qu\u2019ils puissent se sentir libres dans la t\u00eate, dans le jeu, faire ce qu\u2019ils veulent et exprimer tout leur potentiel parce qu\u2019on a vraiment une \u00e9quipe tr\u00e8s talentueuse&#8230;. <\/p>\n<p>    Cet article a \u00e9t\u00e9 tronqu\u00e9. Abonnez-vous pour lire l&rsquo;article complet sur notre site.<\/p>\n<p>\u00a0\u00bb\ufeff<\/p>\n<p style=\"margin: 0 !important; padding: 0 !important; font-size: 12px !important;\">Cet article a \u00e9t\u00e9 tronqu\u00e9. Abonnez-vous pour lire l&rsquo;article complet.<\/p>\n<p>    <a href=\"https:\/\/www.lanouvellerepublique.fr\/abonnements\" style=\"display: inline-block; margin-top: 5px !important; padding: 6px 12px !important; background: #cb1c27; color: white; text-decoration: none; border-radius: 4px; font-size: 12px !important;\" target=\"_blank\" rel=\"noopener\"><br \/>\n      S&rsquo;abonner<br \/>\n    <\/a><\/p>\n","protected":false},"excerpt":{"rendered":"Depuis qu\u2019il a rejoint le Tours Volley-Ball en 2020, Zeljko Coric l\u2019incarne particuli\u00e8rement. En capitaine exigeant, voire intransigeant,&hellip;\n","protected":false},"author":2,"featured_media":467313,"comment_status":"","ping_status":"","sticky":false,"template":"","format":"standard","meta":{"footnotes":""},"categories":[1417],"tags":[1392,1011,27,1387,1655,60,1390,1471,2767,1470,1469],"class_list":{"0":"post-467312","1":"post","2":"type-post","3":"status-publish","4":"format-standard","5":"has-post-thumbnail","7":"category-volley","8":"tag-a-la-une-local","9":"tag-fr","10":"tag-france","11":"tag-indre-et-loire","12":"tag-ligue-a","13":"tag-sports","14":"tag-tours","15":"tag-tours-volley-ball","16":"tag-tvb-37","17":"tag-volley","18":"tag-volleyball"},"share_on_mastodon":{"url":"https:\/\/pubeurope.com\/@fr\/115383699055694010","error":""},"_links":{"self":[{"href":"https:\/\/www.europesays.com\/fr\/wp-json\/wp\/v2\/posts\/467312","targetHints":{"allow":["GET"]}}],"collection":[{"href":"https:\/\/www.europesays.com\/fr\/wp-json\/wp\/v2\/posts"}],"about":[{"href":"https:\/\/www.europesays.com\/fr\/wp-json\/wp\/v2\/types\/post"}],"author":[{"embeddable":true,"href":"https:\/\/www.europesays.com\/fr\/wp-json\/wp\/v2\/users\/2"}],"replies":[{"embeddable":true,"href":"https:\/\/www.europesays.com\/fr\/wp-json\/wp\/v2\/comments?post=467312"}],"version-history":[{"count":0,"href":"https:\/\/www.europesays.com\/fr\/wp-json\/wp\/v2\/posts\/467312\/revisions"}],"wp:featuredmedia":[{"embeddable":true,"href":"https:\/\/www.europesays.com\/fr\/wp-json\/wp\/v2\/media\/467313"}],"wp:attachment":[{"href":"https:\/\/www.europesays.com\/fr\/wp-json\/wp\/v2\/media?parent=467312"}],"wp:term":[{"taxonomy":"category","embeddable":true,"href":"https:\/\/www.europesays.com\/fr\/wp-json\/wp\/v2\/categories?post=467312"},{"taxonomy":"post_tag","embeddable":true,"href":"https:\/\/www.europesays.com\/fr\/wp-json\/wp\/v2\/tags?post=467312"}],"curies":[{"name":"wp","href":"https:\/\/api.w.org\/{rel}","templated":true}]}}