{"id":467314,"date":"2025-10-16T11:51:12","date_gmt":"2025-10-16T11:51:12","guid":{"rendered":"https:\/\/www.europesays.com\/fr\/467314\/"},"modified":"2025-10-16T11:51:12","modified_gmt":"2025-10-16T11:51:12","slug":"serge-blanco-vers-une-candidature-a-la-mairie-de-biarritz","status":"publish","type":"post","link":"https:\/\/www.europesays.com\/fr\/467314\/","title":{"rendered":"Serge Blanco vers une candidature \u00e0 la mairie de Biarritz"},"content":{"rendered":"<p>\n    <strong>LE SCAN SPORT &#8211; <\/strong>La l\u00e9gende du rugby fran\u00e7ais, \u00e2g\u00e9e de 67 ans, devrait l\u2019annoncer officiellement lors d\u2019une conf\u00e9rence de presse d\u00e9but novembre.<\/p>\n<p class=\"fig-paragraph\">La nouvelle, qui fait sensation, est\u00a0<a href=\"https:\/\/www.latribune.fr\/article\/la-tribune-dimanche\/municipales\/39052209242863\/municipales-a-biarritz-l-ex-rugbyman-serge-blanco-se-donne-un-nouveau-defi\" target=\"_blank\" rel=\"sponsored noopener\" data-gtm-custom-categorie=\"navigation\" data-gtm-custom-action=\"crossclick\" data-gtm-custom-label=\"Contextuel\" data-gtm-event=\"customEventSPE\">r\u00e9v\u00e9l\u00e9e par La Tribune<\/a>.\u00a0<a href=\"http:\/\/www.lefigaro.fr\/sports\/rugby\/serge-blanco-l-insouciante-enfance-du-pele-du-rugby-20231225\" data-fig-type=\"Article\" data-gtm-custom-categorie=\"navigation\" data-gtm-custom-action=\"crossclick\" data-gtm-custom-label=\"Contextuel\" data-gtm-event=\"customEventSPE\" data-fig-domain=\"LEFIGARO\" target=\"_blank\" rel=\"noopener\">L\u2019ancien arri\u00e8re et capitaine du XV de France<\/a>\u00a0(93 s\u00e9lections de 1980 \u00e0 1991) devrait se pr\u00e9senter aux Municipales 2026 \u00e0 Biarritz. Sa ville puisque la l\u00e9gende du rugby fran\u00e7ais a pass\u00e9 toute sa carri\u00e8re sous le maillot du BO (1975-1992).<\/p>\n<p class=\"fig-paragraph\">La rumeur enflait depuis quelques mois mais, selon La Tribune Dimanche, Serge Blanco devrait officialiser sa candidature lors d\u2019une conf\u00e9rence de presse d\u00e9but novembre. Il serait soutenu par un collectif \u00abde Biarrots issus de la soci\u00e9t\u00e9 civile, mais aussi d\u2019acteurs de la vie publique de diff\u00e9rentes sensibilit\u00e9s\u00bb, explique une source anonyme au journal.<\/p>\n<p>\u00ab Une ville devenue hors sol et d\u00e9connect\u00e9e de ses habitants\u00a0\u00bb<\/p>\n<p>                                    <a class=\"fig-a11y-skip a11y-hidden\" href=\"#fig-a11y-skip-main-inarticle\"><br \/>\n        Passer la publicit\u00e9<br \/>\n    <\/a><\/p>\n<p class=\"fig-paragraph\">Leur motivation\u00a0? En finir avec \u00abune ville devenue hors sol et d\u00e9connect\u00e9e de ses habitants\u00bb. La maire actuelle, Maider Arosteguy, qui devrait se repr\u00e9senter, est donc cibl\u00e9e.<\/p>\n<p class=\"fig-paragraph\">Sur place, l\u2019ex-pr\u00e9sident du Biarritz Olympique (1995-1998 et 2008-2015) et de la Ligue Nationale de Rugby (1998-2008) jouit d\u2019une grande popularit\u00e9. Et, \u00e0 l\u2019image de\u00a0<a href=\"http:\/\/www.lefigaro.fr\/lyon\/municipales-a-lyon-un-nouveau-sondage-place-jean-michel-aulas-largement-devant-un-gregory-doucet-toujours-clivant-20251014\" data-fig-type=\"NewsFlash\" data-gtm-custom-categorie=\"navigation\" data-gtm-custom-action=\"crossclick\" data-gtm-custom-label=\"Contextuel\" data-gtm-event=\"customEventSPE\" data-fig-domain=\"LEFIGARO\" target=\"_blank\" rel=\"noopener\">Jean-Michel Aulas \u00e0 Lyon<\/a>, sa candidature pourrait s\u00e9duire. \u00c0 67 ans, Serge Blanco serait donc en passe de se lancer un nouveau d\u00e9fi.<\/p>\n","protected":false},"excerpt":{"rendered":"LE SCAN SPORT &#8211; La l\u00e9gende du rugby fran\u00e7ais, \u00e2g\u00e9e de 67 ans, devrait l\u2019annoncer officiellement lors d\u2019une&hellip;\n","protected":false},"author":2,"featured_media":467315,"comment_status":"","ping_status":"","sticky":false,"template":"","format":"standard","meta":{"footnotes":""},"categories":[1416],"tags":[3463,1011,27,4977,479,1468,59138,60],"class_list":{"0":"post-467314","1":"post","2":"type-post","3":"status-publish","4":"format-standard","5":"has-post-thumbnail","7":"category-rugby","8":"tag-biarritz","9":"tag-fr","10":"tag-france","11":"tag-le-scan-sport","12":"tag-rugby","13":"tag-rugby-football","14":"tag-serge-blanco","15":"tag-sports"},"share_on_mastodon":{"url":"https:\/\/pubeurope.com\/@fr\/115383702920519368","error":""},"_links":{"self":[{"href":"https:\/\/www.europesays.com\/fr\/wp-json\/wp\/v2\/posts\/467314","targetHints":{"allow":["GET"]}}],"collection":[{"href":"https:\/\/www.europesays.com\/fr\/wp-json\/wp\/v2\/posts"}],"about":[{"href":"https:\/\/www.europesays.com\/fr\/wp-json\/wp\/v2\/types\/post"}],"author":[{"embeddable":true,"href":"https:\/\/www.europesays.com\/fr\/wp-json\/wp\/v2\/users\/2"}],"replies":[{"embeddable":true,"href":"https:\/\/www.europesays.com\/fr\/wp-json\/wp\/v2\/comments?post=467314"}],"version-history":[{"count":0,"href":"https:\/\/www.europesays.com\/fr\/wp-json\/wp\/v2\/posts\/467314\/revisions"}],"wp:featuredmedia":[{"embeddable":true,"href":"https:\/\/www.europesays.com\/fr\/wp-json\/wp\/v2\/media\/467315"}],"wp:attachment":[{"href":"https:\/\/www.europesays.com\/fr\/wp-json\/wp\/v2\/media?parent=467314"}],"wp:term":[{"taxonomy":"category","embeddable":true,"href":"https:\/\/www.europesays.com\/fr\/wp-json\/wp\/v2\/categories?post=467314"},{"taxonomy":"post_tag","embeddable":true,"href":"https:\/\/www.europesays.com\/fr\/wp-json\/wp\/v2\/tags?post=467314"}],"curies":[{"name":"wp","href":"https:\/\/api.w.org\/{rel}","templated":true}]}}