{"id":467316,"date":"2025-10-16T11:52:15","date_gmt":"2025-10-16T11:52:15","guid":{"rendered":"https:\/\/www.europesays.com\/fr\/467316\/"},"modified":"2025-10-16T11:52:15","modified_gmt":"2025-10-16T11:52:15","slug":"je-ne-croyais-pas-pouvoir-recuperer-la-place-de-numero-1-mondial-avant-lus-open-affirme-alcaraz","status":"publish","type":"post","link":"https:\/\/www.europesays.com\/fr\/467316\/","title":{"rendered":"\u00ab Je ne croyais pas pouvoir r\u00e9cup\u00e9rer la place de num\u00e9ro 1 mondial avant l\u2019US Open \u00bb, affirme Alcaraz"},"content":{"rendered":"<p>                <img decoding=\"async\" src=\"https:\/\/www.europesays.com\/fr\/wp-content\/uploads\/2025\/10\/pz1B.jpg\" fetchpriority=\"high\" alt=\"\u00ab Je ne croyais pas pouvoir r\u00e9cup\u00e9rer la place de num\u00e9ro 1 mondial avant l\u2019US Open \u00bb, affirme Alcaraz\"\/><\/p>\n<p>Carlos Alcaraz a r\u00e9cup\u00e9r\u00e9 la place de num\u00e9ro 1 mondial \u00e0 l\u2019issue de l\u2019US Open en battant son grand rival Jannik Sinner en finale.<\/p>\n<p>Pour Marca, il est revenu sur cet \u00e9pisode et a d\u00e9clar\u00e9 qu\u2019il ne s\u2019\u00e9tait pas vraiment mis la pression pour cet objectif.<\/p>\n<p>Il d\u00e9clare : \u00ab Avant l&rsquo;US Open, je ne croyais pas vraiment pouvoir reprendre la premi\u00e8re place. C&rsquo;\u00e9tait un objectif, mais j&rsquo;en \u00e9tais loin. Je ne m&rsquo;y suis pas attard\u00e9. Petit \u00e0 petit, nous avons fait notre travail, en r\u00e9duisant l&rsquo;\u00e9cart avec Jannik.<\/p>\n<p>\u00c0 l&rsquo;US Open, j&rsquo;ai compris que tout d\u00e9pendait de moi. Je ne me suis pas mis la pression, j&rsquo;ai juste jou\u00e9 mon tennis et j&rsquo;ai fini par y arriver. C&rsquo;est venu naturellement, gr\u00e2ce \u00e0 un travail quotidien et calme, sans pr\u00e9cipitation inutile. \u00bb<\/p>\n","protected":false},"excerpt":{"rendered":"Carlos Alcaraz a r\u00e9cup\u00e9r\u00e9 la place de num\u00e9ro 1 mondial \u00e0 l\u2019issue de l\u2019US Open en battant son&hellip;\n","protected":false},"author":2,"featured_media":467317,"comment_status":"","ping_status":"","sticky":false,"template":"","format":"standard","meta":{"footnotes":""},"categories":[1415],"tags":[1011,27,60,1467],"class_list":{"0":"post-467316","1":"post","2":"type-post","3":"status-publish","4":"format-standard","5":"has-post-thumbnail","7":"category-tennis","8":"tag-fr","9":"tag-france","10":"tag-sports","11":"tag-tennis"},"share_on_mastodon":{"url":"https:\/\/pubeurope.com\/@fr\/115383707273378418","error":""},"_links":{"self":[{"href":"https:\/\/www.europesays.com\/fr\/wp-json\/wp\/v2\/posts\/467316","targetHints":{"allow":["GET"]}}],"collection":[{"href":"https:\/\/www.europesays.com\/fr\/wp-json\/wp\/v2\/posts"}],"about":[{"href":"https:\/\/www.europesays.com\/fr\/wp-json\/wp\/v2\/types\/post"}],"author":[{"embeddable":true,"href":"https:\/\/www.europesays.com\/fr\/wp-json\/wp\/v2\/users\/2"}],"replies":[{"embeddable":true,"href":"https:\/\/www.europesays.com\/fr\/wp-json\/wp\/v2\/comments?post=467316"}],"version-history":[{"count":0,"href":"https:\/\/www.europesays.com\/fr\/wp-json\/wp\/v2\/posts\/467316\/revisions"}],"wp:featuredmedia":[{"embeddable":true,"href":"https:\/\/www.europesays.com\/fr\/wp-json\/wp\/v2\/media\/467317"}],"wp:attachment":[{"href":"https:\/\/www.europesays.com\/fr\/wp-json\/wp\/v2\/media?parent=467316"}],"wp:term":[{"taxonomy":"category","embeddable":true,"href":"https:\/\/www.europesays.com\/fr\/wp-json\/wp\/v2\/categories?post=467316"},{"taxonomy":"post_tag","embeddable":true,"href":"https:\/\/www.europesays.com\/fr\/wp-json\/wp\/v2\/tags?post=467316"}],"curies":[{"name":"wp","href":"https:\/\/api.w.org\/{rel}","templated":true}]}}