{"id":467318,"date":"2025-10-16T11:54:11","date_gmt":"2025-10-16T11:54:11","guid":{"rendered":"https:\/\/www.europesays.com\/fr\/467318\/"},"modified":"2025-10-16T11:54:11","modified_gmt":"2025-10-16T11:54:11","slug":"marco-bezzecchi-sera-penalise-dun-double-long-lap-lors-du-grand-prix-daustralie-lequipe","status":"publish","type":"post","link":"https:\/\/www.europesays.com\/fr\/467318\/","title":{"rendered":"Marco Bezzecchi sera p\u00e9nalis\u00e9 d&#039;un double long-lap lors du Grand Prix d&#039;Australie &#8211; L&#039;\u00c9quipe"},"content":{"rendered":"<ol>\n<li><a href=\"https:\/\/news.google.com\/rss\/articles\/CBMixwFBVV95cUxNYUxtdWQyaEJGZ1dwLUxub3hXMnpxUG53dTlxWWdBaUVTQWJGZUJCT3ItUm5aM0RodDUzM01ZamJEQUp0Vm9CSXNkVlJMSV9qOHVvMUcxcUdmanZ1UUhOSWxwaVV6UWRPaFZSbWlOcmRieUgyaHN5YnJPWEpjNG5YbDB3OE9DVURlcmVJUUNrQTlTZHlwTE1RdTJJZTV1NXpsUHc3OFFuQ1lOUmZCb0FGbS1Ia3gtSWx2Q1hKR0hTWU11alYyRWtR?oc=5\" target=\"_blank\" rel=\"noopener\">Marco Bezzecchi sera p\u00e9nalis\u00e9 d&rsquo;un double long-lap lors du Grand Prix d&rsquo;Australie<\/a>&nbsp;&nbsp;L&rsquo;\u00c9quipe<\/li>\n<li><a href=\"https:\/\/news.google.com\/rss\/articles\/CBMi4AFBVV95cUxPbXdlLUp6X25oRlMtZFVxdF9HeDlvbzEtaXBIU3huWW9USWlPSGY4NkRVYWZDN3J6S1NDMTN5azBhMnFZd3BzR082Y1V6ZzlBZk42Wm5EanNEZkVOV3VNT0V3LU1lbHVueHdZdGtCQ291TWpCeDlwNDRCR2p2bm9uX0VVcE84ZVVGSGp0ZXFhdTFlLVlhUmZUa09LUi1lRTBwdTE3TVFMRWxLalNDanVmd0REZkU0N0tTTEdRbndQZ215ay1OVll6b1FuM0JkYXVoRWVFSjhTcF9yc3RNQ282Nw?oc=5\" target=\"_blank\" rel=\"noopener\">MotoGP 1er coup de th\u00e9\u00e2tre en Australie, le verdict des commissaires tombe, 1 pilote durement p\u00e9nalis\u00e9<\/a>&nbsp;&nbsp;Le Mag Sport Auto<\/li>\n<li><a href=\"https:\/\/news.google.com\/rss\/articles\/CBMimwFBVV95cUxNV2ZTUkhHbURKTm5aVjZBdG5KWktkYlNTUEI0OGJQY0trU0d5ZVVwQm53ZmZhT1dlSXktb0FqR3hneksyaFJXM3BEcGtkSHFNNjV2eGRaU1B2blRCVWNmRl9CaGNCYVdyWGtEbUViakFBOFp3ZUw4S285QXl4M1M5Zml4VlJkSUVKd05ndjVReXRUc2N4LVZJaF83VQ?oc=5\" target=\"_blank\" rel=\"noopener\">Bezzecchi p\u00e9nalis\u00e9 en Australie pour l&rsquo;accrochage avec M\u00e1rquez<\/a>&nbsp;&nbsp;Motorsport.com<\/li>\n<li><a href=\"https:\/\/news.google.com\/rss\/articles\/CBMitAFBVV95cUxNVC1nRGVCMTF2eXY5UUZBcVJ5Q1hyZmgxX1JvbnVwOGxnYkw5V2NTOE9ka2d2VmFvd09oVnNYelVIRlBCa2RwcnFWNjRuWFdxQ0JpbnMwUWRTMlo4SG9sVlYyR0NpajJxdDdYeTJnR3ZCeC0zUTlURFFMbnBtMGNGX3FCMjZtamN1N3ZuRXBualJ5X0hfMno5Vmk2Mmd5cDE4aDJ1VG9wME5JVW5mTVM0amVrbGo?oc=5\" target=\"_blank\" rel=\"noopener\">Double Long Lap pour Bezzecchi suite \u00e0 son incident avec M.M\u00e1rquez<\/a>&nbsp;&nbsp;motogp.com<\/li>\n<li><a href=\"https:\/\/news.google.com\/rss\/articles\/CBMijgFBVV95cUxPY1RWTV9VVXNOSjJQbDZqd01rU01VbU5IeG9zSUlyYnNHTlQxQjlkWGl6RzZxd3ZVRXh1TkZYWFhua0JVTmw1VkNxOGR1QUJFQ0FWcmNRLUJ5cTNaX1hsVjUydkdMZ3BWamljeHRTbDdkVmJVNndCRWw3bjd0VDJWZVlYVXlLeHg0ajh0YWVB?oc=5\" target=\"_blank\" rel=\"noopener\">MotoGP &#8211; Marco Bezzecchi p\u00e9nalis\u00e9 en Australie apr\u00e8s l\u2019accrochage avec Marc M\u00e1rquez<\/a>&nbsp;&nbsp;AutoHebdo<\/li>\n<\/ol>\n","protected":false},"excerpt":{"rendered":"Marco Bezzecchi sera p\u00e9nalis\u00e9 d&rsquo;un double long-lap lors du Grand Prix d&rsquo;Australie&nbsp;&nbsp;L&rsquo;\u00c9quipe MotoGP 1er coup de th\u00e9\u00e2tre en&hellip;\n","protected":false},"author":2,"featured_media":467319,"comment_status":"","ping_status":"","sticky":false,"template":"","format":"standard","meta":{"footnotes":""},"categories":[1413],"tags":[1011,27,1457,1456,60],"class_list":{"0":"post-467318","1":"post","2":"type-post","3":"status-publish","4":"format-standard","5":"has-post-thumbnail","7":"category-moto","8":"tag-fr","9":"tag-france","10":"tag-moto","11":"tag-motocycle","12":"tag-sports"},"share_on_mastodon":{"url":"https:\/\/pubeurope.com\/@fr\/115383714748955925","error":""},"_links":{"self":[{"href":"https:\/\/www.europesays.com\/fr\/wp-json\/wp\/v2\/posts\/467318","targetHints":{"allow":["GET"]}}],"collection":[{"href":"https:\/\/www.europesays.com\/fr\/wp-json\/wp\/v2\/posts"}],"about":[{"href":"https:\/\/www.europesays.com\/fr\/wp-json\/wp\/v2\/types\/post"}],"author":[{"embeddable":true,"href":"https:\/\/www.europesays.com\/fr\/wp-json\/wp\/v2\/users\/2"}],"replies":[{"embeddable":true,"href":"https:\/\/www.europesays.com\/fr\/wp-json\/wp\/v2\/comments?post=467318"}],"version-history":[{"count":0,"href":"https:\/\/www.europesays.com\/fr\/wp-json\/wp\/v2\/posts\/467318\/revisions"}],"wp:featuredmedia":[{"embeddable":true,"href":"https:\/\/www.europesays.com\/fr\/wp-json\/wp\/v2\/media\/467319"}],"wp:attachment":[{"href":"https:\/\/www.europesays.com\/fr\/wp-json\/wp\/v2\/media?parent=467318"}],"wp:term":[{"taxonomy":"category","embeddable":true,"href":"https:\/\/www.europesays.com\/fr\/wp-json\/wp\/v2\/categories?post=467318"},{"taxonomy":"post_tag","embeddable":true,"href":"https:\/\/www.europesays.com\/fr\/wp-json\/wp\/v2\/tags?post=467318"}],"curies":[{"name":"wp","href":"https:\/\/api.w.org\/{rel}","templated":true}]}}