{"id":46732,"date":"2025-04-23T14:06:09","date_gmt":"2025-04-23T14:06:09","guid":{"rendered":"https:\/\/www.europesays.com\/fr\/46732\/"},"modified":"2025-04-23T14:06:09","modified_gmt":"2025-04-23T14:06:09","slug":"on-fait-quoi-ce-week-end-street-art-street-food-street-fringues-nos-idees-de-sorties-a-strasbourg","status":"publish","type":"post","link":"https:\/\/www.europesays.com\/fr\/46732\/","title":{"rendered":"On fait quoi ce week-end. Street art, street food, street fringues&#8230; Nos id\u00e9es de sorties \u00e0 Strasbourg"},"content":{"rendered":"<p>  Colors City colore Strasbourg en amont du NL Contest<\/p>\n<p><strong>En attendant le NL Contest, dont la prochaine \u00e9dition se tiendra du 23 au 25\u00a0mai \u00e0 Strasbourg, Colors Urban Art d\u00e9boule en ville ce dimanche 27\u00a0avril. De 14\u00a0h \u00e0 18\u00a0h, une vingtaine d\u2019artistes investiront divers quartiers pour apporter un peu (\/beaucoup) de couleur dans l\u2019espace public.<\/strong><\/p>\n<p>Avec le retour de <a href=\"https:\/\/www.colors-art.eu\/colors-city-2025-off-du-nl-contest-2025\/\" target=\"_blank\" rel=\"nofollow noopener\">Colors City<\/a> , c\u2019est une nouvelle vague de cr\u00e9ativit\u00e9 qui s\u2019appr\u00eate \u00e0 d\u00e9ferler dans les rues de Strasbourg ce dimanche 27\u00a0avril de 14\u00a0h \u00e0 18\u00a0h. Organis\u00e9 <a href=\"https:\/\/www.dna.fr\/culture-loisirs\/2024\/05\/18\/nl-contest-la-grand-messe-des-cultures-urbaines-retrouve-des-couleurs-samedi-a-strasbourg\" target=\"_blank\" rel=\"nofollow noopener\">en amont du NL Contest<\/a> , dont la prochaine \u00e9dition se tiendra les 23, 24 et 25\u00a0mai au Skatepark de la Rotonde, l\u2019\u00e9v\u00e9nement transformera la ville en une galerie \u00e0 ciel ouvert accessible \u00e0 tous.<\/p>\n<p>L\u2019objectif\u00a0? D\u00e9mocratiser l\u2019art en investissant l\u2019espace urbain. Chaque coin de rue devient ainsi le reflet d\u2019une cr\u00e9ativit\u00e9 foisonnante, \u00e0 d\u00e9couvrir au hasard de sa balade dominicale. <a href=\"https:\/\/www.dna.fr\/culture-loisirs\/2024\/05\/06\/quand-les-artistes-bombent-la-ville\" target=\"_blank\" rel=\"nofollow noopener\">Une vingtaine d\u2019artistes investiront l\u2019espace public<\/a> , arm\u00e9s de pinceaux, sprays et pochoirs, pour m\u00e9tamorphoser murs et mobilier urbain en \u0153uvres d\u2019art, dans une explosion de couleurs et de formes.<\/p>\n<p>Rillust \u00e0 l\u2019angle de la rue de la Premi\u00e8re-Arm\u00e9e et de la rue S\u00e9dillot\u00a0; Toho au 44, quai du G\u00e9n\u00e9ral-Koenig\u00a0; Jeanne Tocqueville quai Fustel-de-Coulanges\u00a0; Milena Grison \u00e0 l\u2019angle du quai Louis-Pasteur et de la rue Averroes\u00a0; Niack au 15, rue d\u2019Or\u00a0; Loup au 34, avenue Aristide-Briand\u2026 Impossible de tous les citer. Le mieux est de se reporter au site internet de Colors pour la g\u00e9olocalisation, puis de se laisser porter par son inspiration\u00a0!<\/p>\n<p class=\"note\">Dimanche 27\u00a0avril de 14\u00a0h \u00e0 18\u00a0h dans les rues de Strasbourg (avanc\u00e9 au samedi 26\u00a0avril en cas de m\u00e9t\u00e9o capricieuse). Gratuit. Plus d\u2019infos\u00a0: <a href=\"https:\/\/www.colors-art.eu\/\" target=\"_blank\" rel=\"nofollow noopener\">www.colors-art.eu<\/a><\/p>\n<p>  Strasbourg \u00a0: le premier Street bouche corner de la saison place de Zurich<\/p>\n<p><strong>Avis aux gourmands \u00a0: les \u00e9v\u00e9nements Street bouche sont de retour dans la capitale alsacienne. Un corner est annonc\u00e9 ce 27 avril place de Zurich.<\/strong><\/p>\n<p>Produit par De La Food, <a href=\"https:\/\/www.dna.fr\/societe\/2024\/12\/26\/le-street-bouche-corner-se-met-a-l-heure-d-hiver-place-de-zurich\" target=\"_blank\" rel=\"nofollow noopener\">le Street bouche corner<\/a> fait grand son retour ce dimanche 27\u00a0avril de 11\u200ah \u00e0 20\u200ah place de Zurich \u00e0 Strasbourg.<\/p>\n<p>Au menu du jour\u200a: bo bun, arepas, gyros, arancini, burgers, cookies, tarte au fromage blanc\u2026 Une douzaine de sp\u00e9cialit\u00e9s locales et internationales, cuisin\u00e9es avec passion par des chefs venus de toute l\u2019Alsace, seront \u00e0 d\u00e9couvrir lors de ce rendez-vous gourmand bien implant\u00e9 dans la capitale alsacienne.Des propositions hallal, sans gluten et v\u00e9g\u00e9tales et une large palette de boissons seront \u00e9galement propos\u00e9es.<\/p>\n<p class=\"note\">Entr\u00e9e libre.<\/p>\n<p>  Strasbourg : au Cine de Bussierre, une exposition \u00ab\u00a0Entre chien et loup\u00a0\u00bb<\/p>\n<p><strong>Du 26\u00a0avril au 28\u00a0mai, G\u00e9raldine Jo\u00ebt et Audren Brisset croisent photographie et peinture au Cine de Bussierre.<\/strong><\/p>\n<p>La nouvelle exposition propos\u00e9e au Cine de Bussierre est le fruit d\u2019une r\u00e9sidence o\u00f9 dialoguent peinture et photographie. Elle s\u2019articule autour de la circulation des femmes dans le parc de Pourtal\u00e8s \u00e0 la tomb\u00e9e du jour, quand la lumi\u00e8re s\u2019adoucit et devient incertaine\u2026<\/p>\n<p>Les deux artistes, G\u00e9raldine Jo\u00ebt et <a href=\"https:\/\/www.dna.fr\/culture-loisirs\/2024\/04\/09\/cinq-artistes-presentent-leurs-mirages-a-l-aida-galerie\" target=\"_blank\" rel=\"nofollow noopener\">Audren Brisset<\/a>, travaillent au sein du m\u00eame atelier \u00e0 Strasbourg et ont collabor\u00e9 sur ce projet hors les murs, dans un lieu inspirant touchant \u00e0 des probl\u00e9matiques environnementales. \u00ab\u00a0Nous souhaitions ouvrir le dialogue entre peinture et photographie autour d\u2019un sujet qui nous tient \u00e0 c\u0153ur\u00a0\u00bb, expliquent-elles. Le format de micro-r\u00e9sidence artistique, en collaboration avec l\u2019association Sine, leur a offert l\u2019espace n\u00e9cessaire.<\/p>\n<p>Une part de myst\u00e8re<\/p>\n<p>Entre janvier et mars, elles ont pu s\u2019immerger dans le parc de Pourtal\u00e8s. De cette exp\u00e9rience est n\u00e9 un lexique d\u2019images. Sur ce site mi-urbain, mi-naturel, elles se sont questionn\u00e9es sur les femmes rencontr\u00e9es. Que viennent-elles y trouver\u00a0? Sont-elles press\u00e9es, en balade, en s\u00e9ance de sport\u00a0? \u00ab\u00a0Dans un accrochage con\u00e7u comme une d\u00e9ambulation, nous donnons \u00e0 voir l\u2019atmosph\u00e8re du lieu, entre chien et loup, entre peinture et photographie, o\u00f9 se croisent les protagonistes inconnues d\u2019une narration que les visiteurs s\u2019inventeront\u00a0\u00bb, concluent-elles.<\/p>\n<p class=\"note\">\u00c0 d\u00e9couvrir du 26 au 30\u00a0avril et du 5 au 7, du 12 au 16, du 19 au 23 et du 26 au 28\u00a0mai, de 14\u00a0h \u00e0 18\u00a0h au Cine de Bussierre, 155, rue Kempf \u00e0 Strasbourg. Entr\u00e9e libre. Vernissage le 25\u00a0avril \u00e0 18\u00a0h. Conf\u00e9rence gesticul\u00e9e \u00ab\u00a0Tu bivouaques seule\u00a0?\u00a0!\u00a0\u00bb par C\u00e9line Callot de la Braise, le 30\u00a0avril \u00e0 19\u00a0h.<\/p>\n<p>  Strasbourg \u00a0: grande vente de fringues vintage au Phare Citadelle<\/p>\n<p><strong>Vente au poids et fringues de marque vintage sont au rendez-vous de la vente qui s&rsquo;annonce du 25 ay 27 avril du c\u00f4t\u00e9 du Phare Citadelle, \u00e0 Strasbourg.<\/strong><\/p>\n<p>La seconde main et le vintage sont \u00e0 l\u2019honneur du 25 au 27\u00a0avril <a href=\"https:\/\/www.dna.fr\/culture-loisirs\/2024\/11\/03\/le-phare-citadelle-a-cloture-sa-saison-avec-une-pyjama-party\" target=\"_blank\" rel=\"nofollow noopener\">au Phare Citadelle<\/a> (13, rue de Nantes) \u00e0 l\u2019occasion de la friperie g\u00e9ante et \u00e9ph\u00e9m\u00e8re \u00ab <a href=\"https:\/\/www.dna.fr\/culture-loisirs\/2023\/08\/30\/phare-citadelle-trois-jours-pour-chiner-des-kilos-de-fringues-vintage\" target=\"_blank\" rel=\"nofollow noopener\">Grama Vintage<\/a> \u00bb. Des pi\u00e8ces uniques des ann\u00e9es 1980 \u00e0 2000, de tout style et pour tous les \u00e2ges, seront propos\u00e9es aux visiteurs, avec un r\u00e9assort permanent tout au long de l\u2019\u00e9v\u00e9nement. Ne cherchez pas les \u00e9tiquettes\u00a0: la vente se fait au poids, soit 35\u00a0\u20ac le kg.<\/p>\n<p class=\"note\">Vendredi 25\u00a0avril de 16\u00a0h \u00e0 19\u00a0h, le samedi 26 de 11\u00a0h \u00e0 19\u00a0h et le 27 de 11\u00a0h \u00e0 17\u00a0h. Entr\u00e9e gratuite.<\/p>\n","protected":false},"excerpt":{"rendered":"Colors City colore Strasbourg en amont du NL Contest En attendant le NL Contest, dont la prochaine \u00e9dition&hellip;\n","protected":false},"author":2,"featured_media":46733,"comment_status":"","ping_status":"","sticky":false,"template":"","format":"standard","meta":{"footnotes":""},"categories":[2820],"tags":[1111,11,2389,2649,1687,2880,1777,674,2271,107,1011,27,775,12,25,640,2879],"class_list":{"0":"post-46732","1":"post","2":"type-post","3":"status-publish","4":"format-standard","5":"has-post-thumbnail","7":"category-strasbourg","8":"tag-actu","9":"tag-actualites","10":"tag-alsace","11":"tag-bas-rhin","12":"tag-culture-loisirs","13":"tag-edition-strasbourg","14":"tag-eu","15":"tag-europe","16":"tag-exposition-arts-plastiques","17":"tag-fil-info","18":"tag-fr","19":"tag-france","20":"tag-grand-est","21":"tag-news","22":"tag-republique-francaise","23":"tag-strasbourg","24":"tag-strasbourg-ville"},"share_on_mastodon":{"url":"https:\/\/pubeurope.com\/@fr\/114387667201663119","error":""},"_links":{"self":[{"href":"https:\/\/www.europesays.com\/fr\/wp-json\/wp\/v2\/posts\/46732","targetHints":{"allow":["GET"]}}],"collection":[{"href":"https:\/\/www.europesays.com\/fr\/wp-json\/wp\/v2\/posts"}],"about":[{"href":"https:\/\/www.europesays.com\/fr\/wp-json\/wp\/v2\/types\/post"}],"author":[{"embeddable":true,"href":"https:\/\/www.europesays.com\/fr\/wp-json\/wp\/v2\/users\/2"}],"replies":[{"embeddable":true,"href":"https:\/\/www.europesays.com\/fr\/wp-json\/wp\/v2\/comments?post=46732"}],"version-history":[{"count":0,"href":"https:\/\/www.europesays.com\/fr\/wp-json\/wp\/v2\/posts\/46732\/revisions"}],"wp:featuredmedia":[{"embeddable":true,"href":"https:\/\/www.europesays.com\/fr\/wp-json\/wp\/v2\/media\/46733"}],"wp:attachment":[{"href":"https:\/\/www.europesays.com\/fr\/wp-json\/wp\/v2\/media?parent=46732"}],"wp:term":[{"taxonomy":"category","embeddable":true,"href":"https:\/\/www.europesays.com\/fr\/wp-json\/wp\/v2\/categories?post=46732"},{"taxonomy":"post_tag","embeddable":true,"href":"https:\/\/www.europesays.com\/fr\/wp-json\/wp\/v2\/tags?post=46732"}],"curies":[{"name":"wp","href":"https:\/\/api.w.org\/{rel}","templated":true}]}}