{"id":467320,"date":"2025-10-16T11:55:13","date_gmt":"2025-10-16T11:55:13","guid":{"rendered":"https:\/\/www.europesays.com\/fr\/467320\/"},"modified":"2025-10-16T11:55:13","modified_gmt":"2025-10-16T11:55:13","slug":"le-programme-detaille-avec-les-heures-et-les-favoris","status":"publish","type":"post","link":"https:\/\/www.europesays.com\/fr\/467320\/","title":{"rendered":"le programme d\u00e9taill\u00e9 avec les heures et les favoris"},"content":{"rendered":"<p>Apr\u00e8s Miami en mai dernier, les Etats-Unis accueilleront de nouveau un GP de Formule 1 pour la 19\u00e8me manche de l\u2019actuelle saison. Ferrari, qui y avait sign\u00e9 un doubl\u00e9 l\u2019ann\u00e9e derni\u00e8re est-elle en mesure de r\u00e9\u00e9diter l\u2019exploit ?<\/p>\n<p>Le programme du GP des Etats-Unis 2025<\/p>\n<tr>S\u00e9anceDateHoraireCha\u00eene TV<\/tr>\n<tr>\n<td>S\u00e9anceEssais Libres 1<\/td>\n<td>DateVendredi 17\/10\/2025<\/td>\n<td>Horaire12h30-13h30\u00a0<\/td>\n<td>Cha\u00eene TVCanal+ Sport<\/td>\n<\/tr>\n<tr>\n<td>S\u00e9ancequalification Sprint\u00a0<\/td>\n<td>DateVendredi 17\/10\/2025<\/td>\n<td>Horaire16h30-17h14\u00a0<\/td>\n<td>Cha\u00eene TVCanal+ Sport<\/td>\n<\/tr>\n<tr>\n<td>S\u00e9anceCourse Sprint<\/td>\n<td>DateSamedi 18\/10\/2025<\/td>\n<td>Horaire12h-12h30<\/td>\n<td>Cha\u00eene TVCanal+ Sport<\/td>\n<\/tr>\n<tr>\n<td>S\u00e9anceQualifications<\/td>\n<td>DateSamedi 18\/10\/2025<\/td>\n<td>Horaire16h-17h\u00a0<\/td>\n<td>Cha\u00eene TVCanal+ Sport<\/td>\n<\/tr>\n<tr>\n<td>S\u00e9anceCourse<\/td>\n<td>DateDimanche 19\/10\/2025<\/td>\n<td>HoraireD\u00e9part du GP \u00e0 14h<\/td>\n<td>Cha\u00eene TVCanal+ 360<\/td>\n<\/tr>\n<p>\u00a0<\/p>\n<p>Le 20 octobre 2024, Charles Leclerc passait le premier le drapeau \u00e0 damier \u00e0 Austin, signant ainsi au Etats-Unis sa troisi\u00e8me victoire de la saison au volant de sa Ferrari, l\u2019\u00e9curie italienne r\u00e9alisant d\u2019ailleurs le doubl\u00e9 gr\u00e2ce \u00e0 la deuxi\u00e8me Carlos Sainz. Un an plus tard pourtant, le Mon\u00e9gasque n\u2019a plus de nouveau go\u00fbt\u00e9 \u00e0 cet incomparable plaisir dans sa monoplace frapp\u00e9e du Cheval Cabr\u00e9. Relativement poussive et peu fiable, <strong>la SF-25 n\u2019est pas, loin s\u2019en faut, la plus aboutie du plateau<\/strong>. Demandez donc \u00e0 <a title=\"Lewis Hamilton\" href=\"https:\/\/www.automobile-magazine.fr\/formule-1\/article\/48959-lewis-hamilton-il-se-passe-beaucoup-de-choses-en-coulisse-voici-toutes-les-declarations-marquantes-du-grand-prix-de-hongrie-2025\" rel=\"nofollow noopener\" target=\"_blank\">Lewis Hamilton<\/a> ce qu\u2019il en pense\u2026<\/p>\n<p><img decoding=\"async\" loading=\"lazy\" alt=\"Max Verstappen (Red Bull) lors du Grand Prix d'Azerba\u00efdjan. \" src=\"https:\/\/www.europesays.com\/fr\/wp-content\/uploads\/2025\/10\/max-verstappen-red-bull-lors-du-grand-prix-dazerbaidjan.jpg\" width=\"800\" height=\"449\"\/>Max Verstappen (Red Bull) lors du Grand Prix d&rsquo;Azerba\u00efdjan. \u00a9 Red Bull Pool ContentAlpine F1, une saison \u00e0 oublier<\/p>\n<p>En revanche, la concurrence, elle, semble disposer des moyens n\u00e9cessaires pour s\u2019imposer au Grand Prix des Etats-Unis. On citera les deux pilotes McLaren, \u00e9videmment, mais aussi, forc\u00e9ment, ce diable de Max Verstappen, qui a encore une (mince) carte \u00e0 jouer en cette fin de saison <a title=\"apr\u00e8s sa derni\u00e8re victoire en Azerba\u00efdjan\" href=\"https:\/\/www.automobile-magazine.fr\/formule-1\/article\/49515-grand-prix-dazerbaidjan-2025-max-verstappen-simpose-oscar-piastri-abandonne-et-perd-du-terrain-dans-la-course-au-titre\" rel=\"nofollow noopener\" target=\"_blank\">apr\u00e8s sa derni\u00e8re victoire en Azerba\u00efdjan<\/a> et sa deuxi\u00e8me place \u00e0 Singapour. Ce n\u2019est pas le cas d\u2019<strong>Alpine, qui s\u2019enfonce, course apr\u00e8s course, et d\u00e9sormais bon dernier au classement des constructeurs, avec seulement 20 points au compteur<\/strong> (tous inscrits par Pierre Gasly) quand l\u2019avant-dernier Haas en compte\u2026 26 de plus \u00e0 seulement six Grands Prix de la fin de saison 2025. \u00ab\u00a0Il est clair qu&rsquo;\u00e0 l&rsquo;heure actuelle, nous sommes loin du niveau de comp\u00e9titivit\u00e9 que nous visons. Je crois cependant que de meilleurs jours nous attendent, notamment avec les six derni\u00e8res courses du calendrier sur des circuits qui devraient mieux convenir \u00e0 notre monoplace, et bien s\u00fbr 2026. Je me sens bien et je suis d\u00e9sormais concentr\u00e9 sur le week-end Sprint \u00e0 COTA, un circuit exigeant que nous esp\u00e9rons plus favorable \u00e0 notre package.\u00a0\u00bb admet d\u2019ailleurs Pierre Gasly, apr\u00e8s une saison 2025 qui quoi qu&rsquo;il arrive maintenant sera \u00e0 oublier pour Alpine F1 et pour lui, puisque le Rouennais se trouve actuellement 17\u00e8me au classement provisoire des pilotes.<\/p>\n<p><img decoding=\"async\" loading=\"lazy\" alt=\"Alpine F1 Team, dans la tourmente, enfin r\u00e9compens\u00e9 \u00e0 Austin ?\" src=\"https:\/\/www.europesays.com\/fr\/wp-content\/uploads\/2025\/10\/alpine-f1-team-dans-la-tourmente-enfin-recompense-a-austin.jpg\" width=\"800\" height=\"449\"\/>Alpine F1 Team, dans la tourmente, enfin r\u00e9compens\u00e9 \u00e0 Austin ?\u00a9 Alpine F1 TeamGrand Prix des Etats-Unis : Sprint is back !<\/p>\n<p>En attendant, place donc au Circuit des Am\u00e9riques (COTA) d\u2019Austin, une piste qui accueille la Formule 1 aux \u00c9tats-Unis depuis 2012. <strong>Technique et exigeant, ce trac\u00e9 dispose notamment d\u2019une longue s\u00e9quence avec les virages 16, 17 et 18<\/strong>. A noter aussi que cette 19\u00e8me manche de la saison, sera l\u2019occasion d\u2019accueillir le quatri\u00e8me Sprint, et donc avec une seule s\u00e9ance d&rsquo;essais libres au programme. Suivront les qualifications Sprint vendredi apr\u00e8s-midi puis la Course Sprint et les Qualifications le lendemain, et enfin la course le dimanche. D\u00e9couvrez ci-dessous le programme complet du Grand Prix des Etats-Unis 2025.<\/p>\n<p>Circuit des Am\u00e9riques<\/p>\n<ul>\n<li>Nombre de tours : 56<\/li>\n<li>Longueur de la piste : 5,513 km<\/li>\n<li>Distance parcourue : 308,728 km<\/li>\n<li>Vainqueur en 2024 : Charles Leclerc<\/li>\n<\/ul>\n<p> <img decoding=\"async\" src=\"https:\/\/www.europesays.com\/fr\/wp-content\/uploads\/2025\/04\/laurent-lepsch.webp.webp\" alt=\"Laurent Lepsch\" width=\"120\" height=\"120\" class=\"visu-auteur\" loading=\"lazy\"\/><\/p>\n<p class=\"short-txt\"> Journaliste automobile digital depuis de nombreuses ann\u00e9es, j\u2019ai aussi un go\u00fbt prononc\u00e9 pour les sports m\u00e9caniques.<\/p>\n<p>  Publi\u00e9 le  16\/10\/2025 \u00e0 13:40  <\/p>\n","protected":false},"excerpt":{"rendered":"Apr\u00e8s Miami en mai dernier, les Etats-Unis accueilleront de nouveau un GP de Formule 1 pour la 19\u00e8me&hellip;\n","protected":false},"author":2,"featured_media":363327,"comment_status":"","ping_status":"","sticky":false,"template":"","format":"standard","meta":{"footnotes":""},"categories":[1412],"tags":[1451,1452,1453,1454,1455,1011,27,60],"class_list":{"0":"post-467320","1":"post","2":"type-post","3":"status-publish","4":"format-standard","5":"has-post-thumbnail","7":"category-f1","8":"tag-f1","9":"tag-formula-1","10":"tag-formula1","11":"tag-formule-1","12":"tag-formule1","13":"tag-fr","14":"tag-france","15":"tag-sports"},"share_on_mastodon":{"url":"https:\/\/pubeurope.com\/@fr\/115383719211287408","error":""},"_links":{"self":[{"href":"https:\/\/www.europesays.com\/fr\/wp-json\/wp\/v2\/posts\/467320","targetHints":{"allow":["GET"]}}],"collection":[{"href":"https:\/\/www.europesays.com\/fr\/wp-json\/wp\/v2\/posts"}],"about":[{"href":"https:\/\/www.europesays.com\/fr\/wp-json\/wp\/v2\/types\/post"}],"author":[{"embeddable":true,"href":"https:\/\/www.europesays.com\/fr\/wp-json\/wp\/v2\/users\/2"}],"replies":[{"embeddable":true,"href":"https:\/\/www.europesays.com\/fr\/wp-json\/wp\/v2\/comments?post=467320"}],"version-history":[{"count":0,"href":"https:\/\/www.europesays.com\/fr\/wp-json\/wp\/v2\/posts\/467320\/revisions"}],"wp:featuredmedia":[{"embeddable":true,"href":"https:\/\/www.europesays.com\/fr\/wp-json\/wp\/v2\/media\/363327"}],"wp:attachment":[{"href":"https:\/\/www.europesays.com\/fr\/wp-json\/wp\/v2\/media?parent=467320"}],"wp:term":[{"taxonomy":"category","embeddable":true,"href":"https:\/\/www.europesays.com\/fr\/wp-json\/wp\/v2\/categories?post=467320"},{"taxonomy":"post_tag","embeddable":true,"href":"https:\/\/www.europesays.com\/fr\/wp-json\/wp\/v2\/tags?post=467320"}],"curies":[{"name":"wp","href":"https:\/\/api.w.org\/{rel}","templated":true}]}}