{"id":467325,"date":"2025-10-16T11:58:12","date_gmt":"2025-10-16T11:58:12","guid":{"rendered":"https:\/\/www.europesays.com\/fr\/467325\/"},"modified":"2025-10-16T11:58:12","modified_gmt":"2025-10-16T11:58:12","slug":"les-causes-de-sa-mort-revelees","status":"publish","type":"post","link":"https:\/\/www.europesays.com\/fr\/467325\/","title":{"rendered":"les causes de sa mort r\u00e9v\u00e9l\u00e9es"},"content":{"rendered":"<p class=\"mb-4 text-lg md:leading-8 break-words\">Moins d&rsquo;une semaine apr\u00e8s <a href=\"https:\/\/fr.news.yahoo.com\/lactrice-am%C3%A9ricaine-oscaris%C3%A9e-diane-keaton-190911021.html\" data-ylk=\"slk:la mort de Diane Keaton;elm:context_link;itc:0;sec:content-canvas;outcm:mb_qualified_link;_E:mb_qualified_link;ct:story;\" class=\"link  yahoo-link\" target=\"_blank\" rel=\"noopener\">la mort de Diane Keaton<\/a>, la famille de l&rsquo;actrice am\u00e9ricaine r\u00e9v\u00e8le les raisons de sa disparition. Aupr\u00e8s du magazine <a href=\"https:\/\/people.com\/diane-keaton-family-confirms-cause-of-death-grateful-support-11828660\" rel=\"nofollow noopener\" target=\"_blank\" data-ylk=\"slk:People;elm:context_link;itc:0;sec:content-canvas\" class=\"link \">People<\/a>, ses proches ont ainsi d\u00e9voil\u00e9 que la com\u00e9dienne, disparue le 11 octobre dernier, avait succomb\u00e9 \u00e0 une pneumonie.<\/p>\n<p class=\"mb-4 text-lg md:leading-8 break-words\">\u00ab\u00a0La famille Keaton est tr\u00e8s reconnaissante pour les messages d&rsquo;amour et de soutien extraordinaires qu&rsquo;elle a re\u00e7us ces derniers jours au nom de leur ch\u00e8re Diane, d\u00e9c\u00e9d\u00e9e d&rsquo;une pneumonie\u00a0\u00bb, ont-il d\u00e9clar\u00e9.<\/p>\n<p class=\"mb-4 text-lg md:leading-8 break-words\">La famille de l&rsquo;actrice invite toute personne souhaitant faire un don en l&rsquo;honneur de l&rsquo;actrice \u00e0 soutenir les causes qui lui tenaient \u00e0 c\u0153ur: \u00ab\u00a0elle aimait ses animaux et soutenait sans faille les sans-abri. Tout don fait \u00e0 une banque alimentaire locale ou \u00e0 un refuge pour animaux serait donc un merveilleux hommage \u00e0 sa m\u00e9moire, que nous appr\u00e9cierions \u00e9norm\u00e9ment\u00a0\u00bb, ont ajout\u00e9 ses proches.<\/p>\n<p>Oscaris\u00e9e en 1978<\/p>\n<p class=\"mb-4 text-lg md:leading-8 break-words\">Actrice, r\u00e9alisatrice et productrice am\u00e9ricaine Diane Keaton est morte le 11 octobre dernier \u00e0 l&rsquo;\u00e2ge de 79 ans. En 1978, elle avait obtenu<a href=\"https:\/\/fr.news.yahoo.com\/mort-diane-keaton-cinq-films-132658902.html\" data-ylk=\"slk:l&#039;Oscar de la meilleure actrice;elm:context_link;itc:0;sec:content-canvas;outcm:mb_qualified_link;_E:mb_qualified_link;ct:story;\" class=\"link  yahoo-link\" target=\"_blank\" rel=\"noopener\"> l&rsquo;Oscar de la meilleure actrice<\/a> pour son r\u00f4le dans la com\u00e9die romantique Annie Hall. Trois autres nominations suivront, pour Reds, film sorti en 1981, Simples Secrets (1996), et Tout peut arriver (2003).<\/p>\n<p class=\"mb-4 text-lg md:leading-8 break-words\">La com\u00e9dienne s&rsquo;\u00e9tait \u00e9galement illustr\u00e9e dans Le Parrain, o\u00f9 elle incarnait la femme d&rsquo;<a href=\"https:\/\/fr.news.yahoo.com\/al-pacino-premi%C3%A8re-star-cin%C3%A9ma-144137215.html\" data-ylk=\"slk:Al Pacino;elm:context_link;itc:0;sec:content-canvas;outcm:mb_qualified_link;_E:mb_qualified_link;ct:story;\" class=\"link  yahoo-link\" target=\"_blank\" rel=\"noopener\">Al Pacino<\/a>, et dans de nombreux succ\u00e8s de <a href=\"https:\/\/fr.news.yahoo.com\/visage-rire-illuminaient-espaces-traversait-161618802.html\" data-ylk=\"slk:Woody Allen;elm:context_link;itc:0;sec:content-canvas;outcm:mb_qualified_link;_E:mb_qualified_link;ct:story;\" class=\"link  yahoo-link\" target=\"_blank\" rel=\"noopener\">Woody Allen<\/a>, dont elle est rest\u00e9e l&rsquo;amie apr\u00e8s avoir longtemps \u00e9t\u00e9 la compagne, la muse et l&rsquo;actrice f\u00e9tiche.<\/p>\n<p class=\"mb-4 text-lg md:leading-8 break-words\">Pass\u00e9 ses 70 ans, Diane Keaton continuait r\u00e9guli\u00e8rement de faire des apparitions \u00e0 l&rsquo;\u00e9cran. Elle avait ainsi jou\u00e9 dans Le Book Club en 2018 ou dans Poms en 2019. Pour son dernier r\u00f4le au cin\u00e9ma, en 2024, Diane Keaton avait partag\u00e9 l&rsquo;affiche de Summer Camp avec Kathy Bates et Alfre Woodard.<\/p>\n<p class=\"mb-4 text-lg md:leading-8 break-words\"><a href=\"https:\/\/www.bfmtv.com\/people\/cinema\/diane-keaton-les-causes-de-sa-mort-revelees_AN-202510160388.html#xtor=AL-68\" rel=\"nofollow noopener\" target=\"_blank\" data-ylk=\"slk:Article original publi\u00e9 sur BFMTV.com;elm:context_link;itc:0;sec:content-canvas\" class=\"link \">Article original publi\u00e9 sur BFMTV.com<\/a><\/p>\n","protected":false},"excerpt":{"rendered":"Moins d&rsquo;une semaine apr\u00e8s la mort de Diane Keaton, la famille de l&rsquo;actrice am\u00e9ricaine r\u00e9v\u00e8le les raisons de&hellip;\n","protected":false},"author":2,"featured_media":467326,"comment_status":"","ping_status":"","sticky":false,"template":"","format":"standard","meta":{"footnotes":""},"categories":[1359],"tags":[58208,58,59,1011,27,59139,973,59140],"class_list":{"0":"post-467325","1":"post","2":"type-post","3":"status-publish","4":"format-standard","5":"has-post-thumbnail","7":"category-people","8":"tag-diane-keaton","9":"tag-divertissement","10":"tag-entertainment","11":"tag-fr","12":"tag-france","13":"tag-lactrice-2","14":"tag-people","15":"tag-refuge-pour-animaux"},"share_on_mastodon":{"url":"https:\/\/pubeurope.com\/@fr\/115383730919080859","error":""},"_links":{"self":[{"href":"https:\/\/www.europesays.com\/fr\/wp-json\/wp\/v2\/posts\/467325","targetHints":{"allow":["GET"]}}],"collection":[{"href":"https:\/\/www.europesays.com\/fr\/wp-json\/wp\/v2\/posts"}],"about":[{"href":"https:\/\/www.europesays.com\/fr\/wp-json\/wp\/v2\/types\/post"}],"author":[{"embeddable":true,"href":"https:\/\/www.europesays.com\/fr\/wp-json\/wp\/v2\/users\/2"}],"replies":[{"embeddable":true,"href":"https:\/\/www.europesays.com\/fr\/wp-json\/wp\/v2\/comments?post=467325"}],"version-history":[{"count":0,"href":"https:\/\/www.europesays.com\/fr\/wp-json\/wp\/v2\/posts\/467325\/revisions"}],"wp:featuredmedia":[{"embeddable":true,"href":"https:\/\/www.europesays.com\/fr\/wp-json\/wp\/v2\/media\/467326"}],"wp:attachment":[{"href":"https:\/\/www.europesays.com\/fr\/wp-json\/wp\/v2\/media?parent=467325"}],"wp:term":[{"taxonomy":"category","embeddable":true,"href":"https:\/\/www.europesays.com\/fr\/wp-json\/wp\/v2\/categories?post=467325"},{"taxonomy":"post_tag","embeddable":true,"href":"https:\/\/www.europesays.com\/fr\/wp-json\/wp\/v2\/tags?post=467325"}],"curies":[{"name":"wp","href":"https:\/\/api.w.org\/{rel}","templated":true}]}}