{"id":467329,"date":"2025-10-16T12:00:23","date_gmt":"2025-10-16T12:00:23","guid":{"rendered":"https:\/\/www.europesays.com\/fr\/467329\/"},"modified":"2025-10-16T12:00:23","modified_gmt":"2025-10-16T12:00:23","slug":"operation-livres-a-gogo-a-lourdoueix-saint-michel-samedi-18-octobre-2025","status":"publish","type":"post","link":"https:\/\/www.europesays.com\/fr\/467329\/","title":{"rendered":"Op\u00e9ration \u00ab\u00a0Livres \u00e0 gogo\u00a0\u00bb \u00e0 Lourdoueix-Saint-Michel, samedi 18 octobre 2025"},"content":{"rendered":"<p>La m\u00e9diath\u00e8que de Lourdoueix-Saint-Michel et Les Amis de Saint-Michel organisent une op\u00e9ration \u00ab\u00a0Livres \u00e0 gogo\u00a0\u00bb, samedi 18\u00a0octobre 2025, de 13\u00a0h\u00a030 \u00e0 18\u00a0h\u00a030. L\u2019objectif est de pr\u00e9senter\u00a0le livre dans tous ses \u00e9tats et faire conna\u00eetre le fonds de la biblioth\u00e8que (po\u00e9sie, BD, polars, livres jeunesse ou r\u00e9gionaux, nouvelles, contes\u2026)&#8230;. <\/p>\n<p>    Cet article a \u00e9t\u00e9 tronqu\u00e9. Abonnez-vous pour lire l&rsquo;article complet sur notre site.<\/p>\n<p style=\"margin: 0 !important; padding: 0 !important; font-size: 12px !important;\">Cet article a \u00e9t\u00e9 tronqu\u00e9. Abonnez-vous pour lire l&rsquo;article complet.<\/p>\n<p>    <a href=\"https:\/\/www.lanouvellerepublique.fr\/abonnements\" style=\"display: inline-block; margin-top: 5px !important; padding: 6px 12px !important; background: #cb1c27; color: white; text-decoration: none; border-radius: 4px; font-size: 12px !important;\" target=\"_blank\" rel=\"noopener\"><br \/>\n      S&rsquo;abonner<br \/>\n    <\/a><\/p>\n","protected":false},"excerpt":{"rendered":"La m\u00e9diath\u00e8que de Lourdoueix-Saint-Michel et Les Amis de Saint-Michel organisent une op\u00e9ration \u00ab\u00a0Livres \u00e0 gogo\u00a0\u00bb, samedi 18\u00a0octobre 2025,&hellip;\n","protected":false},"author":2,"featured_media":467330,"comment_status":"","ping_status":"","sticky":false,"template":"","format":"standard","meta":{"footnotes":""},"categories":[1357],"tags":[1379,1674,58,59,1011,27,1380,1393,59141],"class_list":{"0":"post-467329","1":"post","2":"type-post","3":"status-publish","4":"format-standard","5":"has-post-thumbnail","7":"category-livres","8":"tag-books","9":"tag-communes","10":"tag-divertissement","11":"tag-entertainment","12":"tag-fr","13":"tag-france","14":"tag-livres","15":"tag-loisirs","16":"tag-lourdoueix-saint-michel"},"share_on_mastodon":{"url":"https:\/\/pubeurope.com\/@fr\/115383742360415748","error":""},"_links":{"self":[{"href":"https:\/\/www.europesays.com\/fr\/wp-json\/wp\/v2\/posts\/467329","targetHints":{"allow":["GET"]}}],"collection":[{"href":"https:\/\/www.europesays.com\/fr\/wp-json\/wp\/v2\/posts"}],"about":[{"href":"https:\/\/www.europesays.com\/fr\/wp-json\/wp\/v2\/types\/post"}],"author":[{"embeddable":true,"href":"https:\/\/www.europesays.com\/fr\/wp-json\/wp\/v2\/users\/2"}],"replies":[{"embeddable":true,"href":"https:\/\/www.europesays.com\/fr\/wp-json\/wp\/v2\/comments?post=467329"}],"version-history":[{"count":0,"href":"https:\/\/www.europesays.com\/fr\/wp-json\/wp\/v2\/posts\/467329\/revisions"}],"wp:featuredmedia":[{"embeddable":true,"href":"https:\/\/www.europesays.com\/fr\/wp-json\/wp\/v2\/media\/467330"}],"wp:attachment":[{"href":"https:\/\/www.europesays.com\/fr\/wp-json\/wp\/v2\/media?parent=467329"}],"wp:term":[{"taxonomy":"category","embeddable":true,"href":"https:\/\/www.europesays.com\/fr\/wp-json\/wp\/v2\/categories?post=467329"},{"taxonomy":"post_tag","embeddable":true,"href":"https:\/\/www.europesays.com\/fr\/wp-json\/wp\/v2\/tags?post=467329"}],"curies":[{"name":"wp","href":"https:\/\/api.w.org\/{rel}","templated":true}]}}