{"id":467335,"date":"2025-10-16T12:03:34","date_gmt":"2025-10-16T12:03:34","guid":{"rendered":"https:\/\/www.europesays.com\/fr\/467335\/"},"modified":"2025-10-16T12:03:34","modified_gmt":"2025-10-16T12:03:34","slug":"les-6-seances-speciales-a-ne-pas-manquer-au-lux-de-cadillac","status":"publish","type":"post","link":"https:\/\/www.europesays.com\/fr\/467335\/","title":{"rendered":"les 6 s\u00e9ances sp\u00e9ciales \u00e0 ne pas manquer au Lux de Cadillac"},"content":{"rendered":"<p>            Par<br \/>\n        <strong><br \/>\n            <a href=\"https:\/\/actu.fr\/auteur\/edwin-bleunven\" title=\"Consulter tous les articles de Edwin Bleunven\" target=\"_blank\" rel=\"noopener\">Edwin Bleunven<\/a><br \/>\n        <\/strong><\/p>\n<p>        Publi\u00e9 le<\/p>\n<p>            15 oct. 2025 \u00e0 12h01        <\/p>\n<p>Sur la place du ch\u00e2teau de <a href=\"https:\/\/actu.fr\/nouvelle-aquitaine\/cadillac_33081\/\" target=\"_blank\" rel=\"noopener\">Cadillac<\/a>, en <a href=\"https:\/\/actu.fr\/nouvelle-aquitaine\/gironde_33\" target=\"_blank\" rel=\"noopener\">Gironde<\/a>, le <b>cin\u00e9ma Lux<\/b> et ses deux salles proposent en moyenne cinq films par jour. R\u00e9guli\u00e8rement, ce diffuseur local de <a href=\"https:\/\/actu.fr\/cinema\" target=\"_blank\" rel=\"noopener\">7e art<\/a> organise des <b>s\u00e9ances sp\u00e9ciales<\/b>. Ainsi, des cin\u00e9-d\u00e9bats, des <b>avant-premi\u00e8res<\/b> ou des projections en partenariat avec le programme Unipop fleurissent au milieu de leur programmation classique.<br \/>Et le mois d\u2019octobre\u00a02025 est particuli\u00e8rement fourni en \u00e9v\u00e9nements\u2009: deux films attendus par le public en avant-premi\u00e8re, des <b>documentaires <\/b>sur l\u2019<a href=\"https:\/\/actu.fr\/alimentation\" target=\"_blank\" rel=\"noopener\">alimentation<\/a>, un autre sur la situation de la population \u00e0 <a href=\"https:\/\/actu.fr\/tag\/gaza\" target=\"_blank\" rel=\"noopener\">Gaza<\/a> et une s\u00e9ance sp\u00e9ciale <b>vacances scolaires<\/b> pour les plus jeunes cin\u00e9philes.<\/p>\n<p>Les films projet\u00e9s en avant-premi\u00e8re<\/p>\n<ul class=\" wall-content\">\n<li>L\u2019adaptation du roman de Camus, <b>L\u2019\u00e9tranger<\/b>. Un film sign\u00e9 Fran\u00e7ois Ozon, avec Benjamin Voisin, Rebecca Marder et <b>Pierre Lottin<\/b>. Sa s\u00e9ance est programm\u00e9e <b>jeudi 16\u00a0octobre<\/b>, \u00e0 18\u2009h\u200930, dans le cadre du programme Unipop. \u00c0 la suite du long-m\u00e9trage, une rencontre en visio avec le r\u00e9alisateur et <b>Rebecca Marder<\/b> sera propos\u00e9e aux spectateurs.<\/li>\n<\/ul>\n<ul class=\" wall-content\">\n<li>Le retour de la bande de <a href=\"https:\/\/actu.fr\/tag\/kaamelott\" target=\"_blank\" rel=\"noopener\">Kaamelott<\/a> sur grand \u00e9cran. La Partie 1 du <b>deuxi\u00e8me volet<\/b> cin\u00e9matographique de la s\u00e9rie culte d\u2019Alexandre Astier \u00e9clairera la salle du Lux <b>mardi 21\u00a0octobre<\/b> \u00e0 20\u2009h.<\/li>\n<\/ul>\n<p>Des documentaires et des d\u00e9bats<\/p>\n<ul class=\" wall-content\">\n<li>Dans le cadre du <b>festival Alimenterre<\/b> en Sud-Gironde, <b>deux documentaires<\/b> d\u2019une cinquantaine de minutes proposeront de se questionner sur la mani\u00e8re de s\u2019alimenter et de produire de la nourriture. La projection des deux films, Les Antilles empoisonn\u00e9es, la banane, le chlord\u00e9cone et\u00a0L\u2019usine des animaux, sera suivie d\u2019un d\u00e9bat avec quatre acteurs locaux engag\u00e9s pour une meilleure alimentation, plus responsable et respectueuse de l\u2019environnement\u2009: l\u2019AMAP de Cadillac, Les Jardins de Bou\u00e9, La Marysette et L\u2019Auringleta. Entre les deux s\u00e9ances, un buffet sera propos\u00e9 par l\u2019AMAP de Cadillac. <b>Samedi 18\u00a0octobre \u00e0 16\u2009h\u200915<\/b>.<\/li>\n<\/ul>\n<p>    <img   decoding=\"async\" loading=\"lazy\" class=\"size-large\" src=\"https:\/\/www.europesays.com\/fr\/wp-content\/uploads\/2025\/10\/465c566b5ee86285c566b5ee8fb5c5v-960x594.jpg\" alt=\"Pour l'honneur de Gaza sera projet\u00e9 vendredi 24 octobre.\" width=\"960\" height=\"594\"\/><br \/>\n    Pour l\u2019honneur de Gaza sera projet\u00e9 vendredi 24\u00a0octobre 2025 \u00e0 Cadillac, en Gironde. \u00a9Lux \u2013 document transmis \u00e0 actu.frVid\u00e9os : en ce moment sur Actu<\/p>\n<ul class=\" wall-content\">\n<li>\n<p><b>vendredi 24\u00a0octobre<\/b>, \u00e0 20\u2009h\u200930, la situation de la population gazaouie fera l\u2019objet d\u2019un <b>cin\u00e9-d\u00e9bat<\/b> autour du film Pour l\u2019honneur de Gaza. Un long-m\u00e9trage documentaire dans lequel la vie sous les bombardements, malgr\u00e9 son horreur, devient un t\u00e9moignage poignant de la lutte pour la paix et la dignit\u00e9.<\/p>\n<p>Apr\u00e8s la projection, \u00c9ducation avec Gaza 33 et <b>Amnesty International Gironde<\/b>, deux structures locales engag\u00e9es pour le soutien aux Palestiniens, viendront \u00e9changer avec les spectateurs.<\/p>\n<\/li>\n<\/ul>\n<p>Votre r\u00e9gion, votre actu !<\/p>\n<p>Recevez chaque jour les infos qui comptent pour vous.<\/p>\n<p>\t<a href=\"https:\/\/actu.fr\/newsletter\" class=\"ac-btn ac-btn--corner ac-btn--medium ac-btn--blue800\" target=\"_blank\" rel=\"noopener\">S&rsquo;incrire<\/a><br \/>\nRetour du Minokino et Halloween<\/p>\n<ul class=\" wall-content\">\n<li>Autre ambiance, <b>mercredi 21\u00a0octobre<\/b>, avec le retour du Minokino. Un mercredi en pleines vacances scolaires, quoi de mieux pour profiter d\u2019une s\u00e9ance sp\u00e9ciale destin\u00e9e aux plus petits cin\u00e9philes. Au programme, <b>trois courts-m\u00e9trages<\/b>, un spectacle et <b>un go\u00fbter<\/b>, le tout pour 5,50\u00a0euros. Rendez-vous fix\u00e9 \u00e0 10\u2009h\u200930.\n<p>    <img   decoding=\"async\" loading=\"lazy\" class=\"size-large\" src=\"https:\/\/www.europesays.com\/fr\/wp-content\/uploads\/2025\/10\/ea56da429f166ce56da429f169266dv-768x640.jpg\" alt=\"Midsommar - Affiche  Midsommar  - 1310056_230\" width=\"768\" height=\"640\"\/><br \/>\n    Midsommar est devenu un film culte. Il sera projet\u00e9 lors d\u2019une s\u00e9ance sp\u00e9ciale Halloween \u00e0 Cadillac, vendredi 31\u00a0octobre 2025. \u00a9archives \u2013 \u00a9 Metropolitan FilmExport \u2013 Metropolitan FilmExport<\/li>\n<li>Enfin, vendredi 31\u00a0octobre, double s\u00e9ance sp\u00e9ciale <a href=\"https:\/\/actu.fr\/tag\/halloween\" target=\"_blank\" rel=\"noopener\">Halloween<\/a>. Projection de\u00a0<b>Midsommar<\/b>, d\u2019Ari Aster, \u00e0 21\u2009h, et du <b>Dernier train pour Busan<\/b>, \u00e0 18\u2009h. Le cin\u00e9ma annonce \u00e9galement <b>des jeux en salle<\/b> pour l\u2019occasion.<\/li>\n<\/ul>\n<p>Programme complet \u00e0 retrouver sur <a href=\"https:\/\/www.cinelux.fr\/\" target=\"_blank\" rel=\"noopener\">cinelux.fr<\/a><\/p>\n<p class=\" wall-content\">Personnalisez votre actualit\u00e9 en ajoutant vos villes et m\u00e9dias en favori avec <a href=\"https:\/\/moncompte.actu.fr\" title=\"D\u00e9couvez Mon Actu\" rel=\"nofollow noopener\" data-trk=\"{&quot;cta&quot;:{&quot;action&quot;:&quot;https:\\\/\\\/moncompte.actu.fr&quot;,&quot;category&quot;:&quot;mon compte&quot;,&quot;from&quot;:&quot;article footer&quot;,&quot;name&quot;:&quot;Mon actu&quot;,&quot;type&quot;:&quot;cta&quot;}}\" target=\"_blank\">Mon Actu<\/a>.<\/p>\n","protected":false},"excerpt":{"rendered":"Par Edwin Bleunven Publi\u00e9 le 15 oct. 2025 \u00e0 12h01 Sur la place du ch\u00e2teau de Cadillac, en&hellip;\n","protected":false},"author":2,"featured_media":467336,"comment_status":"","ping_status":"","sticky":false,"template":"","format":"standard","meta":{"footnotes":""},"categories":[1354],"tags":[258,650,58,1719,59,1346,1011,27,665,1360],"class_list":{"0":"post-467335","1":"post","2":"type-post","3":"status-publish","4":"format-standard","5":"has-post-thumbnail","7":"category-films","8":"tag-alimentation","9":"tag-cinema","10":"tag-divertissement","11":"tag-enfants","12":"tag-entertainment","13":"tag-films","14":"tag-fr","15":"tag-france","16":"tag-gaza","17":"tag-movies"},"share_on_mastodon":{"url":"https:\/\/pubeurope.com\/@fr\/115383750663794700","error":""},"_links":{"self":[{"href":"https:\/\/www.europesays.com\/fr\/wp-json\/wp\/v2\/posts\/467335","targetHints":{"allow":["GET"]}}],"collection":[{"href":"https:\/\/www.europesays.com\/fr\/wp-json\/wp\/v2\/posts"}],"about":[{"href":"https:\/\/www.europesays.com\/fr\/wp-json\/wp\/v2\/types\/post"}],"author":[{"embeddable":true,"href":"https:\/\/www.europesays.com\/fr\/wp-json\/wp\/v2\/users\/2"}],"replies":[{"embeddable":true,"href":"https:\/\/www.europesays.com\/fr\/wp-json\/wp\/v2\/comments?post=467335"}],"version-history":[{"count":0,"href":"https:\/\/www.europesays.com\/fr\/wp-json\/wp\/v2\/posts\/467335\/revisions"}],"wp:featuredmedia":[{"embeddable":true,"href":"https:\/\/www.europesays.com\/fr\/wp-json\/wp\/v2\/media\/467336"}],"wp:attachment":[{"href":"https:\/\/www.europesays.com\/fr\/wp-json\/wp\/v2\/media?parent=467335"}],"wp:term":[{"taxonomy":"category","embeddable":true,"href":"https:\/\/www.europesays.com\/fr\/wp-json\/wp\/v2\/categories?post=467335"},{"taxonomy":"post_tag","embeddable":true,"href":"https:\/\/www.europesays.com\/fr\/wp-json\/wp\/v2\/tags?post=467335"}],"curies":[{"name":"wp","href":"https:\/\/api.w.org\/{rel}","templated":true}]}}