{"id":467343,"date":"2025-10-16T12:08:11","date_gmt":"2025-10-16T12:08:11","guid":{"rendered":"https:\/\/www.europesays.com\/fr\/467343\/"},"modified":"2025-10-16T12:08:11","modified_gmt":"2025-10-16T12:08:11","slug":"retraite-productivite-baisse-du-chomage-la-recette-des-economistes-rattaches-a-matignon-pour-stabiliser-la-dette","status":"publish","type":"post","link":"https:\/\/www.europesays.com\/fr\/467343\/","title":{"rendered":"Retraite, productivit\u00e9, baisse du ch\u00f4mage&#8230; La recette des \u00e9conomistes rattach\u00e9s \u00e0 Matignon pour stabiliser la dette"},"content":{"rendered":"<p>\n    Le Conseil d\u2019analyse \u00e9conomie (CAE), organe ind\u00e9pendant charg\u00e9 de fournir des analyses \u00e9conomiques au premier ministre, liste 170 leviers budg\u00e9taires pour r\u00e9duire le d\u00e9ficit. Parmi eux, quelques mesures structurelles pouvant am\u00e9liorer le solde de 45 milliards \u00e0 long terme.<\/p>\n<p class=\"fig-paragraph\">La r\u00e9forme des retraites de 2023\u00a0<a href=\"http:\/\/www.lefigaro.fr\/politique\/parlement-pourquoi-la-reforme-des-retraites-est-encore-tres-loin-d-etre-suspendue-20251015\" data-fig-type=\"Article\" data-gtm-custom-categorie=\"navigation\" data-gtm-custom-action=\"crossclick\" data-gtm-custom-label=\"Contextuel\" data-gtm-event=\"customEventSPE\" data-fig-domain=\"LEFIGARO\" target=\"_blank\" rel=\"noopener\">est cens\u00e9e \u00eatre bient\u00f4t suspendue<\/a>, figeant l\u2019\u00e2ge de d\u00e9part \u00e0 63 ans jusqu\u2019\u00e0 nouvel ordre. Ce renoncement \u00e0 l\u2019application de la r\u00e9forme de 2023 (qui devait progressivement porter l\u2019\u00e2ge de d\u00e9part \u00e0 64 ans) \u00e9tait la condition de la survie du gouvernement Lecornu 2. Mais il s\u2019accompagne\u00a0<a href=\"http:\/\/www.lefigaro.fr\/conjoncture\/de-400-millions-a-16-5-milliards-d-euros-quel-est-le-vrai-cout-de-la-suspension-de-la-reforme-des-retraites-20251015\" data-fig-type=\"Article\" data-gtm-custom-categorie=\"navigation\" data-gtm-custom-action=\"crossclick\" data-gtm-custom-label=\"Contextuel\" data-gtm-event=\"customEventSPE\" data-fig-domain=\"LEFIGARO\" target=\"_blank\" rel=\"noopener\">d\u2019un co\u00fbt<\/a>\u00a0de 400 millions d\u2019euros en 2026, et de 3 milliards en 2027, a pr\u00e9venu le premier ministre. Des mesures d\u2019\u00e9conomies devront \u00eatre trouv\u00e9es en compensation, a-t-il ajout\u00e9. Il s\u2019agissait pourtant d\u2019une des seules grandes r\u00e9formes prises sous le deuxi\u00e8me quinquennat d\u2019Emmanuel Macron, et de nature \u00e0 soulager nos finances publiques &#8211; m\u00eame si la mesure est d\u2019ores et d\u00e9j\u00e0 jug\u00e9e insuffisante pour assurer l\u2019\u00e9quilibre du financement du syst\u00e8me de retraites.<\/p>\n<p class=\"fig-paragraph\">Ironie de l\u2019agenda, \u00e0 peine ce compromis a-t-il \u00e9t\u00e9 trouv\u00e9 que\u00a0<a href=\"http:\/\/www.lefigaro.fr\/conjoncture\/exil-fiscal-comportement-d-evitement-pourquoi-surtaxer-les-hauts-patrimoines-est-inefficace-20250902\" data-fig-type=\"Article\" data-gtm-custom-categorie=\"navigation\" data-gtm-custom-action=\"crossclick\" data-gtm-custom-label=\"Contextuel\" data-gtm-event=\"customEventSPE\" data-fig-domain=\"LEFIGARO\" target=\"_blank\" rel=\"noopener\">le Conseil d\u2019analyse \u00e9conomique (CAE)<\/a>, organisme de r\u00e9flexion rattach\u00e9 au premier ministre, formule l\u2019hypoth\u00e8se d\u2019un d\u00e9part \u00e0 65 ans comme moyen de contribuer \u00e0\u2026<\/p>\n<p class=\"fig-premium-paywall__infos\">\n        Cet article est r\u00e9serv\u00e9 aux abonn\u00e9s.        Il vous reste 82% \u00e0 d\u00e9couvrir.\n    <\/p>\n<p>                <img  data- alt=\"Le Figaro\" class=\"fig-img--complete fig-img\"\/><\/p>\n<p class=\"fig-premium-paywall__title\">Vous avez envie de lire la suite ?<\/p>\n<p class=\"fig-premium-paywall__subtitle\">D\u00e9bloquez tous les articles imm\u00e9diatement.<\/p>\n<p class=\"fig-premium-paywall__connect\">\n                D\u00e9j\u00e0 abonn\u00e9\u00a0?                <a class=\"fig-premium-paywall__connect-link\" href=\"https:\/\/connect.lefigaro.fr\/login?client=horizon_web&amp;type=main&amp;redirect_uri=https%3A%2F%2Fwww.lefigaro.fr%2Fconjoncture%2Fretraite-productivite-baisse-du-chomage-la-recette-des-economistes-rattaches-a-matignon-pour-stabiliser-la-dette-20251016\" data-js-gtm=\"{&quot;customCategorie&quot;: &quot;conversion&quot;, &quot;customAction&quot;: &quot;before_Landing_Connexion_paywall_auto&quot;, &quot;customLabel&quot;: &quot;bGVmaWdhcm8uZnJfXzFmMGE5ZGM2LTlhMTktNmI5YS1iYzU3LTZmYjhmYzIyNWE1ZF9fTmV3c0ZsYXNo_Retraite, productivit\u00e9, baisse du ch\u00f4mage... La recette des \u00e9conomistes rattach\u00e9s \u00e0 Matignon pour stabiliser la dette_223&quot;, &quot;customIDSPE&quot;: &quot;bGVmaWdhcm8uZnJfXzFmMGE5ZGM2LTlhMTktNmI5YS1iYzU3LTZmYjhmYzIyNWE1ZF9fTmV3c0ZsYXNo&quot;, &quot;event&quot;: &quot;customEventSPE&quot;}\" target=\"_blank\" rel=\"noopener\"><br \/>\n                    Connectez-vous<br \/>\n                <\/a>\n            <\/p>\n","protected":false},"excerpt":{"rendered":"Le Conseil d\u2019analyse \u00e9conomie (CAE), organe ind\u00e9pendant charg\u00e9 de fournir des analyses \u00e9conomiques au premier ministre, liste 170&hellip;\n","protected":false},"author":2,"featured_media":467344,"comment_status":"","ping_status":"","sticky":false,"template":"","format":"standard","meta":{"footnotes":""},"categories":[6],"tags":[35,33,34,1011,27,9910],"class_list":{"0":"post-467343","1":"post","2":"type-post","3":"status-publish","4":"format-standard","5":"has-post-thumbnail","7":"category-economie","8":"tag-business","9":"tag-economie","10":"tag-economy","11":"tag-fr","12":"tag-france","13":"tag-retraites"},"share_on_mastodon":{"url":"https:\/\/pubeurope.com\/@fr\/115383769728581125","error":""},"_links":{"self":[{"href":"https:\/\/www.europesays.com\/fr\/wp-json\/wp\/v2\/posts\/467343","targetHints":{"allow":["GET"]}}],"collection":[{"href":"https:\/\/www.europesays.com\/fr\/wp-json\/wp\/v2\/posts"}],"about":[{"href":"https:\/\/www.europesays.com\/fr\/wp-json\/wp\/v2\/types\/post"}],"author":[{"embeddable":true,"href":"https:\/\/www.europesays.com\/fr\/wp-json\/wp\/v2\/users\/2"}],"replies":[{"embeddable":true,"href":"https:\/\/www.europesays.com\/fr\/wp-json\/wp\/v2\/comments?post=467343"}],"version-history":[{"count":0,"href":"https:\/\/www.europesays.com\/fr\/wp-json\/wp\/v2\/posts\/467343\/revisions"}],"wp:featuredmedia":[{"embeddable":true,"href":"https:\/\/www.europesays.com\/fr\/wp-json\/wp\/v2\/media\/467344"}],"wp:attachment":[{"href":"https:\/\/www.europesays.com\/fr\/wp-json\/wp\/v2\/media?parent=467343"}],"wp:term":[{"taxonomy":"category","embeddable":true,"href":"https:\/\/www.europesays.com\/fr\/wp-json\/wp\/v2\/categories?post=467343"},{"taxonomy":"post_tag","embeddable":true,"href":"https:\/\/www.europesays.com\/fr\/wp-json\/wp\/v2\/tags?post=467343"}],"curies":[{"name":"wp","href":"https:\/\/api.w.org\/{rel}","templated":true}]}}