{"id":467353,"date":"2025-10-16T12:13:13","date_gmt":"2025-10-16T12:13:13","guid":{"rendered":"https:\/\/www.europesays.com\/fr\/467353\/"},"modified":"2025-10-16T12:13:13","modified_gmt":"2025-10-16T12:13:13","slug":"octobre-rose-et-si-vous-donniez-vos-cheveux","status":"publish","type":"post","link":"https:\/\/www.europesays.com\/fr\/467353\/","title":{"rendered":"Octobre Rose\u00a0: et si vous donniez vos cheveux\u00a0?"},"content":{"rendered":"<p class=\"is-style-chapo\">Apr\u00e8s une premi\u00e8re \u00e9dition fin juin, l\u2019association Les Cheveux du C\u0153ur organise une nouvelle journ\u00e9e d\u00e9di\u00e9e au don de cheveux, \u00e0 Saint-Etienne-le-Molard. Que ce soit pour confectionner des perruques, nettoyer les oc\u00e9ans, mais aussi faire du paillage naturel pour les terres agricoles, les cheveux sont une vraie mine d\u2019or.<\/p>\n<p><img fetchpriority=\"high\" decoding=\"async\" width=\"1024\" height=\"576\" src=\"https:\/\/www.europesays.com\/fr\/wp-content\/uploads\/2025\/10\/haircut-834280_1280-1-1024x576.jpg\" alt=\"\" class=\"wp-image-80779\"  \/><\/p>\n<p>\u00ab Nous avons lanc\u00e9 <a href=\"https:\/\/www.ligue-cancer.net\/42-loire\/agenda\/les-cheveux-du-coeur-2e-edition\" target=\"_blank\" rel=\"noreferrer noopener\">Les Cheveux C\u0153ur<\/a> au mois d\u2019avril, \u00e0 la suite du d\u00e9c\u00e8s de notre maman, avec ma s\u0153ur Nina, se souvient Eva Galland. Nous savons que la perte de cheveux est une \u00e9tape importante dans la maladie\u00a0\u00bb. C\u2019est ainsi que les deux s\u0153urs et Clo\u00e9 D\u00e9combe lancent une premi\u00e8re op\u00e9ration de collecte en juin dernier, dans leur commune de Saint-Etienne-le-Molard.<\/p>\n<p>Le dimanche 26 octobre, elles renouvellent cette invitation \u00e0 donner ses cheveux, de 9h30 \u00e0 16 \u00e0 la salle des f\u00eates de Saint-Etienne-le-Molard. Femmes, hommes, enfants\u2026 l\u2019\u00e9v\u00e9nement est ouvert \u00e0 tous, quelle que soit la longueur de votre crini\u00e8re. <\/p>\n<p>Rien ne se perd<\/p>\n<p>\u00ab\u00a0La derni\u00e8re fois, une femme a fait une heure de route pour venir\u00a0\u00bb, s\u2019enthousiasme Eva Galland. Car la pratique reste encore marginale, peu de salons font don des cheveux qu\u2019ils r\u00e9coltent en fin de journ\u00e9e. Cela s\u2019explique par une r\u00e9cup\u00e9ration difficile \u00e0 organiser par des associations qui ont peu de moyens, et parfois par une m\u00e9connaissance de l\u2019utilit\u00e9 de ce qui a longtemps \u00e9t\u00e9 consid\u00e9r\u00e9 comme un simple d\u00e9chet. <\/p>\n<p>Les Cheveux du C\u0153ur vont ainsi consacrer les m\u00e8ches de plus de 10 centim\u00e8tres \u00e0 la r\u00e9alisation de perruques, via l\u2019association <a href=\"https:\/\/fakehairdontcare.fr\/\" target=\"_blank\" rel=\"noreferrer noopener\">Fake hair don\u2019t care<\/a>. Quant aux cheveux plus courts, ils seront confi\u00e9s \u00e0 la soci\u00e9t\u00e9 <a href=\"https:\/\/www.capillum.fr\/\" target=\"_blank\" rel=\"noreferrer noopener\">Capillum<\/a> qui les recyclera pour cr\u00e9er des boudins anti-pollution, utilis\u00e9s dans le but de nettoyer les oc\u00e9ans, ou pour r\u00e9aliser des tapis de paillage pour les terres agricoles.<\/p>\n<p>Participa\u2019tif<\/p>\n<p>Pour ce faire, une vingtaine de coiffeurs se sont port\u00e9s volontaires pour r\u00e9aliser les coupes de mani\u00e8re b\u00e9n\u00e9vole. C\u00f4t\u00e9 client, le prix est participatif. L\u2019ensemble des recettes de la journ\u00e9e, avec la restauration, la buvette, les ateliers, etc., sera revers\u00e9 \u00e0 la <a href=\"https:\/\/www.if-saint-etienne.fr\/breves\/journee-mondiale-contre-le-cancer-le-chu-organise-un-cafe-rencontre\" target=\"_blank\" rel=\"noreferrer noopener\">Ligue contre le cancer<\/a>.<\/p>\n<p>Cette derni\u00e8re aura \u00e9galement un stand sur place pour sensibiliser et informer. Nouveaut\u00e9 cette ann\u00e9e, il y aura sur place un atelier de confection de coussins en forme de c\u0153ur, utiles pour soulager la douleur des personnes atteintes d\u2019un cancer du sein, apr\u00e8s une op\u00e9ration. Pour participer, pas besoin de prendre rendez-vous, venez comme vous \u00eates. Avec, peut-\u00eatre, \u00e0 la cl\u00e9, une perruque plus confortable et plus r\u00e9aliste pour une personne qui en aura besoin. \u00a0<\/p>\n","protected":false},"excerpt":{"rendered":"Apr\u00e8s une premi\u00e8re \u00e9dition fin juin, l\u2019association Les Cheveux du C\u0153ur organise une nouvelle journ\u00e9e d\u00e9di\u00e9e au don&hellip;\n","protected":false},"author":2,"featured_media":467354,"comment_status":"","ping_status":"","sticky":false,"template":"","format":"standard","meta":{"footnotes":""},"categories":[9653],"tags":[1111,11,2430,20166,59144,1777,674,1011,27,12,54321,59145,25,4001,49670],"class_list":{"0":"post-467353","1":"post","2":"type-post","3":"status-publish","4":"format-standard","5":"has-post-thumbnail","7":"category-saint-etienne","8":"tag-actu","9":"tag-actualites","10":"tag-auvergne-rhone-alpes","11":"tag-caritatif","12":"tag-don-de-cheveux-loire","13":"tag-eu","14":"tag-europe","15":"tag-fr","16":"tag-france","17":"tag-news","18":"tag-octobre-rose","19":"tag-octobre-rose-loire","20":"tag-republique-francaise","21":"tag-saint-etienne","22":"tag-saint-etienne-le-molard"},"share_on_mastodon":{"url":"https:\/\/pubeurope.com\/@fr\/115383790114971892","error":""},"_links":{"self":[{"href":"https:\/\/www.europesays.com\/fr\/wp-json\/wp\/v2\/posts\/467353","targetHints":{"allow":["GET"]}}],"collection":[{"href":"https:\/\/www.europesays.com\/fr\/wp-json\/wp\/v2\/posts"}],"about":[{"href":"https:\/\/www.europesays.com\/fr\/wp-json\/wp\/v2\/types\/post"}],"author":[{"embeddable":true,"href":"https:\/\/www.europesays.com\/fr\/wp-json\/wp\/v2\/users\/2"}],"replies":[{"embeddable":true,"href":"https:\/\/www.europesays.com\/fr\/wp-json\/wp\/v2\/comments?post=467353"}],"version-history":[{"count":0,"href":"https:\/\/www.europesays.com\/fr\/wp-json\/wp\/v2\/posts\/467353\/revisions"}],"wp:featuredmedia":[{"embeddable":true,"href":"https:\/\/www.europesays.com\/fr\/wp-json\/wp\/v2\/media\/467354"}],"wp:attachment":[{"href":"https:\/\/www.europesays.com\/fr\/wp-json\/wp\/v2\/media?parent=467353"}],"wp:term":[{"taxonomy":"category","embeddable":true,"href":"https:\/\/www.europesays.com\/fr\/wp-json\/wp\/v2\/categories?post=467353"},{"taxonomy":"post_tag","embeddable":true,"href":"https:\/\/www.europesays.com\/fr\/wp-json\/wp\/v2\/tags?post=467353"}],"curies":[{"name":"wp","href":"https:\/\/api.w.org\/{rel}","templated":true}]}}