{"id":467355,"date":"2025-10-16T12:16:17","date_gmt":"2025-10-16T12:16:17","guid":{"rendered":"https:\/\/www.europesays.com\/fr\/467355\/"},"modified":"2025-10-16T12:16:17","modified_gmt":"2025-10-16T12:16:17","slug":"la-maison-du-reemploi-de-nancy-materiaux-de-construction-et-seconde-chance","status":"publish","type":"post","link":"https:\/\/www.europesays.com\/fr\/467355\/","title":{"rendered":"La Maison du R\u00e9emploi de Nancy : mat\u00e9riaux de construction et seconde chance"},"content":{"rendered":"<p>L&rsquo;\u00c9conomie Circulaire au C\u0153ur du BTP<\/p>\n<p>L\u2019id\u00e9e de la Maison du R\u00e9emploi est n\u00e9e d\u2019une opportunit\u00e9 lors de la r\u00e9habilitation du quartier du Haut du Li\u00e8vre. Face \u00e0 l&rsquo;ampleur du chantier, l&rsquo;Office m\u00e9tropolitain de l&rsquo;habitat (OMH) et ses partenaires ont \u00e9mis la volont\u00e9 de ne pas jeter des mat\u00e9riaux de bonne qualit\u00e9 et relativement r\u00e9cents pour les remplacer par du neuf. Ce choix courageux, faisant rupture avec les pratiques habituelles, a permis d&rsquo;ouvrir pour la premi\u00e8re fois un lot \u00ab\u00a0d\u00e9pose r\u00e9emploi\u00a0\u00bb sur un des plus grands chantiers de France.<\/p>\n<p>Pour J\u00e9r\u00f4me Burtin, qui pilote actuellement la maison du r\u00e9emploi, cette d\u00e9marche n\u00e9cessitait des pionniers et une ambition forte, car \u00ab il nous faut un bateau plus grand \u00bb pour faire face \u00e0 l&rsquo;urgence de la transition \u00e9cologique.\u00a0<\/p>\n<p>Concr\u00e8tement, la Maison du R\u00e9emploi r\u00e9cup\u00e8re les mat\u00e9riaux de trois sources diff\u00e9rentes : les chantiers de d\u00e9construction, les dons (notamment d\u2019invendus de grandes enseignes de bricolage), et les mat\u00e9riaux issus de d\u00e9chetteries. L&rsquo;espace mis \u00e0 disposition par la m\u00e9tropole du Grand Nancy, situ\u00e9 dans un ancien centre commercial, sert \u00e0 la fois de centre n\u00e9vralgique, de lieu de remise en \u00e9tat des produits et de lieu de vente pour les particuliers et les professionnels.<\/p>\n<p>Cr\u00e9er du Sens et de l&rsquo;Emploi<\/p>\n<p>Au-del\u00e0 de son r\u00f4le \u00e9cologique, la Maison du R\u00e9emploi est un pilier de l&rsquo;association R\u00e9ciprocit\u00e9, un chantier d\u2019insertion existant depuis 20 ans. L&rsquo;objectif principal est de permettre \u00e0 des personnes \u00e9loign\u00e9es de l\u2019emploi (en raison de probl\u00e8mes de mobilit\u00e9, d\u2019addiction ou de sant\u00e9, par exemple) de se r\u00e9approprier les codes du travail et d\u2019acc\u00e9der \u00e0 un emploi ou \u00e0 une formation certifiante.<\/p>\n<p>L&rsquo;arriv\u00e9e du r\u00e9emploi a n\u00e9cessit\u00e9 l&rsquo;acquisition de nouvelles comp\u00e9tences dans le secteur du BTP (B\u00e2timent et Travaux Publics) et a conduit au recrutement de 20 personnes en transition professionnelle. Le succ\u00e8s de cette d\u00e9marche repose sur la capacit\u00e9 \u00e0 donner du sens aux t\u00e2ches effectu\u00e9es. J\u00e9r\u00f4me Burtin insiste sur le fait que \u00ab le sens est quelque chose qui est totalement indispensable \u00bb pour motiver ces agents.<\/p>\n<p>En travaillant sur la r\u00e9cup\u00e9ration et la restauration des mat\u00e9riaux, ces personnes accomplissent une fonction \u00e0 la fois professionnelle et sociale, leur permettant de comprendre que leur r\u00f4le est utile et que des gens comptent sur eux, levant ainsi les freins qui les emp\u00eachent d&rsquo;acc\u00e9der \u00e0 l&#8217;emploi.<\/p>\n","protected":false},"excerpt":{"rendered":"L&rsquo;\u00c9conomie Circulaire au C\u0153ur du BTP L\u2019id\u00e9e de la Maison du R\u00e9emploi est n\u00e9e d\u2019une opportunit\u00e9 lors de&hellip;\n","protected":false},"author":2,"featured_media":467356,"comment_status":"","ping_status":"","sticky":false,"template":"","format":"standard","meta":{"footnotes":""},"categories":[9635],"tags":[1111,11,1777,674,1011,27,775,1702,12,25],"class_list":{"0":"post-467355","1":"post","2":"type-post","3":"status-publish","4":"format-standard","5":"has-post-thumbnail","7":"category-nancy","8":"tag-actu","9":"tag-actualites","10":"tag-eu","11":"tag-europe","12":"tag-fr","13":"tag-france","14":"tag-grand-est","15":"tag-nancy","16":"tag-news","17":"tag-republique-francaise"},"share_on_mastodon":{"url":"https:\/\/pubeurope.com\/@fr\/115383801261114992","error":""},"_links":{"self":[{"href":"https:\/\/www.europesays.com\/fr\/wp-json\/wp\/v2\/posts\/467355","targetHints":{"allow":["GET"]}}],"collection":[{"href":"https:\/\/www.europesays.com\/fr\/wp-json\/wp\/v2\/posts"}],"about":[{"href":"https:\/\/www.europesays.com\/fr\/wp-json\/wp\/v2\/types\/post"}],"author":[{"embeddable":true,"href":"https:\/\/www.europesays.com\/fr\/wp-json\/wp\/v2\/users\/2"}],"replies":[{"embeddable":true,"href":"https:\/\/www.europesays.com\/fr\/wp-json\/wp\/v2\/comments?post=467355"}],"version-history":[{"count":0,"href":"https:\/\/www.europesays.com\/fr\/wp-json\/wp\/v2\/posts\/467355\/revisions"}],"wp:featuredmedia":[{"embeddable":true,"href":"https:\/\/www.europesays.com\/fr\/wp-json\/wp\/v2\/media\/467356"}],"wp:attachment":[{"href":"https:\/\/www.europesays.com\/fr\/wp-json\/wp\/v2\/media?parent=467355"}],"wp:term":[{"taxonomy":"category","embeddable":true,"href":"https:\/\/www.europesays.com\/fr\/wp-json\/wp\/v2\/categories?post=467355"},{"taxonomy":"post_tag","embeddable":true,"href":"https:\/\/www.europesays.com\/fr\/wp-json\/wp\/v2\/tags?post=467355"}],"curies":[{"name":"wp","href":"https:\/\/api.w.org\/{rel}","templated":true}]}}