{"id":467369,"date":"2025-10-16T12:23:12","date_gmt":"2025-10-16T12:23:12","guid":{"rendered":"https:\/\/www.europesays.com\/fr\/467369\/"},"modified":"2025-10-16T12:23:12","modified_gmt":"2025-10-16T12:23:12","slug":"isere-vanessa-paradis-en-concert-au-palais-des-sports-de-grenoble-en-2026","status":"publish","type":"post","link":"https:\/\/www.europesays.com\/fr\/467369\/","title":{"rendered":"Is\u00e8re. Vanessa Paradis en concert au Palais des sports de Grenoble en 2026"},"content":{"rendered":"<p>C\u2019est un v\u00e9ritable \u00e9v\u00e9nement tant son retour est attendu. <a href=\"https:\/\/www.ledauphine.com\/p\/vanessa-paradis\" target=\"_blank\" rel=\"noopener\">Vanessa Paradis<\/a> sera en Is\u00e8re en 2026 notamment pour pr\u00e9senter les titres de son dernier album, Le retour des beaux jours dont le titre fait r\u00e9f\u00e9rence \u00e0 des mauvais jours pass\u00e9s comme elle l\u2019a expliqu\u00e9 sur <a href=\"https:\/\/www.radiofrance.fr\/franceinter\/podcasts\/l-invite-de-7h50\/l-invite-de-7h50-du-jeudi-04-septembre-2025-5623279\" target=\"_blank\" rel=\"noopener\">France Inter<\/a>. \u00ab\u00a0C\u2019est une de mes chansons pr\u00e9f\u00e9r\u00e9es sur le disque. Ce titre, pour moi, c\u2019est une phrase d\u2019espoir. Ce n\u2019est pas pour dire que c\u2019est bon, les beaux jours sont revenus, parce que ce n\u2019est pas tellement le cas\u00a0: c\u2019est quand m\u00eame assez terrible ce qui se passe dans le monde. Je ne peux pas changer le monde, je ne peux pas soigner les gens, mais je peux les distraire.\u00a0\u00bb Pour l\u2019\u00e9criture, elle s\u2019est notamment entour\u00e9e d\u2019<a href=\"https:\/\/www.ledauphine.com\/p\/etienne-daho\" target=\"_blank\" rel=\"noopener\">\u00c9tienne Daho<\/a> qui raconte notamment avoir voulu \u00ab\u00a0cerner la Vanessa, d\u2019aujourd\u2019hui forte de tout ce qu\u2019elle a travers\u00e9\u00a0\u00bb.<\/p>\n<p class=\"note\">Vendredi 23\u00a0octobre 2026 \u00e0 20 heures au Palais des sports \u00e0 Grenoble. Ouverture de la billetterie ce vendredi 17\u00a0octobre \u00e0 10 heures. Elle sera \u00e9galement au Phare \u00e0 Chamb\u00e9ry le samedi 28\u00a0mars 2026.<\/p>\n","protected":false},"excerpt":{"rendered":"C\u2019est un v\u00e9ritable \u00e9v\u00e9nement tant son retour est attendu. Vanessa Paradis sera en Is\u00e8re en 2026 notamment pour&hellip;\n","protected":false},"author":2,"featured_media":467370,"comment_status":"","ping_status":"","sticky":false,"template":"","format":"standard","meta":{"footnotes":""},"categories":[9566],"tags":[1111,11,2430,1687,112,1777,674,1011,27,2731,2732,108,12,25,3140],"class_list":{"0":"post-467369","1":"post","2":"type-post","3":"status-publish","4":"format-standard","5":"has-post-thumbnail","7":"category-grenoble","8":"tag-actu","9":"tag-actualites","10":"tag-auvergne-rhone-alpes","11":"tag-culture-loisirs","12":"tag-edition-grenoble-agglomeration","13":"tag-eu","14":"tag-europe","15":"tag-fr","16":"tag-france","17":"tag-grenoble","18":"tag-grenoble-bassin","19":"tag-isere","20":"tag-news","21":"tag-republique-francaise","22":"tag-spectacle"},"share_on_mastodon":{"url":"https:\/\/pubeurope.com\/@fr\/115383828787110348","error":""},"_links":{"self":[{"href":"https:\/\/www.europesays.com\/fr\/wp-json\/wp\/v2\/posts\/467369","targetHints":{"allow":["GET"]}}],"collection":[{"href":"https:\/\/www.europesays.com\/fr\/wp-json\/wp\/v2\/posts"}],"about":[{"href":"https:\/\/www.europesays.com\/fr\/wp-json\/wp\/v2\/types\/post"}],"author":[{"embeddable":true,"href":"https:\/\/www.europesays.com\/fr\/wp-json\/wp\/v2\/users\/2"}],"replies":[{"embeddable":true,"href":"https:\/\/www.europesays.com\/fr\/wp-json\/wp\/v2\/comments?post=467369"}],"version-history":[{"count":0,"href":"https:\/\/www.europesays.com\/fr\/wp-json\/wp\/v2\/posts\/467369\/revisions"}],"wp:featuredmedia":[{"embeddable":true,"href":"https:\/\/www.europesays.com\/fr\/wp-json\/wp\/v2\/media\/467370"}],"wp:attachment":[{"href":"https:\/\/www.europesays.com\/fr\/wp-json\/wp\/v2\/media?parent=467369"}],"wp:term":[{"taxonomy":"category","embeddable":true,"href":"https:\/\/www.europesays.com\/fr\/wp-json\/wp\/v2\/categories?post=467369"},{"taxonomy":"post_tag","embeddable":true,"href":"https:\/\/www.europesays.com\/fr\/wp-json\/wp\/v2\/tags?post=467369"}],"curies":[{"name":"wp","href":"https:\/\/api.w.org\/{rel}","templated":true}]}}