{"id":467373,"date":"2025-10-16T12:25:14","date_gmt":"2025-10-16T12:25:14","guid":{"rendered":"https:\/\/www.europesays.com\/fr\/467373\/"},"modified":"2025-10-16T12:25:14","modified_gmt":"2025-10-16T12:25:14","slug":"raid-police-et-pompiers-mobilises-dans-ce-lycee-de-rennes-pour-se-preparer-a-une-tuerie-de-masse","status":"publish","type":"post","link":"https:\/\/www.europesays.com\/fr\/467373\/","title":{"rendered":"RAID, police et pompiers mobilis\u00e9s dans ce lyc\u00e9e de Rennes pour se pr\u00e9parer \u00e0 une \u00ab\u00a0tuerie de masse\u00a0\u00bb"},"content":{"rendered":"<p>            Par<br \/>\n        <strong><br \/>\n            <a href=\"https:\/\/actu.fr\/auteur\/brian-legoff\" title=\"Consulter tous les articles de Brian Le Goff\" target=\"_blank\" rel=\"noopener\">Brian Le Goff<\/a><br \/>\n        <\/strong><\/p>\n<p>        Publi\u00e9 le<\/p>\n<p>            16 oct. 2025 \u00e0 11h15        <\/p>\n<p>Mercredi 15 octobre 2025, <strong>13h15,<\/strong> la <a href=\"https:\/\/actu.fr\/tag\/police\" target=\"_blank\" rel=\"noopener\">police<\/a> re\u00e7oit un appel signalant <strong>deux assaillants arm\u00e9s<\/strong> au sein du lyc\u00e9e Charles Tillon \u00e0 <a href=\"https:\/\/actu.fr\/rennes\/\" target=\"_blank\" rel=\"noopener\">Rennes<\/a>. Ces derniers ont d\u00e9j\u00e0 fait <strong>plusieurs victimes et pris en otage<\/strong> plusieurs personnes au sein de l\u2019\u00e9tablissement. Aussit\u00f4t, l\u2019ensemble des moyens disponibles sont mobilis\u00e9s pour mettre fin \u00e0 cette<strong> \u00ab\u00a0tuerie de masse\u00a0\u00bb<\/strong>. Tel \u00e9tait le <strong>sc\u00e9nario<\/strong> que les autorit\u00e9s ont imagin\u00e9 dans le cadre d\u2019un <strong>exercice <\/strong>grandeur nature.<\/p>\n<p>\u00ab\u00a0Comme dans la r\u00e9alit\u00e9\u00a0\u00bb<\/p>\n<p class=\" wall-content\">Unit\u00e9s de police-secours, Bac, compagnie d\u2019intervention\u2026 Ce sont pr\u00e8s de<strong> 50 effectifs de la police rennaise<\/strong> qui ont pris part \u00e0 la simulation.<\/p>\n<p class=\" wall-content\">\u00ab\u00a0Une vingtaine d\u2019entre eux \u00e9taient charg\u00e9s du <strong>p\u00e9rim\u00e8tre de s\u00e9curit\u00e9<\/strong> autour du lyc\u00e9e, quand <strong>25 autres<\/strong> \u00e9taient <strong>charg\u00e9s d\u2019intervenir<\/strong> \u00e0 l\u2019int\u00e9rieur de l\u2019\u00e9tablissement en soutien au <a href=\"https:\/\/actu.fr\/tag\/raid\" target=\"_blank\" rel=\"noopener\">RAID<\/a>, \u00e9galement sur place\u00a0\u00bb, d\u00e9taille la responsable de la communication de la police nationale 35.<\/p>\n<blockquote class=\"ac-article-quote wall-content\">\n<p>Le principe est vraiment d&rsquo;effectuer les choses comme dans la r\u00e9alit\u00e9. <\/p>\n<p>    <strong>Communication de la police nationale 35<\/strong>\n            <\/p><\/blockquote>\n<p class=\" wall-content\">En plus des effectifs de s\u00e9curit\u00e9, les <strong>pompiers,<\/strong> le <strong>Samu,<\/strong> la <strong>police municipale<\/strong> et la <strong>protection civile,<\/strong> 45 \u00e9l\u00e8ves et des enseignants et personnels du lyc\u00e9e compl\u00e9taient le dispositif.<\/p>\n<p>\u00ab\u00a0Voir comment se coordonner et s\u2019am\u00e9liorer\u00a0\u00bb<\/p>\n<p class=\" wall-content\">\u00ab\u00a0C\u2019\u00e9tait <strong>vraiment un exercice inter-services<\/strong> qui devait permettre de <strong>voir comment se coordonner et s\u2019am\u00e9liorer<\/strong> dans ce type de situation\u00a0\u00bb, continue la porte-parole de la police nationale \u00e0 Rennes.<\/p>\n<p>Votre r\u00e9gion, votre actu !<\/p>\n<p>Recevez chaque jour les infos qui comptent pour vous.<\/p>\n<p>\t<a href=\"https:\/\/actu.fr\/newsletter\" class=\"ac-btn ac-btn--corner ac-btn--medium ac-btn--blue800\" target=\"_blank\" rel=\"noopener\">S&rsquo;incrire<\/a><\/p>\n<p class=\" wall-content\">L\u2019exercice a <strong>pris fin aux alentours de 15h30<\/strong> et d\u2019autres op\u00e9rations pourraient \u00eatre amen\u00e9es \u00e0 se renouveler.<\/p>\n<p class=\" wall-content\">Personnalisez votre actualit\u00e9 en ajoutant vos villes et m\u00e9dias en favori avec <a href=\"https:\/\/moncompte.actu.fr\" title=\"D\u00e9couvez Mon Actu\" rel=\"nofollow noopener\" data-trk=\"{&quot;cta&quot;:{&quot;action&quot;:&quot;https:\\\/\\\/moncompte.actu.fr&quot;,&quot;category&quot;:&quot;mon compte&quot;,&quot;from&quot;:&quot;article footer&quot;,&quot;name&quot;:&quot;Mon actu&quot;,&quot;type&quot;:&quot;cta&quot;}}\" target=\"_blank\">Mon Actu<\/a>.<\/p>\n","protected":false},"excerpt":{"rendered":"Par Brian Le Goff Publi\u00e9 le 16 oct. 2025 \u00e0 11h15 Mercredi 15 octobre 2025, 13h15, la police&hellip;\n","protected":false},"author":2,"featured_media":467374,"comment_status":"","ping_status":"","sticky":false,"template":"","format":"standard","meta":{"footnotes":""},"categories":[2821],"tags":[1111,11,829,1777,674,118,1011,27,12,1072,8989,584,25,1254],"class_list":{"0":"post-467373","1":"post","2":"type-post","3":"status-publish","4":"format-standard","5":"has-post-thumbnail","7":"category-rennes","8":"tag-actu","9":"tag-actualites","10":"tag-bretagne","11":"tag-eu","12":"tag-europe","13":"tag-faits-divers","14":"tag-fr","15":"tag-france","16":"tag-news","17":"tag-police","18":"tag-raid","19":"tag-rennes","20":"tag-republique-francaise","21":"tag-terrorisme"},"share_on_mastodon":{"url":"https:\/\/pubeurope.com\/@fr\/115383836631988520","error":""},"_links":{"self":[{"href":"https:\/\/www.europesays.com\/fr\/wp-json\/wp\/v2\/posts\/467373","targetHints":{"allow":["GET"]}}],"collection":[{"href":"https:\/\/www.europesays.com\/fr\/wp-json\/wp\/v2\/posts"}],"about":[{"href":"https:\/\/www.europesays.com\/fr\/wp-json\/wp\/v2\/types\/post"}],"author":[{"embeddable":true,"href":"https:\/\/www.europesays.com\/fr\/wp-json\/wp\/v2\/users\/2"}],"replies":[{"embeddable":true,"href":"https:\/\/www.europesays.com\/fr\/wp-json\/wp\/v2\/comments?post=467373"}],"version-history":[{"count":0,"href":"https:\/\/www.europesays.com\/fr\/wp-json\/wp\/v2\/posts\/467373\/revisions"}],"wp:featuredmedia":[{"embeddable":true,"href":"https:\/\/www.europesays.com\/fr\/wp-json\/wp\/v2\/media\/467374"}],"wp:attachment":[{"href":"https:\/\/www.europesays.com\/fr\/wp-json\/wp\/v2\/media?parent=467373"}],"wp:term":[{"taxonomy":"category","embeddable":true,"href":"https:\/\/www.europesays.com\/fr\/wp-json\/wp\/v2\/categories?post=467373"},{"taxonomy":"post_tag","embeddable":true,"href":"https:\/\/www.europesays.com\/fr\/wp-json\/wp\/v2\/tags?post=467373"}],"curies":[{"name":"wp","href":"https:\/\/api.w.org\/{rel}","templated":true}]}}