{"id":467376,"date":"2025-10-16T12:27:12","date_gmt":"2025-10-16T12:27:12","guid":{"rendered":"https:\/\/www.europesays.com\/fr\/467376\/"},"modified":"2025-10-16T12:27:12","modified_gmt":"2025-10-16T12:27:12","slug":"strasbourg-la-pizzeria-bella-vita-cambriolee-cette-nuit-deux-autres-restaurants-vises-ce-que-lon-sait","status":"publish","type":"post","link":"https:\/\/www.europesays.com\/fr\/467376\/","title":{"rendered":"Strasbourg. La pizzeria Bella Vita cambriol\u00e9e cette nuit, deux autres restaurants vis\u00e9s : ce que l&rsquo;on sait"},"content":{"rendered":"<p>            Par<br \/>\n        <strong><br \/>\n            <a href=\"https:\/\/actu.fr\/auteur\/thomas-blanc\" title=\"Consulter tous les articles de Thomas Blanc\" target=\"_blank\" rel=\"noopener\">Thomas Blanc<\/a><br \/>\n        <\/strong><\/p>\n<p>        Publi\u00e9 le<\/p>\n<p>            16 oct. 2025 \u00e0 14h07        <\/p>\n<p><strong>INFO ACTU STRASBOURG. <\/strong>Dans la nuit du 15 au 16 octobre 2025, plusieurs <strong>restaurants<\/strong> du <strong>centre-ville de Strasbourg<\/strong> ont \u00e9t\u00e9 vis\u00e9s par un <strong>cambrioleur<\/strong>. S\u2019il a \u00e9t\u00e9 interpell\u00e9 par la <strong>police<\/strong>, il a malgr\u00e9 tout eu le temps de <strong>forcer l\u2019un d\u2019eux et d\u2019y d\u00e9rober la caisse<\/strong>.<\/p>\n<p>Premi\u00e8re tentative au Diable Bleu<\/p>\n<p class=\" wall-content\">C\u2019est chez le <a href=\"https:\/\/actu.fr\/tag\/restaurant\" target=\"_blank\" rel=\"noopener\">restaurant<\/a> <strong>Diable Bleu<\/strong>\u00a0que l\u2019individu a d\u2019abord tent\u00e9 sa chance. Apr\u00e8s avoir <strong>r\u00e9ussi \u00e0 s\u2019introduire dans le restaurant au beau milieu de la nuit<\/strong>, il s\u2019est approch\u00e9 de la caisse.<\/p>\n<p class=\" wall-content\">Mais il en est reparti bredouille puisque \u00ab\u2009<strong>nous ne laissons jamais rien dans la caisse<\/strong>\u2009\u00bb, nous informe l\u2019\u00e9quipe du restaurant situ\u00e9 \u00e0 l\u2019angle de la rue Saint-Guillaume et du quai des P\u00eacheurs.<\/p>\n<p>Second essai chez Mademoiselle Dix<\/p>\n<p class=\" wall-content\">Apr\u00e8s cet \u00e9chec, c\u2019est quelques m\u00e8tres plus loin, chez <strong>Mademoiselle Dix<\/strong>, que l\u2019homme a <strong>tent\u00e9 de forcer l\u2019entr\u00e9e<\/strong>. \u00ab\u2009Il n\u2019a m\u00eame pas r\u00e9ussi \u00e0 franchir la porte \u00e0 cause de l\u2019alarme\u2009\u00bb, t\u00e9moigne la g\u00e9rante du restaurant.<\/p>\n<p>    <img   decoding=\"async\" loading=\"lazy\" src=\"https:\/\/www.europesays.com\/fr\/wp-content\/uploads\/2025\/10\/mademoiselle-10-cambriolage-strasbourg-960x640.jpg\" alt=\"Le restaurant Mademoiselle 10 \u00e9galement victime d'une tentative de cambriolage. \" width=\"960\" height=\"640\"\/><br \/>\n    Le restaurant Mademoiselle 10 \u00e9galement victime d\u2019une tentative de cambriolage. (\u00a9Thomas Blanc \/ Actu Strasbourg)La pizzeria Bella Vita vandalis\u00e9e<\/p>\n<p class=\" wall-content\">C\u2019est au troisi\u00e8me essai, <strong>\u00e0 la pizzeria Bella Vita situ\u00e9e rue Prechter<\/strong>, que l\u2019homme r\u00e9ussit enfin son coup.<\/p>\n<p class=\" wall-content\">\u00ab\u2009Avec un caillou, il a bris\u00e9 un carreau et est entr\u00e9 dans le restaurant\u2009\u00bb, raconte Micka\u00ebl Dutrex, <strong>\u00e0 peine sorti du commissariat o\u00f9 il a port\u00e9 plainte<\/strong>.<\/p>\n<p>Votre r\u00e9gion, votre actu !<\/p>\n<p>Recevez chaque jour les infos qui comptent pour vous.<\/p>\n<p>\t<a href=\"https:\/\/actu.fr\/newsletter\" class=\"ac-btn ac-btn--corner ac-btn--medium ac-btn--blue800\" target=\"_blank\" rel=\"noopener\">S&rsquo;incrire<\/a><br \/>\nLe contenu de la caisse d\u00e9rob\u00e9<\/p>\n<p class=\" wall-content\">\u00ab\u2009Ensuite, il a tap\u00e9 sur la caisse et a <strong>r\u00e9ussi \u00e0 r\u00e9cup\u00e9rer plus de 300\u00a0euros<\/strong> que l\u2019on avait laiss\u00e9s \u00e0 l\u2019int\u00e9rieur\u2009\u00bb, d\u00e9taille le g\u00e9rant du restaurant.\u00a0<\/p>\n<p class=\" wall-content\">Alert\u00e9e par les alarmes des trois \u00e9tablissements, la <a href=\"https:\/\/actu.fr\/tag\/police\" target=\"_blank\" rel=\"noopener\">police<\/a> s\u2019est rendue sur place <strong>et a pu interpeller le malfaiteur \u00e0 la sortie de la pizzeria<\/strong>.<\/p>\n<p class=\" wall-content\">Suite \u00e0 ces \u00e9v\u00e8nements, Bella Vita n\u2019a pas assur\u00e9 de service ce jeudi 16 octobre \u00e0 midi, un petit mot \u00e9crit \u00e0 la main sur sa vitrine en informe ses clients. M. Dutrex compte en revanche reprendre son activit\u00e9 normale d\u00e8s ce soir.<\/p>\n<p class=\" wall-content\">Personnalisez votre actualit\u00e9 en ajoutant vos villes et m\u00e9dias en favori avec <a href=\"https:\/\/moncompte.actu.fr\" title=\"D\u00e9couvez Mon Actu\" rel=\"nofollow noopener\" data-trk=\"{&quot;cta&quot;:{&quot;action&quot;:&quot;https:\\\/\\\/moncompte.actu.fr&quot;,&quot;category&quot;:&quot;mon compte&quot;,&quot;from&quot;:&quot;article footer&quot;,&quot;name&quot;:&quot;Mon actu&quot;,&quot;type&quot;:&quot;cta&quot;}}\" target=\"_blank\">Mon Actu<\/a>.<\/p>\n","protected":false},"excerpt":{"rendered":"Par Thomas Blanc Publi\u00e9 le 16 oct. 2025 \u00e0 14h07 INFO ACTU STRASBOURG. Dans la nuit du 15&hellip;\n","protected":false},"author":2,"featured_media":467377,"comment_status":"","ping_status":"","sticky":false,"template":"","format":"standard","meta":{"footnotes":""},"categories":[2820],"tags":[1111,11,1174,1777,674,118,1011,27,775,12,1072,25,1340,640],"class_list":{"0":"post-467376","1":"post","2":"type-post","3":"status-publish","4":"format-standard","5":"has-post-thumbnail","7":"category-strasbourg","8":"tag-actu","9":"tag-actualites","10":"tag-cambriolage","11":"tag-eu","12":"tag-europe","13":"tag-faits-divers","14":"tag-fr","15":"tag-france","16":"tag-grand-est","17":"tag-news","18":"tag-police","19":"tag-republique-francaise","20":"tag-restaurant","21":"tag-strasbourg"},"share_on_mastodon":{"url":"https:\/\/pubeurope.com\/@fr\/115383844957499437","error":""},"_links":{"self":[{"href":"https:\/\/www.europesays.com\/fr\/wp-json\/wp\/v2\/posts\/467376","targetHints":{"allow":["GET"]}}],"collection":[{"href":"https:\/\/www.europesays.com\/fr\/wp-json\/wp\/v2\/posts"}],"about":[{"href":"https:\/\/www.europesays.com\/fr\/wp-json\/wp\/v2\/types\/post"}],"author":[{"embeddable":true,"href":"https:\/\/www.europesays.com\/fr\/wp-json\/wp\/v2\/users\/2"}],"replies":[{"embeddable":true,"href":"https:\/\/www.europesays.com\/fr\/wp-json\/wp\/v2\/comments?post=467376"}],"version-history":[{"count":0,"href":"https:\/\/www.europesays.com\/fr\/wp-json\/wp\/v2\/posts\/467376\/revisions"}],"wp:featuredmedia":[{"embeddable":true,"href":"https:\/\/www.europesays.com\/fr\/wp-json\/wp\/v2\/media\/467377"}],"wp:attachment":[{"href":"https:\/\/www.europesays.com\/fr\/wp-json\/wp\/v2\/media?parent=467376"}],"wp:term":[{"taxonomy":"category","embeddable":true,"href":"https:\/\/www.europesays.com\/fr\/wp-json\/wp\/v2\/categories?post=467376"},{"taxonomy":"post_tag","embeddable":true,"href":"https:\/\/www.europesays.com\/fr\/wp-json\/wp\/v2\/tags?post=467376"}],"curies":[{"name":"wp","href":"https:\/\/api.w.org\/{rel}","templated":true}]}}