{"id":467378,"date":"2025-10-16T12:28:11","date_gmt":"2025-10-16T12:28:11","guid":{"rendered":"https:\/\/www.europesays.com\/fr\/467378\/"},"modified":"2025-10-16T12:28:11","modified_gmt":"2025-10-16T12:28:11","slug":"a-strasbourg-sos-croquettes-veut-aider-les-plus-demunis-a-nourrir-leurs-animaux","status":"publish","type":"post","link":"https:\/\/www.europesays.com\/fr\/467378\/","title":{"rendered":"A Strasbourg, SOS Croquettes veut aider les plus d\u00e9munis \u00e0 nourrir leurs animaux"},"content":{"rendered":"<p><strong>Jean-Luc Bischetti<\/strong> nous emm\u00e8ne derri\u00e8re une maison au sud de Strasbourg, au milieu d\u2019un jardin, un petit hangar. C\u2019est ici qu\u2019ils stockent toutes les denr\u00e9es qu\u2019il r\u00e9colte avec son association <strong>SOS Croquettes Alsace<\/strong>.<\/p>\n<p>Une structure qu\u2019il a cr\u00e9\u00e9 en 2016 et avec laquelle <strong>il collecte des dons de nourriture pour animaux. <\/strong>Nourriture qu\u2019il distribue ensuite aux personnes en situation de pr\u00e9carit\u00e9. Sans abris, \u00e9tudiants, retrait\u00e9 aux petites pensions\u2026<\/p>\n<p>Une aide n\u00e9cessaire quand l\u2019on sait que <strong>plus d\u2019un fran\u00e7ais sur deux d\u00e9clare avoir d\u00e9j\u00e0 r\u00e9duit son budget pour nourrir son <a class=\"wpil_keyword_link\" href=\"https:\/\/www.airzen.fr\/sujets\/chiens-education-canine-et-conseils\/\" title=\"Chiens : \u00e9ducation canine et conseils\" data-wpil-keyword-link=\"linked\" data-wpil-monitor-id=\"14167\" target=\"_blank\" rel=\"noopener\">chien<\/a><\/strong> d\u2019apr\u00e8s une \u00e9tude command\u00e9e en d\u00e9but d\u2019ann\u00e9e par une marque de croquettes.\u00a0<\/p>\n","protected":false},"excerpt":{"rendered":"Jean-Luc Bischetti nous emm\u00e8ne derri\u00e8re une maison au sud de Strasbourg, au milieu d\u2019un jardin, un petit hangar.&hellip;\n","protected":false},"author":2,"featured_media":467379,"comment_status":"","ping_status":"","sticky":false,"template":"","format":"standard","meta":{"footnotes":""},"categories":[2820],"tags":[1111,11,1777,674,1011,27,775,6293,12,25,640],"class_list":{"0":"post-467378","1":"post","2":"type-post","3":"status-publish","4":"format-standard","5":"has-post-thumbnail","7":"category-strasbourg","8":"tag-actu","9":"tag-actualites","10":"tag-eu","11":"tag-europe","12":"tag-fr","13":"tag-france","14":"tag-grand-est","15":"tag-mieux-agir","16":"tag-news","17":"tag-republique-francaise","18":"tag-strasbourg"},"share_on_mastodon":{"url":"https:\/\/pubeurope.com\/@fr\/115383848464960722","error":""},"_links":{"self":[{"href":"https:\/\/www.europesays.com\/fr\/wp-json\/wp\/v2\/posts\/467378","targetHints":{"allow":["GET"]}}],"collection":[{"href":"https:\/\/www.europesays.com\/fr\/wp-json\/wp\/v2\/posts"}],"about":[{"href":"https:\/\/www.europesays.com\/fr\/wp-json\/wp\/v2\/types\/post"}],"author":[{"embeddable":true,"href":"https:\/\/www.europesays.com\/fr\/wp-json\/wp\/v2\/users\/2"}],"replies":[{"embeddable":true,"href":"https:\/\/www.europesays.com\/fr\/wp-json\/wp\/v2\/comments?post=467378"}],"version-history":[{"count":0,"href":"https:\/\/www.europesays.com\/fr\/wp-json\/wp\/v2\/posts\/467378\/revisions"}],"wp:featuredmedia":[{"embeddable":true,"href":"https:\/\/www.europesays.com\/fr\/wp-json\/wp\/v2\/media\/467379"}],"wp:attachment":[{"href":"https:\/\/www.europesays.com\/fr\/wp-json\/wp\/v2\/media?parent=467378"}],"wp:term":[{"taxonomy":"category","embeddable":true,"href":"https:\/\/www.europesays.com\/fr\/wp-json\/wp\/v2\/categories?post=467378"},{"taxonomy":"post_tag","embeddable":true,"href":"https:\/\/www.europesays.com\/fr\/wp-json\/wp\/v2\/tags?post=467378"}],"curies":[{"name":"wp","href":"https:\/\/api.w.org\/{rel}","templated":true}]}}