{"id":467390,"date":"2025-10-16T12:34:10","date_gmt":"2025-10-16T12:34:10","guid":{"rendered":"https:\/\/www.europesays.com\/fr\/467390\/"},"modified":"2025-10-16T12:34:10","modified_gmt":"2025-10-16T12:34:10","slug":"handball-nationale-3-masculine-marmande-doit-simposer-a-bordeaux-pour-enfin","status":"publish","type":"post","link":"https:\/\/www.europesays.com\/fr\/467390\/","title":{"rendered":"Handball (Nationale 3 masculine)\u00a0: Marmande doit s\u2019imposer \u00e0 Bordeaux pour &#8211; enfin"},"content":{"rendered":"<p>    Girondins de Bordeaux (10e\u00a0\/\u00a07 pts) &#8211; HBC Marmande (12e\u00a0\/\u00a04 pts)<br \/>\n<strong>Lieu<\/strong> Bordeaux (salle Jean-Dauguet). <strong>Arbitres<\/strong> Alexis Deruy et Julien Veysset. <strong>Horaire<\/strong> Samedi, \u00e0 19\u00a0heures.<br \/><strong>HBC Marmande<\/strong><br \/>Le groupe\u00a0: Bezard, Brisse, Arseguel, Matthys, El Aachouri, Poutiere, Ompraret, Tintinger, Carrof, Lopes Fauche, Castagnet, Fonseca Diogo, Bazin, Aouadene.<\/p>\n<p>Si la situation est plut\u00f4t d\u00e9licate, puisque le HBCM est logiquement dernier du classement, l\u2019heure n\u2019est pas encore au d\u00e9couragement, eu \u00e9gard \u00e0 la qualit\u00e9 individuelle des joueurs. Contre Pessac en d\u00e9but de mois, malgr\u00e9 la d\u00e9faite (25-27), Marmande a rendu une bien meilleure copie que les pr\u00e9c\u00e9dentes. Les spectateurs ont pu appr\u00e9cier des actions collectives et, surtout, une d\u00e9fense en bien meilleure sant\u00e9. Mais un manque cruel de r\u00e9ussite, tout au long de la partie, l\u2019a plomb\u00e9.<\/p>\n<p>Apr\u00e8s avoir notamment affront\u00e9 trois clubs appartenant aujourd\u2019hui au Top 5, le HBCM se doit de l\u2019emporter ce week-end, pour lancer sa saison. Dans la salle Jean-Dauguet, les Lot-et-Garonnais retrouveront une formation qui ne pointe qu\u2019en 10e position au classement, avec une seule victoire au compteur, pour un match nul et deux revers.<\/p>\n","protected":false},"excerpt":{"rendered":"Girondins de Bordeaux (10e\u00a0\/\u00a07 pts) &#8211; HBC Marmande (12e\u00a0\/\u00a04 pts) Lieu Bordeaux (salle Jean-Dauguet). Arbitres Alexis Deruy et&hellip;\n","protected":false},"author":2,"featured_media":467391,"comment_status":"","ping_status":"","sticky":false,"template":"","format":"standard","meta":{"footnotes":""},"categories":[2817],"tags":[1111,11,1997,1777,674,1011,27,12,2219,25],"class_list":{"0":"post-467390","1":"post","2":"type-post","3":"status-publish","4":"format-standard","5":"has-post-thumbnail","7":"category-bordeaux","8":"tag-actu","9":"tag-actualites","10":"tag-bordeaux","11":"tag-eu","12":"tag-europe","13":"tag-fr","14":"tag-france","15":"tag-news","16":"tag-nouvelle-aquitaine","17":"tag-republique-francaise"},"share_on_mastodon":{"url":"https:\/\/pubeurope.com\/@fr\/115383872052131586","error":""},"_links":{"self":[{"href":"https:\/\/www.europesays.com\/fr\/wp-json\/wp\/v2\/posts\/467390","targetHints":{"allow":["GET"]}}],"collection":[{"href":"https:\/\/www.europesays.com\/fr\/wp-json\/wp\/v2\/posts"}],"about":[{"href":"https:\/\/www.europesays.com\/fr\/wp-json\/wp\/v2\/types\/post"}],"author":[{"embeddable":true,"href":"https:\/\/www.europesays.com\/fr\/wp-json\/wp\/v2\/users\/2"}],"replies":[{"embeddable":true,"href":"https:\/\/www.europesays.com\/fr\/wp-json\/wp\/v2\/comments?post=467390"}],"version-history":[{"count":0,"href":"https:\/\/www.europesays.com\/fr\/wp-json\/wp\/v2\/posts\/467390\/revisions"}],"wp:featuredmedia":[{"embeddable":true,"href":"https:\/\/www.europesays.com\/fr\/wp-json\/wp\/v2\/media\/467391"}],"wp:attachment":[{"href":"https:\/\/www.europesays.com\/fr\/wp-json\/wp\/v2\/media?parent=467390"}],"wp:term":[{"taxonomy":"category","embeddable":true,"href":"https:\/\/www.europesays.com\/fr\/wp-json\/wp\/v2\/categories?post=467390"},{"taxonomy":"post_tag","embeddable":true,"href":"https:\/\/www.europesays.com\/fr\/wp-json\/wp\/v2\/tags?post=467390"}],"curies":[{"name":"wp","href":"https:\/\/api.w.org\/{rel}","templated":true}]}}