{"id":467392,"date":"2025-10-16T12:35:12","date_gmt":"2025-10-16T12:35:12","guid":{"rendered":"https:\/\/www.europesays.com\/fr\/467392\/"},"modified":"2025-10-16T12:35:12","modified_gmt":"2025-10-16T12:35:12","slug":"demandeurs-dasile-a-toulouse-les-benevoles-de-la-cimade-denoncent-les-obstacles-absurdes-et-inhumains-subis-par-les-personnes-etrangeres","status":"publish","type":"post","link":"https:\/\/www.europesays.com\/fr\/467392\/","title":{"rendered":"Demandeurs d\u2019asile \u00e0 Toulouse\u00a0: les b\u00e9n\u00e9voles de la Cimade d\u00e9noncent les \u00ab\u00a0obstacles absurdes et inhumains subis par les personnes \u00e9trang\u00e8res\u00a0\u00bb"},"content":{"rendered":"<p>\n                                                                    l&rsquo;essentiel<br \/>\n                                                                Une quinzaine de b\u00e9n\u00e9voles de La Cimade, qui accompagne et d\u00e9fend plus de 110\u00a0000 personnes \u00e9trang\u00e8res chaque ann\u00e9e (3\u00a0000 \u00e0 Toulouse), ont manifest\u00e9, jeudi 16\u00a0octobre, sur le parvis de la gare Matabiau \u00e0 Toulouse pour d\u00e9noncer \u00ab\u00a0les obstacles absurdes et inhumains que subissent les personnes sans-papiers\u00a0\u00bb.\n                            <\/p>\n<p>\u00ab\u00a0Avoir des papiers, c\u2019est pas donn\u00e9 \u00e0 tout le monde\u00a0\u00bb, \u00ab\u00a0Vous devez prouver que vous \u00eates int\u00e9gr\u00e9\u00a0\u00bb, affichant de nombreuses pancartes, une quinzaine de\u00a0b\u00e9n\u00e9voles de La Cimade, qui accompagne et d\u00e9fend plus de 110\u00a0000 demandeurs d\u2019asile chaque ann\u00e9e (3\u00a0000 \u00e0 Toulouse), ont manifest\u00e9, jeudi 16\u00a0octobre, sur le parvis de la gare Matabiau \u00e0 Toulouse. Ce rassemblement s\u2019inscrit dans une action plus large men\u00e9e partout en France.<\/p>\n<p>\u00ab\u00a0Une pr\u00e9fecture fictive\u2026\u00a0\u00bb<\/p>\n<p>Pour symboliser \u00ab\u00a0les obstacles absurdes et inhumains que subissent les personnes sans-papiers dans leurs d\u00e9marches de r\u00e9gularisation\u00a0\u00bb, les b\u00e9n\u00e9voles de la Cimade ont d\u00e9pos\u00e9 une \u00ab\u00a0pr\u00e9fecture fictive\u00a0\u00bb en carton. \u00ab\u00a0Ce matin, l\u2019id\u00e9e est de mat\u00e9rialiser dans une file d\u2019attente le parcours terrible et compliqu\u00e9 qu\u2019ont les personnes sans-papiers pour essayer de se faire r\u00e9gulariser, explique une b\u00e9n\u00e9vole de la Cimade Val\u00e9rie Schwoebel. Tout est fait pour les emp\u00eacher dans leurs d\u00e9marches, m\u00eame si elles ont un titre de s\u00e9jour, on emp\u00eache leur renouvellement. On leur demande des choses impossibles\u00a0: par exemple de fournir des fiches de paie pour obtenir un titre de s\u00e9jour et pouvoir travailler\u2026 Ce genre de choses effarantes. Ou \u00e9galement d\u00e9montrer leur int\u00e9gration \u00e0 des femmes qui sont l\u00e0 depuis dix ans, quinze ans, et que leurs enfants sont \u00e0 l\u2019\u00e9cole,\u00a0etc.\u00a0\u00bb<\/p>\n<p>\u00ab\u00a0D\u00e9montrez votre int\u00e9gration\u00a0\u00bb<\/p>\n<p>La Cimade cite le t\u00e9moignage de Marie, install\u00e9e en France depuis seize ans, qui a trouv\u00e9 un emploi de femme de m\u00e9nage et \u00ab\u00a0n\u2019aspire qu\u2019\u00e0 vivre dignement et sereinement avec ses enfants\u00a0\u00bb, mais qui confie vivre \u00ab\u00a0comme dans une prison, l\u2019administration me fait tourner en rond\u00a0\u00bb. La pr\u00e9fecture, rappelle la Cimade, a rejet\u00e9 sa demande de r\u00e9gularisation et lui a d\u00e9livr\u00e9 une Obligation de quitter le territoire fran\u00e7ais (OQTF).<\/p>\n<p>\u00ab\u00a0Une r\u00e9gularisation large et durable\u00a0\u00bb<\/p>\n<p>L\u2019association de solidarit\u00e9 revendique\u00a0: \u00ab\u00a0la suppression de toute mesure de bannissement entravant une demande de r\u00e9gularisation\u00a0; une r\u00e9gularisation large et durable de toutes les personnes \u00e9trang\u00e8res et l\u2019\u00e9galit\u00e9 des droits pour toutes et tous en mati\u00e8re d\u2019acc\u00e8s au travail et \u00e0 la protection sociale\u00a0\u00bb.<\/p>\n","protected":false},"excerpt":{"rendered":"l&rsquo;essentiel Une quinzaine de b\u00e9n\u00e9voles de La Cimade, qui accompagne et d\u00e9fend plus de 110\u00a0000 personnes \u00e9trang\u00e8res chaque&hellip;\n","protected":false},"author":2,"featured_media":467393,"comment_status":"","ping_status":"","sticky":false,"template":"","format":"standard","meta":{"footnotes":""},"categories":[2816],"tags":[1111,11,1777,674,1011,27,12,2680,25,2312],"class_list":{"0":"post-467392","1":"post","2":"type-post","3":"status-publish","4":"format-standard","5":"has-post-thumbnail","7":"category-toulouse","8":"tag-actu","9":"tag-actualites","10":"tag-eu","11":"tag-europe","12":"tag-fr","13":"tag-france","14":"tag-news","15":"tag-occitanie","16":"tag-republique-francaise","17":"tag-toulouse"},"share_on_mastodon":{"url":"https:\/\/pubeurope.com\/@fr\/115383876033240187","error":""},"_links":{"self":[{"href":"https:\/\/www.europesays.com\/fr\/wp-json\/wp\/v2\/posts\/467392","targetHints":{"allow":["GET"]}}],"collection":[{"href":"https:\/\/www.europesays.com\/fr\/wp-json\/wp\/v2\/posts"}],"about":[{"href":"https:\/\/www.europesays.com\/fr\/wp-json\/wp\/v2\/types\/post"}],"author":[{"embeddable":true,"href":"https:\/\/www.europesays.com\/fr\/wp-json\/wp\/v2\/users\/2"}],"replies":[{"embeddable":true,"href":"https:\/\/www.europesays.com\/fr\/wp-json\/wp\/v2\/comments?post=467392"}],"version-history":[{"count":0,"href":"https:\/\/www.europesays.com\/fr\/wp-json\/wp\/v2\/posts\/467392\/revisions"}],"wp:featuredmedia":[{"embeddable":true,"href":"https:\/\/www.europesays.com\/fr\/wp-json\/wp\/v2\/media\/467393"}],"wp:attachment":[{"href":"https:\/\/www.europesays.com\/fr\/wp-json\/wp\/v2\/media?parent=467392"}],"wp:term":[{"taxonomy":"category","embeddable":true,"href":"https:\/\/www.europesays.com\/fr\/wp-json\/wp\/v2\/categories?post=467392"},{"taxonomy":"post_tag","embeddable":true,"href":"https:\/\/www.europesays.com\/fr\/wp-json\/wp\/v2\/tags?post=467392"}],"curies":[{"name":"wp","href":"https:\/\/api.w.org\/{rel}","templated":true}]}}