{"id":467395,"date":"2025-10-16T12:37:10","date_gmt":"2025-10-16T12:37:10","guid":{"rendered":"https:\/\/www.europesays.com\/fr\/467395\/"},"modified":"2025-10-16T12:37:10","modified_gmt":"2025-10-16T12:37:10","slug":"cest-quoi-cette-grande-fete-de-la-reparation-organisee-a-lille-ces-vendredi-et-samedi","status":"publish","type":"post","link":"https:\/\/www.europesays.com\/fr\/467395\/","title":{"rendered":"C&rsquo;est quoi cette grande f\u00eate de la r\u00e9paration organis\u00e9e \u00e0 Lille ces vendredi et samedi\u00a0?"},"content":{"rendered":"<p>            Par<br \/>\n        <strong><br \/>\n            <a href=\"https:\/\/actu.fr\/auteur\/nicolas-demollien\" title=\"Consulter tous les articles de Nicolas Demollien\" rel=\"nofollow noopener\" target=\"_blank\">Nicolas Demollien<\/a><br \/>\n        <\/strong><\/p>\n<p>        Publi\u00e9 le<\/p>\n<p>            16 oct. 2025 \u00e0 13h50        <\/p>\n<p>Vous \u00eates de ces petits g\u00e9nies du <a href=\"https:\/\/actu.fr\/tag\/bricolage\" rel=\"nofollow noopener\" target=\"_blank\">bricolage<\/a> ou souhaiteriez le devenir ? Ces <b>vendredi 17 et samedi 18 octobre 2025<\/b> aura lieu la <b>f\u00eate de la r\u00e9paration<\/b> \u00e0 <a href=\"https:\/\/actu.fr\/hauts-de-france\/lille_59350\" rel=\"nofollow noopener\" target=\"_blank\">Lille<\/a> (Nord). Au menu : <b>conf\u00e9rence, repair caf\u00e9 g\u00e9ant et autres animations<\/b>. Le tout se passera passage de l\u2019Internationale dans le <b>quartier de Fives<\/b>.<\/p>\n<p>Participez aux journ\u00e9es de la r\u00e9paration \u00e0 Lille-Fives\u00a0<\/p>\n<p class=\" wall-content\">Les festivit\u00e9s d\u00e9buteront \u00e0 18h30 avec une <b>grande conf\u00e9rence <\/b>sur le th\u00e8me \u00ab\u00a0Textiles, objets, logiciels : et si on les faisait durer ?\u00a0\u00bb Elle sera anim\u00e9e par Magali Garnero alias Bookynette, pr\u00e9sidente de l\u2019April ; L\u00e9o Sprimont, artiste designer ; Anthony Jaugeard, expert \u00e9conomie et mode circulaire. Le tout se d\u00e9roulera \u00e0 la LOCO (19 passage de l\u2019Internationale).<\/p>\n<p class=\" wall-content\">Attention, la conf\u00e9rence est gratuite mais l\u2019inscription obligatoire sur le site <a href=\"https:\/\/www.billetweb.fr\/textiles-objets-logiciels-et-si-on-faisait-les-durer\" rel=\"nofollow noopener\" target=\"_blank\">billetweb.fr<\/a><\/p>\n<p class=\" wall-content\">Les festivit\u00e9s se d\u00e9rouleront de 10h \u00e0 17h30 sur l\u2019ancien site de Fives-Cail, sur le passage de l\u2019Internationale \u00e0 Lille-Fives (chez Chaud Bouillon et la LOCO). Vous y retrouverez un <b>repair caf\u00e9 g\u00e9ant<\/b> et de nombreuses <b>animations sur la r\u00e9paration<\/b>.\u00a0<\/p>\n<p class=\" wall-content\">\u00ab\u00a0Nous r\u00e9parerons petit \u00e9lectrom\u00e9nager et objets du quotidien, v\u00e9los, informatique, couture. Nous vous aiderons aussi \u00e0 passer le cap de la fin de vie de Windows 10 (octobre 2025) en passant votre ordinateur sous logiciels libres de pr\u00e9f\u00e9rence\u00a0\u00bb, promettent les organisateurs.<\/p>\n<p>Votre r\u00e9gion, votre actu !<\/p>\n<p>Recevez chaque jour les infos qui comptent pour vous.<\/p>\n<p>\t<a href=\"https:\/\/actu.fr\/newsletter\" class=\"ac-btn ac-btn--corner ac-btn--medium ac-btn--blue800\" rel=\"nofollow noopener\" target=\"_blank\">S&rsquo;incrire<\/a><\/p>\n<p class=\" wall-content\">Une belle initiative.<\/p>\n<p>    <a href=\"https:\/\/www.facebook.com\/plugins\/post.php?href=https%3A%2F%2Fwww.facebook.com%2Fletiquette.boutique%2Fposts%2Fpfbid02SuBGCHug3FX4qR4mFFz7VAXLtNTamLc1u8mijJZFnxmpNrQp7oUHJU96mcvDE7gbl&amp;show_text=true&amp;width=350\" title=\"Ouvrie le lien\" rel=\"nofollow noopener\" target=\"_blank\">Cliquez ici pour visualiser le contenu<\/a><\/p>\n<p class=\" wall-content\">Plus d\u2019infos sur les sites <a href=\"https:\/\/www.lille.fr\/Evenements\/Fete-de-la-reparation\" rel=\"nofollow noopener\" target=\"_blank\">lille.fr<\/a> et <a href=\"https:\/\/journeesreparation.fr\/\" rel=\"nofollow noopener\" target=\"_blank\">journeesreparation.fr<\/a><\/p>\n<p class=\" wall-content\">Personnalisez votre actualit\u00e9 en ajoutant vos villes et m\u00e9dias en favori avec <a href=\"https:\/\/moncompte.actu.fr\" title=\"D\u00e9couvez Mon Actu\" rel=\"nofollow noopener\" data-trk=\"{&quot;cta&quot;:{&quot;action&quot;:&quot;https:\\\/\\\/moncompte.actu.fr&quot;,&quot;category&quot;:&quot;mon compte&quot;,&quot;from&quot;:&quot;article footer&quot;,&quot;name&quot;:&quot;Mon actu&quot;,&quot;type&quot;:&quot;cta&quot;}}\" target=\"_blank\">Mon Actu<\/a>.<\/p>\n","protected":false},"excerpt":{"rendered":"Par Nicolas Demollien Publi\u00e9 le 16 oct. 2025 \u00e0 13h50 Vous \u00eates de ces petits g\u00e9nies du bricolage&hellip;\n","protected":false},"author":2,"featured_media":467396,"comment_status":"","ping_status":"","sticky":false,"template":"","format":"standard","meta":{"footnotes":""},"categories":[2815],"tags":[1111,11,1777,674,1011,27,811,1307,1652,12,25,208],"class_list":{"0":"post-467395","1":"post","2":"type-post","3":"status-publish","4":"format-standard","5":"has-post-thumbnail","7":"category-lille","8":"tag-actu","9":"tag-actualites","10":"tag-eu","11":"tag-europe","12":"tag-fr","13":"tag-france","14":"tag-hauts-de-france","15":"tag-lille","16":"tag-loisirs-culture","17":"tag-news","18":"tag-republique-francaise","19":"tag-velo"},"share_on_mastodon":{"url":"https:\/\/pubeurope.com\/@fr\/115383883979530325","error":""},"_links":{"self":[{"href":"https:\/\/www.europesays.com\/fr\/wp-json\/wp\/v2\/posts\/467395","targetHints":{"allow":["GET"]}}],"collection":[{"href":"https:\/\/www.europesays.com\/fr\/wp-json\/wp\/v2\/posts"}],"about":[{"href":"https:\/\/www.europesays.com\/fr\/wp-json\/wp\/v2\/types\/post"}],"author":[{"embeddable":true,"href":"https:\/\/www.europesays.com\/fr\/wp-json\/wp\/v2\/users\/2"}],"replies":[{"embeddable":true,"href":"https:\/\/www.europesays.com\/fr\/wp-json\/wp\/v2\/comments?post=467395"}],"version-history":[{"count":0,"href":"https:\/\/www.europesays.com\/fr\/wp-json\/wp\/v2\/posts\/467395\/revisions"}],"wp:featuredmedia":[{"embeddable":true,"href":"https:\/\/www.europesays.com\/fr\/wp-json\/wp\/v2\/media\/467396"}],"wp:attachment":[{"href":"https:\/\/www.europesays.com\/fr\/wp-json\/wp\/v2\/media?parent=467395"}],"wp:term":[{"taxonomy":"category","embeddable":true,"href":"https:\/\/www.europesays.com\/fr\/wp-json\/wp\/v2\/categories?post=467395"},{"taxonomy":"post_tag","embeddable":true,"href":"https:\/\/www.europesays.com\/fr\/wp-json\/wp\/v2\/tags?post=467395"}],"curies":[{"name":"wp","href":"https:\/\/api.w.org\/{rel}","templated":true}]}}