{"id":467399,"date":"2025-10-16T12:39:12","date_gmt":"2025-10-16T12:39:12","guid":{"rendered":"https:\/\/www.europesays.com\/fr\/467399\/"},"modified":"2025-10-16T12:39:12","modified_gmt":"2025-10-16T12:39:12","slug":"une-carte-sensible-pour-raconter-le-quartier-du-chapitre-a-marseille-tel-quon-le-percoit","status":"publish","type":"post","link":"https:\/\/www.europesays.com\/fr\/467399\/","title":{"rendered":"Une \u00ab\u00a0carte sensible\u00a0\u00bb pour raconter le quartier du Chapitre \u00e0 Marseille tel qu&rsquo;on le per\u00e7oit"},"content":{"rendered":"<p>Dire que l\u2019activit\u00e9 qui se cache au centre d\u2019animation des <a href=\"https:\/\/www.laprovence.com\/article\/region\/55907562171119\/plan-marseille-en-grand-l-ecole-baya-inauguree-rue-des-abeilles\" target=\"_blank\" rel=\"noopener\">Abeilles<\/a> (1er) s\u2019apparente \u00e0 celle d\u2019une ruche est un euph\u00e9misme. La Ruche ensoleill\u00e9e, c\u2019est d\u2019ailleurs le nom qui a \u00e9t\u00e9 donn\u00e9 au journal annuel lanc\u00e9 il y a trois ans par C\u00e9cile Silvestri avec les enfants du <a href=\"https:\/\/www.laprovence.com\/article\/region\/2653198530662514\/la-parole-aux-habitants-du-chapitre-quelles-sont-vos-idees-pour-ameliorer-la-vie-de-votre-quartier\" target=\"_blank\" rel=\"noopener\">quartier du Chapitre<\/a>. De ces reportages n\u00e9s de d\u00e9ambulations curieuses in situ, a germ\u00e9 une autre id\u00e9e dans la t\u00eate de la consultante en projets artistiques et culturels\u00a0: celle, partag\u00e9e avec la directrice du centre d\u2019animation, Karine Za\u00efna, de la r\u00e9alisation d\u2019une \u00ab\u00a0carte sensible\u00a0\u00bb du quartier.<\/p>\n<p>\u00ab\u00a0L\u2019id\u00e9e est de laisser s\u2019exprimer ceux qui habitent le Chapitre comme ceux qui ne font que le traverser, ou n\u2019y vivent que quelques jours en tant que touristes, de les laisser le raconter \u00e0 partir de leurs perceptions\u00a0\u00bb, d\u00e9roule C\u00e9cile Silvestri. <a href=\"https:\/\/www.laprovence.com\/article\/societe\/79000068283223\/marseille-sur-la-place-labadie-on-refuse-de-ceder-le-terrain-insiste-la-maire-de-secteur-sophie-camard\" target=\"_blank\" rel=\"noopener\">De la place Labadi\u00e9 <\/a>au square Stalingrand, de l\u2019\u00e9glise des R\u00e9form\u00e9s au kiosque \u00e0 musique, de la place de la Providence \u00e0 celle des Marseillaises, du jardin des H\u00e9ros \u00e0 la Vierge dor\u00e9e, chacun peut croquer et livrer son propre ressenti ou souvenir.<\/p>\n<p>\u00ab\u00a0Certains vont produire des dessins exceptionnels repr\u00e9sentant un arbre du square Labadi\u00e9 ou les statues de la fontaine des Dana\u00efdes, d\u2019autre&#8230;<\/p>\n","protected":false},"excerpt":{"rendered":"Dire que l\u2019activit\u00e9 qui se cache au centre d\u2019animation des Abeilles (1er) s\u2019apparente \u00e0 celle d\u2019une ruche est&hellip;\n","protected":false},"author":2,"featured_media":467400,"comment_status":"","ping_status":"","sticky":false,"template":"","format":"standard","meta":{"footnotes":""},"categories":[2814],"tags":[17,1111,11,11617,58549,1777,674,1011,27,884,12,471,882,5775,41929,16,25,35446,96],"class_list":{"0":"post-467399","1":"post","2":"type-post","3":"status-publish","4":"format-standard","5":"has-post-thumbnail","7":"category-marseille","8":"tag-17","9":"tag-actu","10":"tag-actualites","11":"tag-carte","12":"tag-chapitre","13":"tag-eu","14":"tag-europe","15":"tag-fr","16":"tag-france","17":"tag-marseille","18":"tag-news","19":"tag-pour","20":"tag-provence-alpes-cote-dazur","21":"tag-quartier","22":"tag-raconter","23":"tag-region","24":"tag-republique-francaise","25":"tag-sensible","26":"tag-une"},"share_on_mastodon":{"url":"https:\/\/pubeurope.com\/@fr\/115383891658406812","error":""},"_links":{"self":[{"href":"https:\/\/www.europesays.com\/fr\/wp-json\/wp\/v2\/posts\/467399","targetHints":{"allow":["GET"]}}],"collection":[{"href":"https:\/\/www.europesays.com\/fr\/wp-json\/wp\/v2\/posts"}],"about":[{"href":"https:\/\/www.europesays.com\/fr\/wp-json\/wp\/v2\/types\/post"}],"author":[{"embeddable":true,"href":"https:\/\/www.europesays.com\/fr\/wp-json\/wp\/v2\/users\/2"}],"replies":[{"embeddable":true,"href":"https:\/\/www.europesays.com\/fr\/wp-json\/wp\/v2\/comments?post=467399"}],"version-history":[{"count":0,"href":"https:\/\/www.europesays.com\/fr\/wp-json\/wp\/v2\/posts\/467399\/revisions"}],"wp:featuredmedia":[{"embeddable":true,"href":"https:\/\/www.europesays.com\/fr\/wp-json\/wp\/v2\/media\/467400"}],"wp:attachment":[{"href":"https:\/\/www.europesays.com\/fr\/wp-json\/wp\/v2\/media?parent=467399"}],"wp:term":[{"taxonomy":"category","embeddable":true,"href":"https:\/\/www.europesays.com\/fr\/wp-json\/wp\/v2\/categories?post=467399"},{"taxonomy":"post_tag","embeddable":true,"href":"https:\/\/www.europesays.com\/fr\/wp-json\/wp\/v2\/tags?post=467399"}],"curies":[{"name":"wp","href":"https:\/\/api.w.org\/{rel}","templated":true}]}}