{"id":467405,"date":"2025-10-16T12:42:18","date_gmt":"2025-10-16T12:42:18","guid":{"rendered":"https:\/\/www.europesays.com\/fr\/467405\/"},"modified":"2025-10-16T12:42:18","modified_gmt":"2025-10-16T12:42:18","slug":"lyon-le-collectif-des-sans-facs-occupe-lyon-2-et-demande-linscription-dune-trentaine-detudiants","status":"publish","type":"post","link":"https:\/\/www.europesays.com\/fr\/467405\/","title":{"rendered":"Lyon. Le collectif des sans-facs \u00ab\u00a0occupe\u00a0\u00bb Lyon 2 et demande l&rsquo;inscription\u00a0d\u2019une trentaine d\u2019\u00e9tudiants"},"content":{"rendered":"<p>Le sujet est d\u2019actualit\u00e9 tous les ans d\u00e9sormais. Le collectif des sans-facs se mobilise de nouveau ce jeudi pour une trentaine d\u2019\u00e9tudiants qui n\u2019ont pas pu s\u2019inscrire \u00e0 l\u2019universit\u00e9 \u00e0 la rentr\u00e9e et sont toujours sans solution.<\/p>\n<p>Un rendez-vous a eu lieu mardi matin avec la <a href=\"https:\/\/www.leprogres.fr\/education\/2024\/07\/05\/qui-est-isabelle-von-bueltzingsloewen-nouvelle-presidente-de-l-universite-lyon-2\" target=\"_blank\" rel=\"noopener\">pr\u00e9sidente de l\u2019universit\u00e9<\/a>.<\/p>\n<p>\u00ab\u00a0Un ultimatum de 48 heures\u00a0\u00bb<\/p>\n<p>\u00ab\u00a0On lui a laiss\u00e9 un ultimatum de 48 heures pour nous r\u00e9pondre et elle ne nous r\u00e9pond toujours pas donc on a d\u00e9cid\u00e9 d\u2019occuper la cour centrale pour essayer de faire bouger les choses et obtenir un nouveau rendez-vous ce jeudi\u00a0\u00bb explique au Progr\u00e8s Emma, membre du collectif.<\/p>\n<p>Les \u00e9tudiants, qui m\u00e8nent des actions depuis deux mois, alertent notamment sur la situation de jeunes \u00e9trangers qui \u00ab\u00a0se retrouvent dans des situations urgentes\u00a0\u00bb car, sans inscription effective, leur place en r\u00e9sidence universitaire ou le renouvellement de leur titre de s\u00e9jour sont menac\u00e9s.<\/p>\n<p>Dans un communiqu\u00e9, les \u00e9tudiants reprochent \u00e0 l\u2019universit\u00e9 de \u00ab\u00a0se cacher derri\u00e8re le manque de moyens de l\u2019universit\u00e9\u00a0\u00bb pour ne pas inscrire ces \u00e9tudiants et lui reprochent \u00ab\u00a0ses choix budg\u00e9taires\u00a0\u00bb, m\u00eame s\u2019ils appuient aussi sur \u00ab\u00a0les coupes budg\u00e9taires du gouvernement\u00a0\u00bb.<\/p>\n<p> Rappelons que l\u2019universit\u00e9 est dans une situation budg\u00e9taire compliqu\u00e9e. Elle a \u00e9t\u00e9 somm\u00e9e par le rectorat de se serrer la ceinture parce que sa masse salariale d\u00e9passe le seuil autoris\u00e9, fix\u00e9 \u00e0 85\u00a0% de son budget total. Des mesures d\u2019\u00e9conomie drastiques sont donc en cours.<\/p>\n","protected":false},"excerpt":{"rendered":"Le sujet est d\u2019actualit\u00e9 tous les ans d\u00e9sormais. Le collectif des sans-facs se mobilise de nouveau ce jeudi&hellip;\n","protected":false},"author":2,"featured_media":467406,"comment_status":"","ping_status":"","sticky":false,"template":"","format":"standard","meta":{"footnotes":""},"categories":[1889],"tags":[1111,11,2430,6084,2757,1057,4854,1777,674,107,1011,27,2428,2756,12,25,2429,104],"class_list":{"0":"post-467405","1":"post","2":"type-post","3":"status-publish","4":"format-standard","5":"has-post-thumbnail","7":"category-lyon","8":"tag-actu","9":"tag-actualites","10":"tag-auvergne-rhone-alpes","11":"tag-droit","12":"tag-edition-lyon-villeurbanne","13":"tag-education","14":"tag-enseignement-superieur","15":"tag-eu","16":"tag-europe","17":"tag-fil-info","18":"tag-fr","19":"tag-france","20":"tag-lyon","21":"tag-lyon-bassin","22":"tag-news","23":"tag-republique-francaise","24":"tag-rhone","25":"tag-societe"},"share_on_mastodon":{"url":"https:\/\/pubeurope.com\/@fr\/115383903510614183","error":""},"_links":{"self":[{"href":"https:\/\/www.europesays.com\/fr\/wp-json\/wp\/v2\/posts\/467405","targetHints":{"allow":["GET"]}}],"collection":[{"href":"https:\/\/www.europesays.com\/fr\/wp-json\/wp\/v2\/posts"}],"about":[{"href":"https:\/\/www.europesays.com\/fr\/wp-json\/wp\/v2\/types\/post"}],"author":[{"embeddable":true,"href":"https:\/\/www.europesays.com\/fr\/wp-json\/wp\/v2\/users\/2"}],"replies":[{"embeddable":true,"href":"https:\/\/www.europesays.com\/fr\/wp-json\/wp\/v2\/comments?post=467405"}],"version-history":[{"count":0,"href":"https:\/\/www.europesays.com\/fr\/wp-json\/wp\/v2\/posts\/467405\/revisions"}],"wp:featuredmedia":[{"embeddable":true,"href":"https:\/\/www.europesays.com\/fr\/wp-json\/wp\/v2\/media\/467406"}],"wp:attachment":[{"href":"https:\/\/www.europesays.com\/fr\/wp-json\/wp\/v2\/media?parent=467405"}],"wp:term":[{"taxonomy":"category","embeddable":true,"href":"https:\/\/www.europesays.com\/fr\/wp-json\/wp\/v2\/categories?post=467405"},{"taxonomy":"post_tag","embeddable":true,"href":"https:\/\/www.europesays.com\/fr\/wp-json\/wp\/v2\/tags?post=467405"}],"curies":[{"name":"wp","href":"https:\/\/api.w.org\/{rel}","templated":true}]}}