{"id":467407,"date":"2025-10-16T12:43:10","date_gmt":"2025-10-16T12:43:10","guid":{"rendered":"https:\/\/www.europesays.com\/fr\/467407\/"},"modified":"2025-10-16T12:43:10","modified_gmt":"2025-10-16T12:43:10","slug":"val-de-marne-bientot-le-tout-premier-telepherique-urbain-dile-de-france","status":"publish","type":"post","link":"https:\/\/www.europesays.com\/fr\/467407\/","title":{"rendered":"Val-de-Marne : bient\u00f4t le tout premier t\u00e9l\u00e9ph\u00e9rique urbain d\u2019\u00cele-de-France"},"content":{"rendered":"<p>Adieu le bus et les bouchons\u00a0! \u00c0 partir du <strong>13 d\u00e9cembre 2025<\/strong>, les habitants du <strong>Val-de-Marne<\/strong> pourront rejoindre la station de m\u00e9tro <strong>Pointe-du-Lac<\/strong> (ligne 8) gr\u00e2ce au <strong>C\u00e2ble C1<\/strong>, le premier <strong>t\u00e9l\u00e9ph\u00e9rique urbain<\/strong> d\u2019\u00cele-de-France.<\/p>\n<p>Ce nouveau mode de transport en commun desservira les villes de <strong>Villeneuve-Saint-Georges<\/strong>, <strong>Limeil-Br\u00e9vannes<\/strong>, <strong>Valenton<\/strong> et <strong>Cr\u00e9teil<\/strong>. Le trajet sera effectu\u00e9 en <strong>18 minutes<\/strong>, contre <a data-entity-substitution=\"canonical\" data-entity-type=\"node\" data-entity-uuid=\"10d53617-2220-44ac-8cf1-19754355344c\" href=\"https:\/\/edito.seloger.com\/conseils-d-experts\/acheter\/habiter-de-30-minutes-metro-de-paris-article-20939_9.html\" rel=\"noopener nofollow\" target=\"_blank\">40 minutes en bus<\/a>.<\/p>\n<p>Et pour cause\u00a0: en plus d\u2019<strong>\u00e9viter les embouteillages<\/strong>, fr\u00e9quents dans la r\u00e9gion, le t\u00e9l\u00e9ph\u00e9rique <strong>survolera certains obstacles urbains<\/strong> que les bus sont oblig\u00e9s de contourner, comme les <strong>voies ferr\u00e9es<\/strong> et la <strong>RN 406<\/strong>.<\/p>\n<p>Le <strong>C\u00e2ble C1<\/strong> a pour objectif de \u00ab\u00a0r\u00e9pondre aux besoins de cette zone du sud du d\u00e9partement, <a data-entity-substitution=\"canonical\" data-entity-type=\"node\" data-entity-uuid=\"ac701182-e5c8-4603-acb7-da2a149b264a\" href=\"https:\/\/edito.seloger.com\/actualites\/villes\/focus-grand-paris-villes-mieux-desservies-ile-de-france-article-17929.html\" rel=\"noopener nofollow\" target=\"_blank\">tr\u00e8s mal desservie<\/a> jusqu&rsquo;\u00e0 maintenant\u00a0\u00bb, explique <strong>Olivier Capitanio<\/strong>, pr\u00e9sident du conseil d\u00e9partemental du Val-de-Marne.<\/p>\n","protected":false},"excerpt":{"rendered":"Adieu le bus et les bouchons\u00a0! \u00c0 partir du 13 d\u00e9cembre 2025, les habitants du Val-de-Marne pourront rejoindre&hellip;\n","protected":false},"author":2,"featured_media":467408,"comment_status":"","ping_status":"","sticky":false,"template":"","format":"standard","meta":{"footnotes":""},"categories":[1592],"tags":[1111,11,1777,674,1011,27,662,12,626,25],"class_list":{"0":"post-467407","1":"post","2":"type-post","3":"status-publish","4":"format-standard","5":"has-post-thumbnail","7":"category-ile-de-france","8":"tag-actu","9":"tag-actualites","10":"tag-eu","11":"tag-europe","12":"tag-fr","13":"tag-france","14":"tag-ile-de-france","15":"tag-news","16":"tag-paris","17":"tag-republique-francaise"},"share_on_mastodon":{"url":"https:\/\/pubeurope.com\/@fr\/115383907543162951","error":""},"_links":{"self":[{"href":"https:\/\/www.europesays.com\/fr\/wp-json\/wp\/v2\/posts\/467407","targetHints":{"allow":["GET"]}}],"collection":[{"href":"https:\/\/www.europesays.com\/fr\/wp-json\/wp\/v2\/posts"}],"about":[{"href":"https:\/\/www.europesays.com\/fr\/wp-json\/wp\/v2\/types\/post"}],"author":[{"embeddable":true,"href":"https:\/\/www.europesays.com\/fr\/wp-json\/wp\/v2\/users\/2"}],"replies":[{"embeddable":true,"href":"https:\/\/www.europesays.com\/fr\/wp-json\/wp\/v2\/comments?post=467407"}],"version-history":[{"count":0,"href":"https:\/\/www.europesays.com\/fr\/wp-json\/wp\/v2\/posts\/467407\/revisions"}],"wp:featuredmedia":[{"embeddable":true,"href":"https:\/\/www.europesays.com\/fr\/wp-json\/wp\/v2\/media\/467408"}],"wp:attachment":[{"href":"https:\/\/www.europesays.com\/fr\/wp-json\/wp\/v2\/media?parent=467407"}],"wp:term":[{"taxonomy":"category","embeddable":true,"href":"https:\/\/www.europesays.com\/fr\/wp-json\/wp\/v2\/categories?post=467407"},{"taxonomy":"post_tag","embeddable":true,"href":"https:\/\/www.europesays.com\/fr\/wp-json\/wp\/v2\/tags?post=467407"}],"curies":[{"name":"wp","href":"https:\/\/api.w.org\/{rel}","templated":true}]}}