{"id":467411,"date":"2025-10-16T12:45:16","date_gmt":"2025-10-16T12:45:16","guid":{"rendered":"https:\/\/www.europesays.com\/fr\/467411\/"},"modified":"2025-10-16T12:45:16","modified_gmt":"2025-10-16T12:45:16","slug":"le-rappeur-booba-en-garde-a-vue-apres-une-plainte-pour-harcelement-de-gims-2","status":"publish","type":"post","link":"https:\/\/www.europesays.com\/fr\/467411\/","title":{"rendered":"le rappeur Booba en garde \u00e0 vue apr\u00e8s une plainte pour harc\u00e8lement de Gims"},"content":{"rendered":"<p>            Par<br \/>\n        <strong><br \/>\n            <a href=\"https:\/\/actu.fr\/auteur\/redaction-paris\" title=\"Consulter tous les articles de R\u00e9daction Paris\" rel=\"nofollow noopener\" target=\"_blank\">R\u00e9daction Paris<\/a><br \/>\n        <\/strong><\/p>\n<p>        Publi\u00e9 le<\/p>\n<p>            16 oct. 2025 \u00e0 14h04        <\/p>\n<p>Le rappeur <a href=\"https:\/\/actu.fr\/tag\/booba\" rel=\"nofollow noopener\" target=\"_blank\">Booba<\/a> est <strong>en garde \u00e0 vue<\/strong> \u00e0 Paris depuis mercredi dans l\u2019enqu\u00eate sur le harc\u00e8lement dont l\u2019accuse dans une plainte une autre figure du hip-hop, Gims, a appris l\u2019AFP de source proche du dossier jeudi 16 octobre 2025.<\/p>\n<p>Des attaques depuis six ans<\/p>\n<p class=\" wall-content\">Cette garde \u00e0 vue vise \u00e0 interroger celui dont le vrai nom est Elie Yaffa sur la plainte d\u00e9pos\u00e9e en ao\u00fbt 2024 pour <a href=\"https:\/\/actu.fr\/ile-de-france\/boulogne-billancourt_92012\/gims-porte-plainte-contre-booba-pour-harcelement-une-enquete-ouverte-a-paris_61626772.html\" rel=\"nofollow noopener\" target=\"_blank\">harc\u00e8lement moral et cyberharc\u00e8lement<\/a> par Gims, 39 ans, et sa compagne Demdem, 38 ans. Le rappeur de 48 ans, qui a encha\u00een\u00e9 <a href=\"https:\/\/actu.fr\/ile-de-france\/nanterre_92050\/booba-a-paris-la-defense-arena-comment-obtenir-ses-places-pour-assister-au-concert-du-duc-de-boulogne_62231235.html\" rel=\"nofollow noopener\" target=\"_blank\">trois jours de concerts<\/a> en fin de semaine derni\u00e8re \u00e0 Paris La D\u00e9fense Arena, pourrait \u00eatre laiss\u00e9 libre sans poursuites \u00e0 ce stade ou alors \u00eatre pr\u00e9sent\u00e9 \u00e0 un magistrat en vue d\u2019\u00e9ventuelles poursuites.<\/p>\n<p class=\" wall-content\">Sollicit\u00e9s, ses avocats, Mes Marie Roumiantseva et Gilles Vercken, n\u2019ont pas souhait\u00e9 commenter. Egalement contact\u00e9, Me David-Olivier Kaminski, avocat de Gims et Demdem, n\u2019a pas souhait\u00e9 r\u00e9agir en l\u2019\u00e9tat pendant la garde \u00e0 vue de Booba.<\/p>\n<p class=\" wall-content\">Lors de leur d\u00e9p\u00f4t de plainte, Gims et Demdem avaient accus\u00e9 Booba de <strong>\u00ab\u00a0s\u2019attaquer\u00a0\u00bb \u00e0 eux \u00ab\u00a0depuis six ans\u00a0\u00bb<\/strong>, \u00ab\u00a0encourag\u00e9\u00a0\u00bb par \u00ab\u00a0un nombre absolument impressionnant de ses admirateurs\u00a0\u00bb, cr\u00e9ant \u00ab\u00a0une situation effroyable de cyberharc\u00e8lement\u00a0\u00bb. Publications sur les r\u00e9seaux sociaux \u00e0 l\u2019appui, ils estimaient qu\u2019il y avait des attaques contre le \u00ab\u00a0physique\u00a0\u00bb de Gims, Booba relayant des photos de l\u2019int\u00e9ress\u00e9 sans ses lunettes qu\u2019il porte constamment.<\/p>\n<p class=\" wall-content\">Dans un autre message, Booba aurait \u00e9crit \u00ab\u00a0Tu ressemble (sic) \u00e0 une croquette pour chat sale sorcier\u00a0\u00bb. Un morceau r\u00e9cent de Booba, \u00ab\u00a0Dolce Camara\u00a0\u00bb, serait d\u2019apr\u00e8s la plainte le \u00ab\u00a0point culminant\u00a0\u00bb du harc\u00e8lement. Dans ce morceau chant\u00e9 avec SDM, Booba disait notamment : \u00ab\u00a0On les aime fra\u00eeches, bien michtos (un d\u00e9riv\u00e9 argotique de michetonneuse d\u00e9signant une femme attir\u00e9e par l\u2019argent, ndlr), qui savent accueillir comme Demdem\u00a0\u00bb.<\/p>\n<p class=\" wall-content\">Booba s\u2019\u00e9tait f\u00e9licit\u00e9 du succ\u00e8s de ce morceau, le justifiant par des \u00ab\u00a0insultes\u00a0\u00bb de Gims envers sa fille.<\/p>\n<p>Votre r\u00e9gion, votre actu !<\/p>\n<p>Recevez chaque jour les infos qui comptent pour vous.<\/p>\n<p>\t<a href=\"https:\/\/actu.fr\/newsletter\" class=\"ac-btn ac-btn--corner ac-btn--medium ac-btn--blue800\" rel=\"nofollow noopener\" target=\"_blank\">S&rsquo;incrire<\/a><br \/>\nMise en examen<\/p>\n<p class=\" wall-content\">Figure du rap depuis les ann\u00e9es 1990, Booba s\u2019est engag\u00e9 depuis plusieurs ann\u00e9es dans une croisade contre les influenceurs renomm\u00e9s <strong>\u00ab\u00a0influvoleurs\u00a0\u00bb<\/strong> et leurs pratiques commerciales pr\u00e9sent\u00e9es comme trompeuses. Parmi ses principales cibles, Magali Berdah, fondatrice de Shauna Events sp\u00e9cialis\u00e9e dans les influenceurs.<\/p>\n<p class=\" wall-content\">L\u2019enqu\u00eate la visant pour pratiques commerciales trompeuses, ouverte apr\u00e8s des plaintes de Booba, a \u00e9t\u00e9 class\u00e9e sans suite en mars. Le 2 octobre 2023, Booba a, de son c\u00f4t\u00e9, \u00e9t\u00e9 mis en examen pour harc\u00e8lement moral en ligne aggrav\u00e9 <a href=\"https:\/\/actu.fr\/ile-de-france\/paris_75056\/paris-booba-jette-l-eponge-dans-son-bras-de-fer-judiciaire-avec-l-ex-reine-de-influenceurs-magali-berdah_62333069.html\" rel=\"nofollow noopener\" target=\"_blank\">\u00e0 l\u2019encontre de Magali Berdah<\/a>, qui avait \u00e9galement d\u00e9pos\u00e9 plainte.<\/p>\n<p class=\" wall-content\"><a href=\"https:\/\/actu.fr\/ile-de-france\/paris_75056\/paris-booba-accusait-berdah-de-diffamation-le-rappeur-sous-le-coup-d-une-sanction-rare-et-severe_62641692.html\" rel=\"nofollow noopener\" target=\"_blank\">Le rappeur sera par ailleurs jug\u00e9 le 3 d\u00e9cembre<\/a> pour injure raciste contre une journaliste et un essayiste, ainsi que cyberharc\u00e8lement aggrav\u00e9 s\u2019agissant de la premi\u00e8re.<\/p>\n<p class=\" wall-content\">Avec AFP<\/p>\n<p class=\" wall-content\">Personnalisez votre actualit\u00e9 en ajoutant vos villes et m\u00e9dias en favori avec <a href=\"https:\/\/moncompte.actu.fr\" title=\"D\u00e9couvez Mon Actu\" rel=\"nofollow noopener\" data-trk=\"{&quot;cta&quot;:{&quot;action&quot;:&quot;https:\\\/\\\/moncompte.actu.fr&quot;,&quot;category&quot;:&quot;mon compte&quot;,&quot;from&quot;:&quot;article footer&quot;,&quot;name&quot;:&quot;Mon actu&quot;,&quot;type&quot;:&quot;cta&quot;}}\" target=\"_blank\">Mon Actu<\/a>.<\/p>\n","protected":false},"excerpt":{"rendered":"Par R\u00e9daction Paris Publi\u00e9 le 16 oct. 2025 \u00e0 14h04 Le rappeur Booba est en garde \u00e0 vue&hellip;\n","protected":false},"author":2,"featured_media":467412,"comment_status":"","ping_status":"","sticky":false,"template":"","format":"standard","meta":{"footnotes":""},"categories":[1888],"tags":[1111,1928,11,1927,3646,1777,674,118,1011,27,303,12,1926,626,1925,25],"class_list":{"0":"post-467411","1":"post","2":"type-post","3":"status-publish","4":"format-standard","5":"has-post-thumbnail","7":"category-paris","8":"tag-actu","9":"tag-actu-paris","10":"tag-actualites","11":"tag-actualites-paris","12":"tag-booba","13":"tag-eu","14":"tag-europe","15":"tag-faits-divers","16":"tag-fr","17":"tag-france","18":"tag-justice","19":"tag-news","20":"tag-news-paris","21":"tag-paris","22":"tag-paris-news","23":"tag-republique-francaise"},"share_on_mastodon":{"url":"https:\/\/pubeurope.com\/@fr\/115383915373591712","error":""},"_links":{"self":[{"href":"https:\/\/www.europesays.com\/fr\/wp-json\/wp\/v2\/posts\/467411","targetHints":{"allow":["GET"]}}],"collection":[{"href":"https:\/\/www.europesays.com\/fr\/wp-json\/wp\/v2\/posts"}],"about":[{"href":"https:\/\/www.europesays.com\/fr\/wp-json\/wp\/v2\/types\/post"}],"author":[{"embeddable":true,"href":"https:\/\/www.europesays.com\/fr\/wp-json\/wp\/v2\/users\/2"}],"replies":[{"embeddable":true,"href":"https:\/\/www.europesays.com\/fr\/wp-json\/wp\/v2\/comments?post=467411"}],"version-history":[{"count":0,"href":"https:\/\/www.europesays.com\/fr\/wp-json\/wp\/v2\/posts\/467411\/revisions"}],"wp:featuredmedia":[{"embeddable":true,"href":"https:\/\/www.europesays.com\/fr\/wp-json\/wp\/v2\/media\/467412"}],"wp:attachment":[{"href":"https:\/\/www.europesays.com\/fr\/wp-json\/wp\/v2\/media?parent=467411"}],"wp:term":[{"taxonomy":"category","embeddable":true,"href":"https:\/\/www.europesays.com\/fr\/wp-json\/wp\/v2\/categories?post=467411"},{"taxonomy":"post_tag","embeddable":true,"href":"https:\/\/www.europesays.com\/fr\/wp-json\/wp\/v2\/tags?post=467411"}],"curies":[{"name":"wp","href":"https:\/\/api.w.org\/{rel}","templated":true}]}}