{"id":467416,"date":"2025-10-16T12:48:16","date_gmt":"2025-10-16T12:48:16","guid":{"rendered":"https:\/\/www.europesays.com\/fr\/467416\/"},"modified":"2025-10-16T12:48:16","modified_gmt":"2025-10-16T12:48:16","slug":"paris-denonce-leur-condamnation-arbitraire-a-de-lourdes-peines-de-prison","status":"publish","type":"post","link":"https:\/\/www.europesays.com\/fr\/467416\/","title":{"rendered":"Paris d\u00e9nonce leur condamnation \u00ab\u00a0arbitraire\u00a0\u00bb \u00e0 de lourdes peines de prison"},"content":{"rendered":"<p>Le Quai d&rsquo;Orsay d\u00e9nonce ce jeudi 16 octobre la condamnation \u00e0 de lourdes peines de prison de C\u00e9cile Kohler et Jacques Paris, d\u00e9tenus en Iran depuis plus de trois ans. Ils ont \u00e9t\u00e9 inculp\u00e9s pour espionnage et la France les consid\u00e8re comme des \u00ab\u00a0otages d&rsquo;\u00c9tat\u00a0\u00bb.<\/p>\n<p>Les Fran\u00e7ais C\u00e9cile Kohler et Jacques Paris, d\u00e9tenus depuis mai 2022 en Iran o\u00f9 ils ont \u00e9t\u00e9 inculp\u00e9s notamment pour espionnage au profit des services de renseignement fran\u00e7ais et isra\u00e9lien, \u00ab\u00a0ont \u00e9t\u00e9 arbitrairement condamn\u00e9s\u00a0\u00bb par la justice iranienne, a d\u00e9nonc\u00e9 jeudi 16 octobre le porte-parole du minist\u00e8re fran\u00e7ais des Affaires \u00e9trang\u00e8res.<\/p>\n<blockquote class=\"embed embed_quote\"><p>\u00ab\u00a0Tous deux ont \u00e9t\u00e9 arbitrairement condamn\u00e9s avant-hier (mardi, ndlr) \u00e0 de tr\u00e8s lourdes peines de prison\u00a0\u00bb (respectivement \u00e0 20 et 17 ans, ndlr), a d\u00e9clar\u00e9 Pascal Confavreux, lors d&rsquo;un point-presse.<\/p><\/blockquote>\n<p>\u00ab\u00a0Les motifs d&rsquo;inculpation, quels qu&rsquo;ils soient, sont totalement infond\u00e9s\u00a0\u00bb, a-t-il ajout\u00e9, en demandant \u00ab\u00a0leur lib\u00e9ration imm\u00e9diate\u00a0\u00bb.<\/p>\n","protected":false},"excerpt":{"rendered":"Le Quai d&rsquo;Orsay d\u00e9nonce ce jeudi 16 octobre la condamnation \u00e0 de lourdes peines de prison de C\u00e9cile&hellip;\n","protected":false},"author":2,"featured_media":226376,"comment_status":"","ping_status":"","sticky":false,"template":"","format":"standard","meta":{"footnotes":""},"categories":[1888],"tags":[11,1777,674,1011,27,12,626,25],"class_list":{"0":"post-467416","1":"post","2":"type-post","3":"status-publish","4":"format-standard","5":"has-post-thumbnail","7":"category-paris","8":"tag-actualites","9":"tag-eu","10":"tag-europe","11":"tag-fr","12":"tag-france","13":"tag-news","14":"tag-paris","15":"tag-republique-francaise"},"share_on_mastodon":{"url":"https:\/\/pubeurope.com\/@fr\/115383927081741646","error":""},"_links":{"self":[{"href":"https:\/\/www.europesays.com\/fr\/wp-json\/wp\/v2\/posts\/467416","targetHints":{"allow":["GET"]}}],"collection":[{"href":"https:\/\/www.europesays.com\/fr\/wp-json\/wp\/v2\/posts"}],"about":[{"href":"https:\/\/www.europesays.com\/fr\/wp-json\/wp\/v2\/types\/post"}],"author":[{"embeddable":true,"href":"https:\/\/www.europesays.com\/fr\/wp-json\/wp\/v2\/users\/2"}],"replies":[{"embeddable":true,"href":"https:\/\/www.europesays.com\/fr\/wp-json\/wp\/v2\/comments?post=467416"}],"version-history":[{"count":0,"href":"https:\/\/www.europesays.com\/fr\/wp-json\/wp\/v2\/posts\/467416\/revisions"}],"wp:featuredmedia":[{"embeddable":true,"href":"https:\/\/www.europesays.com\/fr\/wp-json\/wp\/v2\/media\/226376"}],"wp:attachment":[{"href":"https:\/\/www.europesays.com\/fr\/wp-json\/wp\/v2\/media?parent=467416"}],"wp:term":[{"taxonomy":"category","embeddable":true,"href":"https:\/\/www.europesays.com\/fr\/wp-json\/wp\/v2\/categories?post=467416"},{"taxonomy":"post_tag","embeddable":true,"href":"https:\/\/www.europesays.com\/fr\/wp-json\/wp\/v2\/tags?post=467416"}],"curies":[{"name":"wp","href":"https:\/\/api.w.org\/{rel}","templated":true}]}}