{"id":467446,"date":"2025-10-16T13:07:12","date_gmt":"2025-10-16T13:07:12","guid":{"rendered":"https:\/\/www.europesays.com\/fr\/467446\/"},"modified":"2025-10-16T13:07:12","modified_gmt":"2025-10-16T13:07:12","slug":"pacho-a-donne-sa-reponse-a-loffre-du-psg","status":"publish","type":"post","link":"https:\/\/www.europesays.com\/fr\/467446\/","title":{"rendered":"Pacho a donn\u00e9 sa r\u00e9ponse \u00e0 l&rsquo;offre du PSG !"},"content":{"rendered":"<p><strong>Willian Pacho, d\u00e9fenseur de 23 ans de l\u2019Equateur, n\u2019a pas tard\u00e9 \u00e0 s\u2019imposer au Paris Saint-Germain apr\u00e8s sa signature depuis l\u2019Eintracht Francfort \u00e0 l\u2019\u00e9t\u00e9 2024. Alors que son contrat va jusqu\u2019en 2029, de premi\u00e8res rumeurs arrivent autour de celui qui s\u2019est fait une place dans l\u2019\u00e9lite \u00e0 son poste. Notamment pour une prolongation de contrat. Ici Paris affirme ce jeudi que le PSG a d\u00e9j\u00e0 bien avanc\u00e9.<\/strong><\/p>\n<blockquote>\n<p>\u00ab\u00a0La balle est dans le camp du joueur. Luis Campos veut d\u00e9j\u00e0 le b\u00e9tonner et lui a fait une proposition pour 2 ans de plus, jusqu\u2019en 2031. Proposition qui semble le satisfaire, il ne reste plus qu\u2019\u00e0 signer.\u00a0\u00bb<\/p>\n<\/blockquote>\n<p>Il n\u2019y a encore rien de fait, mais on a de l\u2019espoir avec un m\u00e9dia g\u00e9n\u00e9ralement fiable et qui ne s\u2019exprime pas sur le mercato pour rien. C\u2019est en plus une issue bien cr\u00e9dible, avec le PSG qui revalorise le salaire de Pacho \u00e0 la hauteur de ses immenses performances apr\u00e8s une arriv\u00e9e en \u00e9tant relativement m\u00e9connu.<\/p>\n<p>L\u2019Equatorien n\u2019a de raison particuli\u00e8re de partir et n\u2019a rien affich\u00e9 dans ce sens. On se doute qu\u2019il y aura des tentatives d\u2019autres clubs et le football peut aller tr\u00e8s vite, alors on se m\u00e9fie toujours un peu. L\u2019heure est tout de m\u00eame \u00e0 l\u2019optimisme, avec un joueur qui semble heureux au PSG et qui a toute la confiance du club, o\u00f9 il a \u00e9t\u00e9 le premier repr\u00e9sentant de son pays \u00e0 remporter la Ligue des Champions.<\/p>\n<p>\t\t\t\t\t\t\t\t\t\t\t\t\t\t\t\t\t\t\t\t\t\t\t<img loading=\"lazy\" src=\"https:\/\/www.europesays.com\/fr\/wp-content\/uploads\/2025\/04\/ParisFans_Logo.png\" decoding=\"async\" class=\"lazyload\" width=\"240\" height=\"54\" data-eio-rwidth=\"240\" data-eio-rheight=\"54\"\/><\/p>\n","protected":false},"excerpt":{"rendered":"Willian Pacho, d\u00e9fenseur de 23 ans de l\u2019Equateur, n\u2019a pas tard\u00e9 \u00e0 s\u2019imposer au Paris Saint-Germain apr\u00e8s sa&hellip;\n","protected":false},"author":2,"featured_media":467447,"comment_status":"","ping_status":"","sticky":false,"template":"","format":"standard","meta":{"footnotes":""},"categories":[1410],"tags":[63,1011,27,60,96,13197],"class_list":{"0":"post-467446","1":"post","2":"type-post","3":"status-publish","4":"format-standard","5":"has-post-thumbnail","7":"category-football","8":"tag-football","9":"tag-fr","10":"tag-france","11":"tag-sports","12":"tag-une","13":"tag-willian-pacho"},"share_on_mastodon":{"url":"https:\/\/pubeurope.com\/@fr\/115384002515426197","error":""},"_links":{"self":[{"href":"https:\/\/www.europesays.com\/fr\/wp-json\/wp\/v2\/posts\/467446","targetHints":{"allow":["GET"]}}],"collection":[{"href":"https:\/\/www.europesays.com\/fr\/wp-json\/wp\/v2\/posts"}],"about":[{"href":"https:\/\/www.europesays.com\/fr\/wp-json\/wp\/v2\/types\/post"}],"author":[{"embeddable":true,"href":"https:\/\/www.europesays.com\/fr\/wp-json\/wp\/v2\/users\/2"}],"replies":[{"embeddable":true,"href":"https:\/\/www.europesays.com\/fr\/wp-json\/wp\/v2\/comments?post=467446"}],"version-history":[{"count":0,"href":"https:\/\/www.europesays.com\/fr\/wp-json\/wp\/v2\/posts\/467446\/revisions"}],"wp:featuredmedia":[{"embeddable":true,"href":"https:\/\/www.europesays.com\/fr\/wp-json\/wp\/v2\/media\/467447"}],"wp:attachment":[{"href":"https:\/\/www.europesays.com\/fr\/wp-json\/wp\/v2\/media?parent=467446"}],"wp:term":[{"taxonomy":"category","embeddable":true,"href":"https:\/\/www.europesays.com\/fr\/wp-json\/wp\/v2\/categories?post=467446"},{"taxonomy":"post_tag","embeddable":true,"href":"https:\/\/www.europesays.com\/fr\/wp-json\/wp\/v2\/tags?post=467446"}],"curies":[{"name":"wp","href":"https:\/\/api.w.org\/{rel}","templated":true}]}}