{"id":467452,"date":"2025-10-16T13:10:19","date_gmt":"2025-10-16T13:10:19","guid":{"rendered":"https:\/\/www.europesays.com\/fr\/467452\/"},"modified":"2025-10-16T13:10:19","modified_gmt":"2025-10-16T13:10:19","slug":"ecouter-un-livre-aide-t-il-a-mieux-apprendre","status":"publish","type":"post","link":"https:\/\/www.europesays.com\/fr\/467452\/","title":{"rendered":"\u00c9couter un livre aide-t-il \u00e0 mieux apprendre\u00a0?"},"content":{"rendered":"<p><strong>La lecture d\u2019un texte \u00e0 voix haute l\u2019enrichit d\u2019une interpr\u00e9tation et d\u2019une dimension \u00e9motionnelle. Mais dans quelle mesure l\u2019\u00e9coute d\u2019un livre en format audio aide-t-elle \u00e0 mieux comprendre un texte\u00a0? Peut-elle concurrencer des pratiques de lecture classiques dans un cadre scolaire\u00a0?<\/strong><\/p>\n<p>Qu\u2019il s\u2019agisse de documents pr\u00e9sents dans les manuels scolaires ou de fictions narratives \u00e9tudi\u00e9es en cours de lettres, la lecture de textes reste un pilier des apprentissages. Mais l\u2019essor du livre audio ouvre de nouvelles possibilit\u00e9s d\u2019approches.<\/p>\n<p>Peut-on envisager d\u2019\u00e9couter des \u0153uvres litt\u00e9raires au programme plut\u00f4t que de les lire de mani\u00e8re classique\u00a0? Et, en ce cas, l\u2019\u00e9coute d\u2019un texte permet-elle la m\u00eame compr\u00e9hension que sa lecture\u00a0?<\/p>\n<p>Lire ou \u00e9couter\u00a0: des diff\u00e9rences limit\u00e9es en\u00a0apparence<\/p>\n<p>Dans une m\u00e9ta-analyse publi\u00e9e dans la Review of Educational Research et prenant en compte les r\u00e9sultats de 46\u00a0\u00e9tudes men\u00e9es entre 1955 et 2020, incluant au total 4\u00a0687\u00a0participants enfants et adultes, Virginia\u00a0Clinton-Lisell, enseignante-chercheuse en psychologie de l\u2019\u00e9ducation \u00e0 l\u2019Universit\u00e9 du Dakota du Nord, constate que les <a href=\"https:\/\/journals.sagepub.com\/doi\/abs\/10.3102\/00346543211060871\" rel=\"nofollow noopener\" target=\"_blank\">niveaux de compr\u00e9hension ne diff\u00e8rent pas significativement lorsque les m\u00eames textes sont lus ou \u00e9cout\u00e9s<\/a>.<\/p>\n<p>Ce r\u00e9sultat peut \u00eatre rapproch\u00e9 d\u2019une \u00e9tude de Madison\u00a0Berl et de ses coll\u00e8gues, publi\u00e9e en 2010 dans le journal Brain and Language, montrant que des <a href=\"https:\/\/pmc.ncbi.nlm.nih.gov\/articles\/PMC2962416\/pdf\/nihms-227819.pdf\" rel=\"nofollow noopener\" target=\"_blank\">enfants \u00e2g\u00e9s de 7\u00a0ans \u00e0 12\u00a0ans activent des r\u00e9gions c\u00e9r\u00e9brales communes lors de l\u2019\u00e9coute et de la lecture d\u2019histoires<\/a>. Ces r\u00e9gions comprennent notamment un r\u00e9seau fronto-temporal impliqu\u00e9 dans des traitements s\u00e9mantiques et syntaxiques partag\u00e9s entre les deux modalit\u00e9s d\u2019exploration, que les auteurs qualifient de \u00ab\u00a0cortex de la compr\u00e9hension\u00a0\u00bb.<\/p>\n<p>Un r\u00e9seau comparable, auquel s\u2019ajoutait la r\u00e9gion pari\u00e9tale, \u00e9tait \u00e9galement activ\u00e9 par des adultes qui \u00e9coutaient ou lisaient la m\u00eame histoire <a href=\"https:\/\/www.jneurosci.org\/content\/jneuro\/39\/39\/7722.full.pdf\" rel=\"nofollow noopener\" target=\"_blank\">dans l\u2019\u00e9tude de Fatma\u00a0Deniz et de ses coll\u00e8gues<\/a>, publi\u00e9e en 2019 dans The Journal of Neuroscience.<\/p>\n<p>Adapter son rythme avec la lecture classique<\/p>\n<p>Cependant, la m\u00e9ta-analyse de Clinton-Lisell souligne aussi que la compr\u00e9hension devient meilleure en lecture qu\u2019en \u00e9coute lorsque les participants peuvent lire \u00e0 leur propre rythme. La lecture offre en effet la possibilit\u00e9 d\u2019ajuster librement sa vitesse\u00a0: ralentir face \u00e0 une difficult\u00e9, revenir en arri\u00e8re ou v\u00e9rifier une information. Ce contr\u00f4le cognitif n\u2019est pas possible lors de l\u2019\u00e9coute d\u2019un texte dont le rythme est fix\u00e9, sans possibilit\u00e9 de retour en arri\u00e8re aussi naturelle.<\/p>\n<p>De plus, la lecture s\u2019av\u00e8re plus efficace que l\u2019\u00e9coute lorsque la compr\u00e9hension g\u00e9n\u00e9rale et inf\u00e9rentielle est \u00e9valu\u00e9e, alors que cette diff\u00e9rence ne se retrouve pas pour la compr\u00e9hension litt\u00e9rale.<\/p>\n<p>L\u2019\u00e9coute, qui impose un rythme et une structure sonore, rend plus difficiles la mise en \u0153uvre de strat\u00e9gies de compr\u00e9hension et la g\u00e9n\u00e9ration d\u2019inf\u00e9rences \u2013 c\u2019est-\u00e0-dire de liens entre les id\u00e9es issues du texte et les connaissances et souvenirs dont dispose chacun. La lecture, au contraire, offre une plus grande libert\u00e9 d\u2019organisation mentale et favorise une cr\u00e9ativit\u00e9 interpr\u00e9tative, soutenue par des processus de r\u00e9gulation attentionnelle et de contr\u00f4le cognitif.<\/p>\n<p>Lorsqu\u2019il s\u2019agit d\u2019amener les \u00e9l\u00e8ves \u00e0 d\u00e9velopper une r\u00e9flexion plus approfondie, la lecture demeure la modalit\u00e9 la plus efficace. Elle stimule la cr\u00e9ation d\u2019inf\u00e9rences, essentielles pour \u00e9tablir la coh\u00e9rence du texte \u2013 gage d\u2019une compr\u00e9hension fine et profonde.<\/p>\n<p>Avec l\u2019\u00e9coute, une dimension \u00e9motionnelle<\/p>\n<p>L\u2019\u00e9coute d\u2019un texte pr\u00e9sente toutefois certains avantages, notamment sur le plan de l\u2019exp\u00e9rience v\u00e9cue.<\/p>\n<p>Elle implique la perception de voix, d\u2019intonations et de prosodies qui, pour les personnes qui y sont sensibles, apportent une dimension affective et \u00e9motionnelle plus directe que la lecture silencieuse. Elle peut \u00e9galement faciliter l\u2019acc\u00e8s au texte pour des \u00e9l\u00e8ves en difficult\u00e9 de lecture, en r\u00e9duisant la charge visuelle et en soutenant la continuit\u00e9 de l\u2019attention.<\/p>\n<p>Cependant, l\u2019\u00e9coute sollicite aussi l\u2019attention auditive, qui constitue en soi une comp\u00e9tence sp\u00e9cifique, mobilisant \u00e0 la fois la <a href=\"https:\/\/www.francealzheimer.org\/memoire-travail\/\" rel=\"nofollow noopener\" target=\"_blank\">m\u00e9moire de travail<\/a> et l\u2019attention soutenue. Elle demande de maintenir une vigilance soutenue face \u00e0 un flux verbal continu, ce qui peut repr\u00e9senter un d\u00e9fi pour certains \u00e9l\u00e8ves, notamment ceux ayant des difficult\u00e9s de concentration ou de traitement auditif. L\u2019\u00e9coute favorise alors une immersion auditive susceptible d\u2019am\u00e9liorer la compr\u00e9hension globale du r\u00e9cit, m\u00eame si elle n\u2019offre pas toujours le m\u00eame degr\u00e9 de contr\u00f4le sur les d\u00e9tails du texte.<\/p>\n<p>            <img decoding=\"async\" alt=\"\" class=\"lazyload\" src=\"https:\/\/www.europesays.com\/fr\/wp-content\/uploads\/2025\/10\/file-20251016-56-a9p3ad.jpg\"  \/><\/p>\n<p>              L\u2019\u00e9coute apporte une dimension affective plus directe que la lecture silencieuse.<br \/>\n              <a class=\"source\" href=\"https:\/\/www.shutterstock.com\/fr\/image-photo\/concept-audiobooks-stacks-books-headphones-on-1900687258\" rel=\"nofollow noopener\" target=\"_blank\">Shutterstock<\/a><\/p>\n<p>Cette mise en voix peut renforcer l\u2019engagement de l\u2019auditeur et enrichir la r\u00e9ception d\u2019un texte narratif, en accentuant la pr\u00e9sence des personnages et le rythme du r\u00e9cit. La lecture, de son c\u00f4t\u00e9, permet une forme de dialogue int\u00e9rieur et une suspension du temps propice \u00e0 la r\u00e9flexion.<\/p>\n<p>L\u2019anthropologue Mich\u00e8le Petit d\u00e9crit tr\u00e8s subtilement, dans son ouvrage <a href=\"https:\/\/www.babelio.com\/livres\/Petit-Lire-le-monde-Experiences-de-transmission-culture\/641738\" rel=\"nofollow noopener\" target=\"_blank\">Lire le monde<\/a> (2014), la force de l\u2019exp\u00e9rience de la lecture \u00e0 tout \u00e2ge. Dans le chapitre intitul\u00e9 \u00ab\u00a0\u00c0 quoi \u00e7a sert de lire\u00a0?\u00a0\u00bb, elle \u00e9voque plusieurs vertus de la lecture, parmi lesquelles la capacit\u00e9 \u00e0 se retirer du tumulte, \u00e0 s\u2019ouvrir \u00e0 d\u2019autres mondes et \u00e0 se construire soi-m\u00eame. La section \u00ab\u00a0Lever les yeux de son livre\u00a0\u00bb illustre particuli\u00e8rement bien cette exp\u00e9rience singuli\u00e8re\u00a0: celle d\u2019une lecture qui permet de suspendre le fil du texte pour laisser na\u00eetre une pens\u00e9e, une image ou un souvenir \u2013\u00a0ce que l\u2019\u00e9coute, plus lin\u00e9aire, favorise moins.<\/p>\n<p>Former un assemblage cognitif vertueux<\/p>\n<p>La professeure de litt\u00e9rature Katherine Hayles propose dans plusieurs de ses ouvrages \u2013 le plus r\u00e9cent \u00e9tant <a href=\"https:\/\/press.uchicago.edu\/ucp\/books\/book\/chicago\/B\/bo238941793.html\" rel=\"nofollow noopener\" target=\"_blank\">Bacteria to AI: Human Futures with Our Nonhuman Symbionts<\/a> (2025) \u2013\u00a0le concept d\u2019\u00ab\u00a0assemblage cognitif\u00a0\u00bb pour d\u00e9signer les syst\u00e8mes hybrides dans lesquels les humains interagissent avec des technologies qui prolongent leurs capacit\u00e9s mentales. Si ce cadre concerne d\u2019abord la relation entre humains et ordinateurs, il peut \u00eatre \u00e9largi \u00e0 la mani\u00e8re dont nous faisons corps avec les supports de la lecture et de l\u2019\u00e9coute.<\/p>\n<p><a href=\"https:\/\/www.deboecksuperieur.com\/livre\/9782353273829-les-mecanismes-de-la-lecture\" rel=\"nofollow noopener\" target=\"_blank\">Lire un texte<\/a> ou l\u2019\u00e9couter rel\u00e8ve de formes distinctes d\u2019assemblages cognitifs, chacun mobilisant diff\u00e9remment nos sens, notre attention, notre m\u00e9moire et nos \u00e9motions. Apprendre \u00e0 reconna\u00eetre ces diff\u00e9rences \u2013 et \u00e0 choisir la modalit\u00e9 la plus adapt\u00e9e selon le but vis\u00e9 (lecture approfondie ou \u00e9coute immersive) et selon nos pr\u00e9f\u00e9rences (exploration plut\u00f4t visuelle et tactile, voire olfactive, ou auditive) \u2013 revient \u00e0 former un assemblage cognitif vertueux, capable de tirer parti de la richesse de chaque mode d\u2019interaction avec le langage et la culture.<\/p>\n<p>Pour l\u2019\u00e9cole, l\u2019enjeu n\u2019est donc pas de choisir entre lecture et \u00e9coute, mais d\u2019apprendre aux \u00e9l\u00e8ves \u00e0 reconna\u00eetre la valeur propre de chaque mode et \u00e0 les combiner de mani\u00e8re r\u00e9fl\u00e9chie.<\/p>\n<p>Cette prise de conscience des modalit\u00e9s d\u2019exploration des textes participe d\u2019une p\u00e9dagogie diff\u00e9renci\u00e9e, attentive aux styles d\u2019apprentissage. Elle invite \u00e0 d\u00e9velopper une v\u00e9ritable \u00e9ducation \u00e0 la m\u00e9tacognition\u00a0: apprendre \u00e0 observer sa mani\u00e8re d\u2019apprendre, \u00e0 ajuster son rythme et \u00e0 choisir le support le plus adapt\u00e9 selon le contexte.<\/p>\n<p>Savoir quand lire, quand \u00e9couter et comment passer de l\u2019un \u00e0 l\u2019autre \u2013\u00a0voire combiner les deux modes\u00a0\u2013, c\u2019est apprendre \u00e0 ajuster sa mani\u00e8re d\u2019apprendre, et, plus largement, \u00e0 penser par soi-m\u00eame.<\/p>\n","protected":false},"excerpt":{"rendered":"La lecture d\u2019un texte \u00e0 voix haute l\u2019enrichit d\u2019une interpr\u00e9tation et d\u2019une dimension \u00e9motionnelle. Mais dans quelle mesure&hellip;\n","protected":false},"author":2,"featured_media":467453,"comment_status":"","ping_status":"","sticky":false,"template":"","format":"standard","meta":{"footnotes":""},"categories":[1357],"tags":[1379,58,59,1011,27,1380],"class_list":{"0":"post-467452","1":"post","2":"type-post","3":"status-publish","4":"format-standard","5":"has-post-thumbnail","7":"category-livres","8":"tag-books","9":"tag-divertissement","10":"tag-entertainment","11":"tag-fr","12":"tag-france","13":"tag-livres"},"share_on_mastodon":{"url":"https:\/\/pubeurope.com\/@fr\/115384013770478434","error":""},"_links":{"self":[{"href":"https:\/\/www.europesays.com\/fr\/wp-json\/wp\/v2\/posts\/467452","targetHints":{"allow":["GET"]}}],"collection":[{"href":"https:\/\/www.europesays.com\/fr\/wp-json\/wp\/v2\/posts"}],"about":[{"href":"https:\/\/www.europesays.com\/fr\/wp-json\/wp\/v2\/types\/post"}],"author":[{"embeddable":true,"href":"https:\/\/www.europesays.com\/fr\/wp-json\/wp\/v2\/users\/2"}],"replies":[{"embeddable":true,"href":"https:\/\/www.europesays.com\/fr\/wp-json\/wp\/v2\/comments?post=467452"}],"version-history":[{"count":0,"href":"https:\/\/www.europesays.com\/fr\/wp-json\/wp\/v2\/posts\/467452\/revisions"}],"wp:featuredmedia":[{"embeddable":true,"href":"https:\/\/www.europesays.com\/fr\/wp-json\/wp\/v2\/media\/467453"}],"wp:attachment":[{"href":"https:\/\/www.europesays.com\/fr\/wp-json\/wp\/v2\/media?parent=467452"}],"wp:term":[{"taxonomy":"category","embeddable":true,"href":"https:\/\/www.europesays.com\/fr\/wp-json\/wp\/v2\/categories?post=467452"},{"taxonomy":"post_tag","embeddable":true,"href":"https:\/\/www.europesays.com\/fr\/wp-json\/wp\/v2\/tags?post=467452"}],"curies":[{"name":"wp","href":"https:\/\/api.w.org\/{rel}","templated":true}]}}