{"id":467494,"date":"2025-10-16T13:33:12","date_gmt":"2025-10-16T13:33:12","guid":{"rendered":"https:\/\/www.europesays.com\/fr\/467494\/"},"modified":"2025-10-16T13:33:12","modified_gmt":"2025-10-16T13:33:12","slug":"grenoble-eric-piolle-se-dit-choque-apres-les-menaces-de-mort-visant-herve-gerbi","status":"publish","type":"post","link":"https:\/\/www.europesays.com\/fr\/467494\/","title":{"rendered":"Grenoble. \u00c9ric Piolle se dit \u00ab\u00a0choqu\u00e9\u00a0\u00bb apr\u00e8s les menaces de mort visant Herv\u00e9 Gerbi"},"content":{"rendered":"<p>Ce jeudi 16\u00a0octobre, le pr\u00e9sident du Crif Grenoble-Is\u00e8re, Me Eric Hattab, et son pr\u00e9d\u00e9cesseur, Me Herv\u00e9 Gerbi \u2013 par ailleurs candidat Horizons \u00e0 la mairie de Grenoble \u2013, <a href=\"https:\/\/www.ledauphine.com\/faits-divers-justice\/2025\/10\/16\/le-nouveau-et-l-ancien-presidents-du-crif-vises-par-des-menaces-antisemites\" target=\"_blank\" rel=\"noopener\">ont d\u00e9couvert des tags antis\u00e9mites et des menaces de mort d\u2019une rare violence<\/a> sur la fa\u00e7ade des immeubles qui abritent leurs cabinets d\u2019avocats.<\/p>\n<p>Eric Piolle, maire de Grenoble, s\u2019est dit, dans un communiqu\u00e9, \u00ab\u00a0profond\u00e9ment choqu\u00e9\u00a0\u00bb et a tenu\u00a0\u00e0 apporter son \u00ab\u00a0plein soutien\u00a0\u00bb aux deux hommes. \u00ab\u00a0Nul ne devrait se sentir menac\u00e9 en raison de sa religion. Nul ne devrait subir l\u2019antis\u00e9mitisme.\u00a0Il faut continuer de combattre ce poison qu\u2019est l\u2019antis\u00e9mitisme, de toutes nos forces, sans rel\u00e2che.\u00a0\u00bb<\/p>\n<p>  Horizons condamne fermement<\/p>\n<p>De leur c\u00f4t\u00e9, Horizons Is\u00e8re et le comit\u00e9 municipal Horizons Grenoble \u00ab\u00a0condamnent avec la plus grande\u00a0fermet\u00e9\u00a0\u00bb ces actes antis\u00e9mites. \u00ab\u00a0Ces actes abjects, contraires \u00e0 toutes les valeurs de la R\u00e9publique, n\u2019ont pas leur place dans\u00a0le d\u00e9bat public ni dans notre d\u00e9mocratie. La haine, l\u2019intimidation et l\u2019antis\u00e9mitisme ne\u00a0sauraient jamais \u00eatre des armes politiques\u00a0\u00bb, pr\u00e9cisent ses membres dans leur communiqu\u00e9.<\/p>\n","protected":false},"excerpt":{"rendered":"Ce jeudi 16\u00a0octobre, le pr\u00e9sident du Crif Grenoble-Is\u00e8re, Me Eric Hattab, et son pr\u00e9d\u00e9cesseur, Me Herv\u00e9 Gerbi \u2013&hellip;\n","protected":false},"author":2,"featured_media":467495,"comment_status":"","ping_status":"","sticky":false,"template":"","format":"standard","meta":{"footnotes":""},"categories":[9566],"tags":[1111,11,2430,271,272,112,1777,674,274,107,1011,27,2731,2732,108,12,316,5889,25,104],"class_list":{"0":"post-467494","1":"post","2":"type-post","3":"status-publish","4":"format-standard","5":"has-post-thumbnail","7":"category-grenoble","8":"tag-actu","9":"tag-actualites","10":"tag-auvergne-rhone-alpes","11":"tag-crime","12":"tag-delit-et-contravention","13":"tag-edition-grenoble-agglomeration","14":"tag-eu","15":"tag-europe","16":"tag-faits-divers-justice","17":"tag-fil-info","18":"tag-fr","19":"tag-france","20":"tag-grenoble","21":"tag-grenoble-bassin","22":"tag-isere","23":"tag-news","24":"tag-politique","25":"tag-religion-croyance","26":"tag-republique-francaise","27":"tag-societe"},"share_on_mastodon":{"url":"https:\/\/pubeurope.com\/@fr\/115384103952395711","error":""},"_links":{"self":[{"href":"https:\/\/www.europesays.com\/fr\/wp-json\/wp\/v2\/posts\/467494","targetHints":{"allow":["GET"]}}],"collection":[{"href":"https:\/\/www.europesays.com\/fr\/wp-json\/wp\/v2\/posts"}],"about":[{"href":"https:\/\/www.europesays.com\/fr\/wp-json\/wp\/v2\/types\/post"}],"author":[{"embeddable":true,"href":"https:\/\/www.europesays.com\/fr\/wp-json\/wp\/v2\/users\/2"}],"replies":[{"embeddable":true,"href":"https:\/\/www.europesays.com\/fr\/wp-json\/wp\/v2\/comments?post=467494"}],"version-history":[{"count":0,"href":"https:\/\/www.europesays.com\/fr\/wp-json\/wp\/v2\/posts\/467494\/revisions"}],"wp:featuredmedia":[{"embeddable":true,"href":"https:\/\/www.europesays.com\/fr\/wp-json\/wp\/v2\/media\/467495"}],"wp:attachment":[{"href":"https:\/\/www.europesays.com\/fr\/wp-json\/wp\/v2\/media?parent=467494"}],"wp:term":[{"taxonomy":"category","embeddable":true,"href":"https:\/\/www.europesays.com\/fr\/wp-json\/wp\/v2\/categories?post=467494"},{"taxonomy":"post_tag","embeddable":true,"href":"https:\/\/www.europesays.com\/fr\/wp-json\/wp\/v2\/tags?post=467494"}],"curies":[{"name":"wp","href":"https:\/\/api.w.org\/{rel}","templated":true}]}}