{"id":467498,"date":"2025-10-16T13:35:10","date_gmt":"2025-10-16T13:35:10","guid":{"rendered":"https:\/\/www.europesays.com\/fr\/467498\/"},"modified":"2025-10-16T13:35:10","modified_gmt":"2025-10-16T13:35:10","slug":"plus-denergies-renouvelables-moins-demissions-de-gaz-a-effet-de-serre-la-bretagne-sur-la-bonne-voie-mais-a-un-rythme-trop-lent","status":"publish","type":"post","link":"https:\/\/www.europesays.com\/fr\/467498\/","title":{"rendered":"Plus d\u2019\u00e9nergies renouvelables, moins d\u2019\u00e9missions de gaz \u00e0 effet de serre\u2026 La Bretagne sur la bonne voie mais \u00e0 un rythme trop lent"},"content":{"rendered":"<p>1 La production \u00e9nerg\u00e9tique r\u00e9gionale a doubl\u00e9 en dix ans<\/p>\n<p>La production <a href=\"https:\/\/www.letelegramme.fr\/economie\/energie\/\" target=\"_blank\" rel=\"noopener\">\u00e9nerg\u00e9tique<\/a> de la Bretagne a doubl\u00e9 entre 2012 et 2023, atteignant 17 TWh, indique l\u2019Observatoire de l\u2019environnement en Bretagne (OEB), dans l\u2019<a href=\"https:\/\/bretagne-environnement.fr\/notice-documentaire\/chiffres-cles-energie-bretagne-2025\" target=\"_blank\" rel=\"noopener\">\u00e9dition 2025<\/a> des \u00ab\u00a0chiffres cl\u00e9s de l\u2019\u00e9nergie et des gaz \u00e0 effet de serre en Bretagne\u00a0\u00bb.<\/p>\n<p>Cette progression spectaculaire repose sur le <a href=\"https:\/\/www.letelegramme.fr\/economie\/production-electrique-renouvelable-la-bretagne-en-retard-par-rapport-a-ses-objectifs-de-2025-a-2040-6896772.php\" target=\"_blank\" rel=\"noopener\">d\u00e9veloppement des \u00e9nergies renouvelables<\/a> (\u00e9olien, bois-\u00e9nergie, photovolta\u00efque, m\u00e9thanisation) qui assurent aujourd\u2019hui 76\u00a0% de la production r\u00e9gionale. Inaugur\u00e9 en 2023, le <a href=\"https:\/\/www.letelegramme.fr\/cotes-d-armor\/saint-brieuc-22000\/parc-eolien-en-baie-de-saint-brieuc\/\" target=\"_blank\" rel=\"noopener\">parc \u00e9olien en mer de Saint-Brieuc<\/a> (496 MW en 2023) illustre cette mont\u00e9e en puissance.<\/p>\n<p>La production d\u2019\u00e9nergie d\u2019origine fossile continue \u00e9galement de se d\u00e9velopper, notamment avec la mise en service, en 2021, de la <a href=\"https:\/\/www.letelegramme.fr\/finistere\/landivisiau-29400\/centrale-a-gaz-de-landivisiau-les-six-choses-a-savoir-187270.php\" target=\"_blank\" rel=\"noopener\">centrale \u00e0 cycle combin\u00e9 gaz de Landivisiau<\/a> (446 MW). \u00ab\u00a0Mise en service en 1966, l\u2019usine mar\u00e9motrice de la Rance (240 MW) est d\u00e9sormais rel\u00e9gu\u00e9e \u00e0 la troisi\u00e8me place en termes de production\u00a0\u00bb, note Yann Soulabaille, pr\u00e9sident de l\u2019OEB.<\/p>\n<p>2 La consommation d\u2019\u00e9nergie demeure stable<\/p>\n<p>C\u00f4t\u00e9 demande, la consommation d\u2019\u00e9nergie reste stable, \u00e0 79 TWh en 2023, soit un niveau comparable \u00e0 celui d\u2019il y a dix ans. Et ce \u00ab\u00a0alors que la population augmente\u00a0\u00bb, souligne Yann Soulabaille. Le secteur r\u00e9sidentiel-tertiaire concentre 40\u00a0% de la consommation.<\/p>\n<p>Malgr\u00e9 sa progression, la production \u00e9nerg\u00e9tique bretonne ne couvre toujours que 22\u00a0% de la consommation r\u00e9gionale. L\u2019essentiel de l\u2019\u00e9nergie consomm\u00e9e en Bretagne provient, aujourd\u2019hui, de ressources ext\u00e9rieures, les produits p\u00e9troliers \u00e9tant les importations les plus importantes, achemin\u00e9es, principalement, par deux terminaux portuaires ainsi que par le pipeline de Donges (44) \u00e0 Vern-sur-Seiche (35).<\/p>\n<p>3 Les \u00e9missions de gaz \u00e0 effet de serre diminuent<\/p>\n<p>Les \u00e9missions de <a href=\"https:\/\/www.letelegramme.fr\/france\/gaz-a-effet-de-serre-la-bretagne-peut-mieux-faire-3814421.php\" target=\"_blank\" rel=\"noopener\">gaz \u00e0 effet de serre<\/a> ont recul\u00e9 de 11\u00a0%, entre 2012 et 2023. L\u2019agriculture reste le premier \u00e9metteur (40\u00a0%) mais les \u00e9missions issues de l\u2019\u00e9levage et des engins agricoles amorcent une baisse gr\u00e2ce \u00e0 la r\u00e9duction des cheptels et \u00e0 des pratiques plus sobres. Les transports repr\u00e9sentent 34\u00a0% des \u00e9missions. \u00ab\u00a0Bien que les mobilit\u00e9s alternatives soient encore peu visibles dans les chiffres actuels, leur d\u00e9veloppement en Bretagne s\u2019acc\u00e9l\u00e8re, tout comme dans le reste de la France\u00a0\u00bb, souligne l\u2019OEB. Autre point positif, cette fois dans le secteur r\u00e9sidentiel\u00a0: le remplacement des \u00e9quipements de chauffage les moins performants et les plus polluants a un effet r\u00e9el.<\/p>\n<p>4 L\u2019empreinte carbone des Bretons reste forte<\/p>\n<p>Un d\u00e9fi de taille demeure\u00a0: l\u2019empreinte carbone des Bretons, estim\u00e9e \u00e0 10,5 tonnes de CO2 par habitant en 2022. Pour respecter l\u2019objectif climatique mondial de +2 \u00b0C, elle devra \u00eatre divis\u00e9e par cinq d\u2019ici \u00e0 2050, pour tomber \u00e0 2,1 tonnes. Une trajectoire ambitieuse, qui suppose d\u2019acc\u00e9l\u00e9rer la transition vers une \u00e9nergie plus locale, renouvelable et \u00e9conome, insiste l\u2019OEB.<\/p>\n","protected":false},"excerpt":{"rendered":"1 La production \u00e9nerg\u00e9tique r\u00e9gionale a doubl\u00e9 en dix ans La production \u00e9nerg\u00e9tique de la Bretagne a doubl\u00e9&hellip;\n","protected":false},"author":2,"featured_media":467499,"comment_status":"","ping_status":"","sticky":false,"template":"","format":"standard","meta":{"footnotes":""},"categories":[2821],"tags":[1111,11,829,1129,2171,23527,765,893,2830,436,1777,674,1011,27,6821,2131,12,16048,584,25,4937,4426],"class_list":{"0":"post-467498","1":"post","2":"type-post","3":"status-publish","4":"format-standard","5":"has-post-thumbnail","7":"category-rennes","8":"tag-actu","9":"tag-actualites","10":"tag-bretagne","11":"tag-climat","12":"tag-cotes-darmor","13":"tag-developpement-durable","14":"tag-en-continu","15":"tag-energie","16":"tag-energies-renouvelables","17":"tag-environnement","18":"tag-eu","19":"tag-europe","20":"tag-fr","21":"tag-france","22":"tag-landivisiau","23":"tag-morlaix","24":"tag-news","25":"tag-newsletter-aujourdhui-en-bretagne","26":"tag-rennes","27":"tag-republique-francaise","28":"tag-saint-brieuc","29":"tag-transition-energetique"},"share_on_mastodon":{"url":"https:\/\/pubeurope.com\/@fr\/115384111992302473","error":""},"_links":{"self":[{"href":"https:\/\/www.europesays.com\/fr\/wp-json\/wp\/v2\/posts\/467498","targetHints":{"allow":["GET"]}}],"collection":[{"href":"https:\/\/www.europesays.com\/fr\/wp-json\/wp\/v2\/posts"}],"about":[{"href":"https:\/\/www.europesays.com\/fr\/wp-json\/wp\/v2\/types\/post"}],"author":[{"embeddable":true,"href":"https:\/\/www.europesays.com\/fr\/wp-json\/wp\/v2\/users\/2"}],"replies":[{"embeddable":true,"href":"https:\/\/www.europesays.com\/fr\/wp-json\/wp\/v2\/comments?post=467498"}],"version-history":[{"count":0,"href":"https:\/\/www.europesays.com\/fr\/wp-json\/wp\/v2\/posts\/467498\/revisions"}],"wp:featuredmedia":[{"embeddable":true,"href":"https:\/\/www.europesays.com\/fr\/wp-json\/wp\/v2\/media\/467499"}],"wp:attachment":[{"href":"https:\/\/www.europesays.com\/fr\/wp-json\/wp\/v2\/media?parent=467498"}],"wp:term":[{"taxonomy":"category","embeddable":true,"href":"https:\/\/www.europesays.com\/fr\/wp-json\/wp\/v2\/categories?post=467498"},{"taxonomy":"post_tag","embeddable":true,"href":"https:\/\/www.europesays.com\/fr\/wp-json\/wp\/v2\/tags?post=467498"}],"curies":[{"name":"wp","href":"https:\/\/api.w.org\/{rel}","templated":true}]}}