{"id":467517,"date":"2025-10-16T13:45:13","date_gmt":"2025-10-16T13:45:13","guid":{"rendered":"https:\/\/www.europesays.com\/fr\/467517\/"},"modified":"2025-10-16T13:45:13","modified_gmt":"2025-10-16T13:45:13","slug":"le-grand-rendez-vous-des-vendanges-revient-a-toulouse","status":"publish","type":"post","link":"https:\/\/www.europesays.com\/fr\/467517\/","title":{"rendered":"le grand rendez-vous des vendanges revient \u00e0 Toulouse"},"content":{"rendered":"<p>            Par<br \/>\n        <strong><br \/>\n            <a href=\"https:\/\/actu.fr\/auteur\/lea-afonso\" title=\"Consulter tous les articles de L\u00e9a Afonso\" target=\"_blank\" rel=\"noopener\">L\u00e9a Afonso<\/a><br \/>\n        <\/strong><\/p>\n<p>        Publi\u00e9 le<\/p>\n<p>            16 oct. 2025 \u00e0 15h29        <\/p>\n<p>\u00c9v\u00e9nement incontournable de l\u2019automne \u00e0 <a href=\"https:\/\/actu.fr\/toulouse\/\" target=\"_blank\" rel=\"noopener\">Toulouse<\/a>, la<strong> F\u00eate des Vendanges<\/strong> fera son grand retour les<strong> 17 et 18\u00a0octobre 2025<\/strong>, sur l\u2019embl\u00e9matique <strong>place du Capitole<\/strong>. Deux jours durant, vignerons et passionn\u00e9s de vin investiront le c\u0153ur de la Ville rose pour c\u00e9l\u00e9brer le patrimoine viticole du Sud-Ouest.<\/p>\n<p>Un rendez-vous devenu incontournable<\/p>\n<p class=\" wall-content\"><strong>Lanc\u00e9e en 2021<\/strong> par la F\u00e9d\u00e9ration des associations de commer\u00e7ants, artisans et professionnels de Toulouse, en partenariat avec Sud-ouest de C\u0153ur, l\u2019\u00e9v\u00e9nement a su s\u00e9duire les Toulousains d\u00e8s sa premi\u00e8re \u00e9dition. Pour cette<strong> 4\u1d49 ann\u00e9e,<\/strong> il promet de r\u00e9unir encore une fois le meilleur du terroir viticole.<\/p>\n<p class=\" wall-content\"><a href=\"https:\/\/www.instagram.com\/p\/DOETW4F2FTF\/embed\" title=\"Ouvrir le lien sur Instagram\" target=\"_blank\" rel=\"noopener\">Visualiser le contenu sur Instagram<\/a><\/p>\n<p class=\" wall-content\">Au programme\u2009: <strong>40 vignerons issus des vignobles du Sud-Ouest<\/strong> \u2013 du <a href=\"https:\/\/actu.fr\/occitanie\/toulouse_31555\/toulouse-le-domaine-de-candie-la-ferme-urbaine-qui-produit-pour-les-toulousains_59669021.html\" target=\"_blank\" rel=\"noopener\">domaine de Candie<\/a> aux appellations les plus r\u00e9put\u00e9es \u2013 viendront partager leur savoir-faire et faire d\u00e9couvrir leurs cuv\u00e9es.<\/p>\n<p>D\u00e9gustations, musique et gourmandises<\/p>\n<p class=\" wall-content\">Au-del\u00e0 des d\u00e9gustations et des stands sur lesquels il sera possible de <strong>d\u00e9guster<\/strong> et <strong>d\u2019acheter<\/strong> directement les produits des producteurs, la F\u00eate des Vendanges mettra aussi l\u2019accent sur la convivialit\u00e9. <strong>Musique<\/strong> et <strong>animations<\/strong> rythmeront la place tout au long du week-end, cr\u00e9ant une atmosph\u00e8re festive.<\/p>\n<p>    <img   decoding=\"async\" loading=\"lazy\" src=\"https:\/\/www.europesays.com\/fr\/wp-content\/uploads\/2025\/10\/fete-des-vendanges-2-960x640.jpg\" alt=\"Des animations, de la musique et d'autres surprises seront aussi de la partie.\" width=\"960\" height=\"640\"\/><br \/>\n    Des animations, de la musique et d\u2019autres surprises seront aussi de la partie. (\u00a9L\u00e9a Afonso \/ Actu Toulouse)Vid\u00e9os : en ce moment sur Actu<\/p>\n<p class=\" wall-content\">Les plus gourmands trouveront \u00e9galement leur bonheur avec <strong>des stands sucr\u00e9s et sal\u00e9s,<\/strong> proposant des sp\u00e9cialit\u00e9s locales \u00e0 savourer. Et pour prolonger le plaisir, les festivit\u00e9s se poursuivront les deux soirs<strong> jusqu\u2019\u00e0 23\u00a0heures. <\/strong>La F\u00eate des Vendanges s\u2019annonce comme le rendez-vous \u00e0 ne pas manquer cet automne sur la plus belle place de Toulouse.<\/p>\n<p>Infos pratiques\u2009:<br \/>\nLe vendredi 17\u00a0octobre de 16h \u00e0 23h et le samedi 18\u00a0octobre de 12h \u00e0 23h<br \/>\nTarif\u2009: 10\u20ac l\u2019entr\u00e9e<br \/><a href=\"https:\/\/www.helloasso.com\/associations\/federation-des-associations-de-commercants-artisans-et-professionnels-de-toulouse\/evenements\/fete-des-vendanges-2025?_gl=1%2a1gjc3ht%2a_gcl_au%2aMTQ4NTQwMDY3MC4xNzU4ODc0OTgyLjM3Mzc1MDQ1OS4xNzU4ODc0OTgzLjE3NTg4NzQ5ODI.&amp;fbclid=PAZXh0bgNhZW0CMTEAAafiGfS7r1TxEhTbauybkdjP5UakHTdXc_VG37B2ZRZ9DyUOhJOUzmOwuNFJSA_aem_UsifFCFlwQRyNtFmbN7Dzw\" target=\"_blank\" rel=\"noopener\">Billetterie\u00a0<\/a><\/p>\n<p>Votre r\u00e9gion, votre actu !<\/p>\n<p>Recevez chaque jour les infos qui comptent pour vous.<\/p>\n<p>\t<a href=\"https:\/\/actu.fr\/newsletter\" class=\"ac-btn ac-btn--corner ac-btn--medium ac-btn--blue800\" target=\"_blank\" rel=\"noopener\">S&rsquo;incrire<\/a><\/p>\n<p class=\" wall-content\">Personnalisez votre actualit\u00e9 en ajoutant vos villes et m\u00e9dias en favori avec <a href=\"https:\/\/moncompte.actu.fr\" title=\"D\u00e9couvez Mon Actu\" rel=\"nofollow noopener\" data-trk=\"{&quot;cta&quot;:{&quot;action&quot;:&quot;https:\\\/\\\/moncompte.actu.fr&quot;,&quot;category&quot;:&quot;mon compte&quot;,&quot;from&quot;:&quot;article footer&quot;,&quot;name&quot;:&quot;Mon actu&quot;,&quot;type&quot;:&quot;cta&quot;}}\" target=\"_blank\">Mon Actu<\/a>.<\/p>\n<p>                    <script async src=\"\/\/www.instagram.com\/embed.js\"><\/script><\/p>\n","protected":false},"excerpt":{"rendered":"Par L\u00e9a Afonso Publi\u00e9 le 16 oct. 2025 \u00e0 15h29 \u00c9v\u00e9nement incontournable de l\u2019automne \u00e0 Toulouse, la F\u00eate&hellip;\n","protected":false},"author":2,"featured_media":467518,"comment_status":"","ping_status":"","sticky":false,"template":"","format":"standard","meta":{"footnotes":""},"categories":[2816],"tags":[1111,11,1777,674,1011,27,1652,12,2680,25,1341,2312],"class_list":{"0":"post-467517","1":"post","2":"type-post","3":"status-publish","4":"format-standard","5":"has-post-thumbnail","7":"category-toulouse","8":"tag-actu","9":"tag-actualites","10":"tag-eu","11":"tag-europe","12":"tag-fr","13":"tag-france","14":"tag-loisirs-culture","15":"tag-news","16":"tag-occitanie","17":"tag-republique-francaise","18":"tag-sortir-a-toulouse","19":"tag-toulouse"},"share_on_mastodon":{"url":"https:\/\/pubeurope.com\/@fr\/115384151240673867","error":""},"_links":{"self":[{"href":"https:\/\/www.europesays.com\/fr\/wp-json\/wp\/v2\/posts\/467517","targetHints":{"allow":["GET"]}}],"collection":[{"href":"https:\/\/www.europesays.com\/fr\/wp-json\/wp\/v2\/posts"}],"about":[{"href":"https:\/\/www.europesays.com\/fr\/wp-json\/wp\/v2\/types\/post"}],"author":[{"embeddable":true,"href":"https:\/\/www.europesays.com\/fr\/wp-json\/wp\/v2\/users\/2"}],"replies":[{"embeddable":true,"href":"https:\/\/www.europesays.com\/fr\/wp-json\/wp\/v2\/comments?post=467517"}],"version-history":[{"count":0,"href":"https:\/\/www.europesays.com\/fr\/wp-json\/wp\/v2\/posts\/467517\/revisions"}],"wp:featuredmedia":[{"embeddable":true,"href":"https:\/\/www.europesays.com\/fr\/wp-json\/wp\/v2\/media\/467518"}],"wp:attachment":[{"href":"https:\/\/www.europesays.com\/fr\/wp-json\/wp\/v2\/media?parent=467517"}],"wp:term":[{"taxonomy":"category","embeddable":true,"href":"https:\/\/www.europesays.com\/fr\/wp-json\/wp\/v2\/categories?post=467517"},{"taxonomy":"post_tag","embeddable":true,"href":"https:\/\/www.europesays.com\/fr\/wp-json\/wp\/v2\/tags?post=467517"}],"curies":[{"name":"wp","href":"https:\/\/api.w.org\/{rel}","templated":true}]}}