{"id":467521,"date":"2025-10-16T13:47:11","date_gmt":"2025-10-16T13:47:11","guid":{"rendered":"https:\/\/www.europesays.com\/fr\/467521\/"},"modified":"2025-10-16T13:47:11","modified_gmt":"2025-10-16T13:47:11","slug":"lille-on-connait-la-date-douverture-de-pop-mart-la-celebre-boutique-des-labubu-et-jouets-a-collectionner","status":"publish","type":"post","link":"https:\/\/www.europesays.com\/fr\/467521\/","title":{"rendered":"Lille. On conna\u00eet la date d&rsquo;ouverture de Pop Mart, la c\u00e9l\u00e8bre boutique des Labubu et jouets \u00e0 collectionner"},"content":{"rendered":"<p>            Par<br \/>\n        <strong><br \/>\n            <a href=\"https:\/\/actu.fr\/auteur\/hervine-mahaud\" title=\"Consulter tous les articles de Hervine Mahaud\" target=\"_blank\" rel=\"noopener\">Hervine Mahaud<\/a><br \/>\n        <\/strong><\/p>\n<p>        Publi\u00e9 le<\/p>\n<p>            16 oct. 2025 \u00e0 15h11        <\/p>\n<p>Bonne nouvelle pour les fans de figurines et d\u2019univers pop : <b>Pop Mart<\/b>, la marque chinoise devenue culte pour ses <b>jouets \u00e0 collectionner<\/b>, s\u2019appr\u00eate \u00e0 ouvrir une <b>boutique au centre commercial Westfield Euralille<\/b>, <a href=\"https:\/\/actu.fr\/hauts-de-france\/lille_59350\/pop-mart-lesthete-tripletta-voici-25-nouveaux-magasins-boutiques-et-restaurants-qui-ouvrent-a-lille_63149870.html\" target=\"_blank\" rel=\"noopener\">comme nous vous l\u2019annoncions ici<\/a>. Apr\u00e8s <a href=\"https:\/\/actu.fr\/ile-de-france\/paris_75056\/c-est-un-passage-oblige-virales-sur-tiktok-les-peluches-labubu-se-vendent-comme-des-petits-pains-a-paris_63107001.html\" target=\"_blank\" rel=\"noopener\">Paris<\/a>,<b> <\/b><a href=\"https:\/\/actu.fr\/nouvelle-aquitaine\/bordeaux_33063\/ses-peluches-affolent-les-reseaux-cette-marque-chinoise-ouvre-sa-premiere-boutique-a-bordeaux_63115184.html\" target=\"_blank\" rel=\"noopener\">Bordeaux<\/a><b> <\/b>et <a href=\"https:\/\/actu.fr\/auvergne-rhone-alpes\/lyon_69123\/lyon-grosse-file-d-attente-a-la-part-dieu-c-est-quoi-cette-nouvelle-boutique-qui-cartonne_63219259.html\" target=\"_blank\" rel=\"noopener\">Lyon<\/a>, Lille sera la <b>quatri\u00e8me ville fran\u00e7aise<\/b> \u00e0 accueillir un point de vente de l\u2019enseigne qui fait fureur dans le monde entier, notamment gr\u00e2ce aux <b>Labubu<\/b>, les petits monstres aussi mignons qu\u2019inqui\u00e9tants. <b>Rendez-vous fin octobre<\/b> !<\/p>\n<p>Le ph\u00e9nom\u00e8ne Pop Mart arrive \u00e0 Lille<\/p>\n<p class=\" wall-content\">Westfield Euralille vient tout juste de l\u2019annoncer, \u00e0 15h : la boutique ouvrira officiellement <b>le 30 octobre 2025<\/b>.<\/p>\n<p class=\" wall-content\"><a href=\"https:\/\/www.instagram.com\/p\/DP3vrfVjTVW\/?igsh=MXR1Y2ZtYXVvcWlpMA%3D%3D\" target=\"_blank\" rel=\"noopener\">Cr\u00e9\u00e9e \u00e0 P\u00e9kin en 2010, <b>Pop Mart<\/b> s\u2019est impos\u00e9e en quelques ann\u00e9es comme <b>une r\u00e9f\u00e9rence mondiale du jouet de collection pour adultes<\/b>. Le principe ? Des <b>figurines vendues en \u201cblind box\u201d<\/b>, c\u2019est-\u00e0-dire dans des bo\u00eetes myst\u00e8res : impossible de savoir quel mod\u00e8le se cache \u00e0 l\u2019int\u00e9rieur avant de l\u2019ouvrir. <\/a><\/p>\n<p class=\" wall-content\"><a href=\"https:\/\/www.instagram.com\/p\/DP3vrfVjTVW\/embed\" title=\"Ouvrir le lien sur Instagram\" target=\"_blank\" rel=\"noopener\">Visualiser le contenu sur Instagram<\/a><\/p>\n<p class=\" wall-content\">Une m\u00e9canique addictive, inspir\u00e9e des codes du jeu et du hasard, qui a <a href=\"https:\/\/actu.fr\/grand-est\/strasbourg_67482\/labubu-dans-cette-boutique-a-strasbourg-on-vend-ces-peluches-qui-cartonnent-on-recoit-10-appels-par-jour_62818632.html\" target=\"_blank\" rel=\"noopener\">s\u00e9duit des millions de collectionneurs \u00e0 travers le monde<\/a>.<\/p>\n<p class=\" wall-content\"><a href=\"https:\/\/www.instagram.com\/p\/DPl_icnDjvA\/embed\" title=\"Ouvrir le lien sur Instagram\" target=\"_blank\" rel=\"noopener\">Visualiser le contenu sur Instagram<\/a><\/p>\n<p class=\" wall-content\">L\u2019un des plus gros succ\u00e8s de la marque, les <b>Labubu<\/b>, ces petites cr\u00e9atures \u00e0 l\u2019air espi\u00e8gle imagin\u00e9es par l\u2019artiste hongkongais <b>Kasing Lung<\/b>, sont devenues <b>virales sur les r\u00e9seaux sociaux<\/b>. Certaines figurines rares se revendent m\u00eame \u00e0 prix d\u2019or sur les sites sp\u00e9cialis\u00e9s.<\/p>\n<p>Une ouverture tr\u00e8s attendue \u00e0 Euralille<\/p>\n<p class=\" wall-content\">La boutique lilloise prendra place <b>dans la galerie du centre commercial Westfield Euralille<\/b>, \u00e0 gauche de l\u2019entr\u00e9e principale, <b>entre Claire\u2019s et Lego<\/b>. Le local est actuellement en travaux et les fans sont d\u00e9j\u00e0 nombreux \u00e0 exprimer leur impatience sur les r\u00e9seaux.<\/p>\n<p>    <img   decoding=\"async\" loading=\"lazy\" class=\"size-large\" src=\"https:\/\/www.europesays.com\/fr\/wp-content\/uploads\/2025\/10\/28ca9173d2c862cca9173d2c8ffca9v-960x640.jpg\" alt=\"Pop Mart\" width=\"960\" height=\"640\"\/><br \/>\n    La folie Pop Mart va bient\u00f4t d\u00e9ferler sur Lille. \u00a9Hervine Mahaud<\/p>\n<p class=\" wall-content\">Comme pour <a href=\"https:\/\/actu.fr\/auvergne-rhone-alpes\/lyon_69123\/lyon-grosse-file-d-attente-a-la-part-dieu-c-est-quoi-cette-nouvelle-boutique-qui-cartonne_63219259.html\" target=\"_blank\" rel=\"noopener\">l\u2019ouverture de la boutique du centre commercial Westfield La Part-Dieu<\/a>, celle de Lille devrait attirer \u00e9norm\u00e9ment de fans collectionneurs. Il faudra donc \u00eatre dans les \u00ab\u00a0starting-blocks\u00a0\u00bb pour esp\u00e9rer repartir avec un jouet.<\/p>\n<p>Une marque color\u00e9e et addictive en pleine expansion<\/p>\n<p class=\" wall-content\">Si la boutique de Lille reprend le concept des autres magasins fran\u00e7ais, les visiteurs pourront s\u2019attendre \u00e0 un <b>univers visuel fort<\/b>, \u00e0 mi-chemin entre <b>galerie d\u2019art, pop culture et boutique design<\/b>. Les murs color\u00e9s, les pr\u00e9sentoirs lumineux et les nombreuses vitrines d\u00e9di\u00e9es aux collections phares de Pop Mart promettent une exp\u00e9rience ludique et immersive.<\/p>\n<p>Votre r\u00e9gion, votre actu !<\/p>\n<p>Recevez chaque jour les infos qui comptent pour vous.<\/p>\n<p>\t<a href=\"https:\/\/actu.fr\/newsletter\" class=\"ac-btn ac-btn--corner ac-btn--medium ac-btn--blue800\" target=\"_blank\" rel=\"noopener\">S&rsquo;incrire<\/a><\/p>\n<p class=\" wall-content\">Les collections les plus connues (<b>Molly, Dimoo, Pucky, The Monsters, Skullpanda<\/b> ou encore <b>Labubu)<\/b>\u00a0devraient bien s\u00fbr y figurer. Les fans pourront \u00e9galement d\u00e9couvrir <b>les nouvelles s\u00e9ries exclusives<\/b> et <b>les \u00e9ditions limit\u00e9es<\/b> disponibles uniquement en boutique.<\/p>\n<p class=\" wall-content\"><a href=\"https:\/\/www.instagram.com\/p\/DPvoQtCjL3c\/embed\" title=\"Ouvrir le lien sur Instagram\" target=\"_blank\" rel=\"noopener\">Visualiser le contenu sur Instagram<\/a><\/p>\n<p class=\" wall-content\">Pr\u00e9sente dans <b>plus de 80 pays<\/b>, Pop Mart continue de se d\u00e9velopper \u00e0 grande vitesse. En France, la marque a d\u00e9j\u00e0 ouvert des <b>boutiques \u00e0 Paris (Ch\u00e2telet, Op\u00e9ra, Bercy Village, Carrousel du Louvre, Disney Village et Les 4 Temps)<\/b> \u00e0 <b>Lyon<\/b> et \u00e0 <b>Bordeaux<\/b>. L\u2019arriv\u00e9e \u00e0 Lille confirme l\u2019int\u00e9r\u00eat croissant du groupe pour les grandes m\u00e9tropoles r\u00e9gionales.<\/p>\n<p class=\" wall-content\">Personnalisez votre actualit\u00e9 en ajoutant vos villes et m\u00e9dias en favori avec <a href=\"https:\/\/moncompte.actu.fr\" title=\"D\u00e9couvez Mon Actu\" rel=\"nofollow noopener\" data-trk=\"{&quot;cta&quot;:{&quot;action&quot;:&quot;https:\\\/\\\/moncompte.actu.fr&quot;,&quot;category&quot;:&quot;mon compte&quot;,&quot;from&quot;:&quot;article footer&quot;,&quot;name&quot;:&quot;Mon actu&quot;,&quot;type&quot;:&quot;cta&quot;}}\" target=\"_blank\">Mon Actu<\/a>.<\/p>\n<p>                    <script async src=\"\/\/www.instagram.com\/embed.js\"><\/script><\/p>\n","protected":false},"excerpt":{"rendered":"Par Hervine Mahaud Publi\u00e9 le 16 oct. 2025 \u00e0 15h11 Bonne nouvelle pour les fans de figurines et&hellip;\n","protected":false},"author":2,"featured_media":467522,"comment_status":"","ping_status":"","sticky":false,"template":"","format":"standard","meta":{"footnotes":""},"categories":[2815],"tags":[1111,11,33,1777,674,1011,27,811,1307,12,3147,25],"class_list":{"0":"post-467521","1":"post","2":"type-post","3":"status-publish","4":"format-standard","5":"has-post-thumbnail","7":"category-lille","8":"tag-actu","9":"tag-actualites","10":"tag-economie","11":"tag-eu","12":"tag-europe","13":"tag-fr","14":"tag-france","15":"tag-hauts-de-france","16":"tag-lille","17":"tag-news","18":"tag-nouveaux-commerces","19":"tag-republique-francaise"},"share_on_mastodon":{"url":"https:\/\/pubeurope.com\/@fr\/115384159600920529","error":""},"_links":{"self":[{"href":"https:\/\/www.europesays.com\/fr\/wp-json\/wp\/v2\/posts\/467521","targetHints":{"allow":["GET"]}}],"collection":[{"href":"https:\/\/www.europesays.com\/fr\/wp-json\/wp\/v2\/posts"}],"about":[{"href":"https:\/\/www.europesays.com\/fr\/wp-json\/wp\/v2\/types\/post"}],"author":[{"embeddable":true,"href":"https:\/\/www.europesays.com\/fr\/wp-json\/wp\/v2\/users\/2"}],"replies":[{"embeddable":true,"href":"https:\/\/www.europesays.com\/fr\/wp-json\/wp\/v2\/comments?post=467521"}],"version-history":[{"count":0,"href":"https:\/\/www.europesays.com\/fr\/wp-json\/wp\/v2\/posts\/467521\/revisions"}],"wp:featuredmedia":[{"embeddable":true,"href":"https:\/\/www.europesays.com\/fr\/wp-json\/wp\/v2\/media\/467522"}],"wp:attachment":[{"href":"https:\/\/www.europesays.com\/fr\/wp-json\/wp\/v2\/media?parent=467521"}],"wp:term":[{"taxonomy":"category","embeddable":true,"href":"https:\/\/www.europesays.com\/fr\/wp-json\/wp\/v2\/categories?post=467521"},{"taxonomy":"post_tag","embeddable":true,"href":"https:\/\/www.europesays.com\/fr\/wp-json\/wp\/v2\/tags?post=467521"}],"curies":[{"name":"wp","href":"https:\/\/api.w.org\/{rel}","templated":true}]}}