{"id":467524,"date":"2025-10-16T13:49:13","date_gmt":"2025-10-16T13:49:13","guid":{"rendered":"https:\/\/www.europesays.com\/fr\/467524\/"},"modified":"2025-10-16T13:49:13","modified_gmt":"2025-10-16T13:49:13","slug":"le-patou-echappe-a-marseille-attrape-et-remis-a-son-eleveuse-sous-les-yeux-de-son-maitre-indigne","status":"publish","type":"post","link":"https:\/\/www.europesays.com\/fr\/467524\/","title":{"rendered":"Le patou \u00e9chapp\u00e9 \u00e0 Marseille attrap\u00e9 et remis \u00e0 son \u00e9leveuse sous les yeux de son ma\u00eetre indign\u00e9"},"content":{"rendered":"<p>Ce n\u2019est pas le parfait \u00ab\u00a0happy end\u00a0\u00bb. Ce mercredi soir, Titoune, <a href=\"https:\/\/www.laprovence.com\/article\/region\/2972154172568114\/un-patou-erre-a-campagne-pastre-a-marseille-depuis-trois-semaines-sans-que-son-maitre-arrive-a-lattraper\" target=\"_blank\" rel=\"noopener\">un patou qui se promenait depuis un mois en libert\u00e9<\/a> au parc Campagne Pastr\u00e9, a pu \u00eatre attrap\u00e9. Un soulagement pour son ma\u00eetre, vite succ\u00e9d\u00e9 par la tristesse de voir le chienne r\u00e9cup\u00e9r\u00e9 par sa propri\u00e9taire.<\/p>\n<p>Le 20\u00a0septembre dernier, Titoune avait \u00e9chapp\u00e9 \u00e0 la vigilance de Michel Poggioli lors d\u2019une balade dans le <a href=\"https:\/\/www.laprovence.com\/article\/faits-divers-justice\/81665726198221\/info-la-provence-au-parc-pastre-de-marseille-la-traque-d-un-rodeur-aux-multiples-agressions\" target=\"_blank\" rel=\"noopener\">parc du 8e arrondissement de Marseille<\/a>. Depuis, chaque jour, \u00e0 5h30 et 20h30, il y retournait, l\u2019appelait et la nourrissait, sans jamais parvenir \u00e0 l\u2019approcher suffisamment pour lui accrocher sa laisse et repartir en sa compagnie. C\u2019est pourtant bien ce qu\u2019il pensait faire, ce mercredi soir, quand l\u2019animal de 40\u00a0kilos a enfin \u00e9t\u00e9 attrap\u00e9, gr\u00e2ce \u00e0 un dispositif cons\u00e9quent\u00a0: 12 marins-pompiers (dont une brigade cynophile et des pilotes de drone), trois policiers municipaux, un agent du service des parcs et jardins, un agent de la Sacpa (fourri\u00e8re animale) et un v\u00e9t\u00e9rinaire chevronn\u00e9.<\/p>\n<p>Ce dernier, avec un fusil \u00e0 fl\u00e9chette, a pu endormir le chienne. Mais Titoune a parcouru plusieurs kilom\u00e8tres avant de se laisser tomber. Apr\u00e8s 45 minutes de recherche nocturne, les marins-pompiers l\u2019ont retrouv\u00e9e et captur\u00e9e, \u00ab\u00a0alors qu\u2019elle commen\u00e7ait \u00e0 se r\u00e9veiller\u00a0\u00bb, explique l\u2019un d\u2019eux. Le temps pour Michel Poggioli de la serrer dans ses bras\u2026 pour la derni\u00e8re fois. Car Titoune a pris la direction de la Sacpa, \u00e0 Marseille, pour y \u00eatre surveill\u00e9e pendant la nuit. Mais ce jeudi matin, il n\u2019a pas pu repartir avec elle.<\/p>\n<p>\u00ab\u00a0Je veux garder le chien\u00a0\u00bb<br \/>\n<img alt=\"Titoune, une chienne Patou de 40 kilos, a \u00e9t\u00e9 retrouv\u00e9e apr\u00e8s trois semaines d\u2019errance dans le parc Pastr\u00e9, situ\u00e9 dans le 9\u1d49 arrondissement de Marseille - 151025PLN05\" loading=\"lazy\" decoding=\"async\" data-nimg=\"fill\" class=\" TwicCore_img__i9TC1 undefined  undefined\" style=\"position:absolute;height:100%;width:100%;left:0;top:0;right:0;bottom:0;color:transparent;background-size:cover;background-position:50% 50%;background-repeat:no-repeat;background-image:url(&quot;data:image\/svg+xml;charset=utf-8,%3Csvg xmlns='http:\/\/www.w3.org\/2000\/svg' %3E%3Cfilter id='b' color-interpolation-filters='sRGB'%3E%3CfeGaussianBlur stdDeviation='20'\/%3E%3CfeColorMatrix values='1 0 0 0 0 0 1 0 0 0 0 0 1 0 0 0 0 0 100 -1' result='s'\/%3E%3CfeFlood x='0' y='0' width='100%25' height='100%25'\/%3E%3CfeComposite operator='out' in='s'\/%3E%3CfeComposite in2='SourceGraphic'\/%3E%3CfeGaussianBlur stdDeviation='20'\/%3E%3C\/filter%3E%3Cimage width='100%25' height='100%25' x='0' y='0' preserveAspectRatio='none' style='filter: url(%23b);' href='https:\/\/pictures.laprovence.com\/cdn-cgi\/image\/blur=250\/media\/melody\/2025\/10\/16\/titoune-une-chienne-patou-de-40-kilos-a-ete-retrouvee-apres-trois-semaines-derrance-dans-le-parc-pas-1760619163_63bc9417e0f86d7bc9417e0f8ebbc9v_.jpg'\/%3E%3C\/svg%3E&quot;)\"   src=\"https:\/\/www.europesays.com\/fr\/wp-content\/uploads\/2025\/10\/titoune-une-chienne-patou-de-40-kilos-a-ete-retrouvee-apres-trois-semaines-derrance-dans-le-parc-pas.jpeg\"\/>Titoune, une chienne Patou de 40 kilos, a \u00e9t\u00e9 retrouv\u00e9e apr\u00e8s trois semaines d\u2019errance dans le parc Pastr\u00e9, situ\u00e9 dans le 9\u1d49 arrondissement de Marseille &#8211; 151025PLN05 Philippe Laurenson<\/p>\n<p>Apr\u00e8s un imbroglio tranch\u00e9 par l\u2019officier de police judiciaire, contact\u00e9 par la police municipale appel\u00e9e en renfort sur place, le patou a, en effet, \u00e9t\u00e9 remis \u00e0 celle qui, l\u00e9galement, est toujours sa propri\u00e9taire\u00a0: Marie-Rapha\u00eblle Ginon, \u00e9leveuse de Visan, dans le Vaucluse. \u00ab\u00a0Pour nous, la personne renseign\u00e9e dans le logiciel Icade et sur la puce du chien est la propri\u00e9taire, mais cela peut aussi \u00eatre le d\u00e9tenteur d\u2019un contrat de vente en bonne et due forme, explique Laurie Pierdon, responsable adjointe de la Sacpa. Avec la v\u00e9t\u00e9rinaire M\u00e9lissa Pace, nous sommes intervenus pour mettre la chienne en s\u00e9curit\u00e9, mais notre r\u00f4le s\u2019arr\u00eate l\u00e0.\u00a0\u00bb<\/p>\n<p>Le 15 septembre, Michel Poggioli a en effet sign\u00e9 un contrat de vente et vers\u00e9 200 \u20ac, s\u2019engageant \u00e0 payer la m\u00eame somme un mois plus tard, au terme de la p\u00e9riode d\u2019essai. Ce qu\u2019il n\u2019a pas pu faire, les relations s\u2019\u00e9tant d\u00e9grad\u00e9es, entre-temps, avec l\u2019\u00e9leveuse. Si lui affirme lui avoir envoy\u00e9 un mail pour lui demander son Rib afin d\u2019effectuer un virement, elle dit ne pas l\u2019avoir re\u00e7u. \u00ab\u00a0De toute fa\u00e7on, aujourd\u2019hui, je veux garder le chien. Monsieur Poggioli n\u2019est plus apte \u00e0 avoir un patou, qui n\u2019est pas fait pour vivre en appartement\u00a0\u00bb, confie-t-elle. Cette derni\u00e8re lui avait pourtant d\u00e9j\u00e0 vendu Dolly, il y a dix ans et c\u00e9d\u00e9 Titoune en affirmant n\u2019en avoir \u00ab\u00a0pas besoin dans (son) programme d\u2019\u00e9levage\u00a0\u00bb.<\/p>\n<p>Michel Poggioli, lui, faisait valoir ses droits, \u00e9voquant \u00ab\u00a0un contrat de vente ferme\u00a0\u00bb, en vain. \u00ab\u00a0C\u2019est une honte, j\u2019ai tout fait pour retrouver Titoune qui \u00e9tait malheureuse au chenil et c\u2019est d\u2019ailleurs la raison pour laquelle elle m\u2019a \u00e9t\u00e9 donn\u00e9e, justifie-t-il. Pendant un mois, j\u2019ai tiss\u00e9 des liens avec elle et je suis triste de ne pas rentrer avec.\u00a0\u00bb Le Marseillais a toutefois l\u2019intention de \u00ab\u00a0(se) battre\u00a0\u00bb et de \u00ab\u00a0faire appel \u00e0 des associations pour r\u00e9cup\u00e9rer Titoune le plus vite possible\u00a0\u00bb.<\/p>\n","protected":false},"excerpt":{"rendered":"Ce n\u2019est pas le parfait \u00ab\u00a0happy end\u00a0\u00bb. Ce mercredi soir, Titoune, un patou qui se promenait depuis un&hellip;\n","protected":false},"author":2,"featured_media":467525,"comment_status":"","ping_status":"","sticky":false,"template":"","format":"standard","meta":{"footnotes":""},"categories":[2814],"tags":[17,1111,11,59162,59161,44219,1777,674,1011,27,884,12,59160,882,16,14582,25,3711],"class_list":{"0":"post-467524","1":"post","2":"type-post","3":"status-publish","4":"format-standard","5":"has-post-thumbnail","7":"category-marseille","8":"tag-17","9":"tag-actu","10":"tag-actualites","11":"tag-attrape","12":"tag-echappe","13":"tag-eleveuse","14":"tag-eu","15":"tag-europe","16":"tag-fr","17":"tag-france","18":"tag-marseille","19":"tag-news","20":"tag-patou","21":"tag-provence-alpes-cote-dazur","22":"tag-region","23":"tag-remis","24":"tag-republique-francaise","25":"tag-son"},"share_on_mastodon":{"url":"https:\/\/pubeurope.com\/@fr\/115384168016878631","error":""},"_links":{"self":[{"href":"https:\/\/www.europesays.com\/fr\/wp-json\/wp\/v2\/posts\/467524","targetHints":{"allow":["GET"]}}],"collection":[{"href":"https:\/\/www.europesays.com\/fr\/wp-json\/wp\/v2\/posts"}],"about":[{"href":"https:\/\/www.europesays.com\/fr\/wp-json\/wp\/v2\/types\/post"}],"author":[{"embeddable":true,"href":"https:\/\/www.europesays.com\/fr\/wp-json\/wp\/v2\/users\/2"}],"replies":[{"embeddable":true,"href":"https:\/\/www.europesays.com\/fr\/wp-json\/wp\/v2\/comments?post=467524"}],"version-history":[{"count":0,"href":"https:\/\/www.europesays.com\/fr\/wp-json\/wp\/v2\/posts\/467524\/revisions"}],"wp:featuredmedia":[{"embeddable":true,"href":"https:\/\/www.europesays.com\/fr\/wp-json\/wp\/v2\/media\/467525"}],"wp:attachment":[{"href":"https:\/\/www.europesays.com\/fr\/wp-json\/wp\/v2\/media?parent=467524"}],"wp:term":[{"taxonomy":"category","embeddable":true,"href":"https:\/\/www.europesays.com\/fr\/wp-json\/wp\/v2\/categories?post=467524"},{"taxonomy":"post_tag","embeddable":true,"href":"https:\/\/www.europesays.com\/fr\/wp-json\/wp\/v2\/tags?post=467524"}],"curies":[{"name":"wp","href":"https:\/\/api.w.org\/{rel}","templated":true}]}}