{"id":467526,"date":"2025-10-16T13:50:16","date_gmt":"2025-10-16T13:50:16","guid":{"rendered":"https:\/\/www.europesays.com\/fr\/467526\/"},"modified":"2025-10-16T13:50:16","modified_gmt":"2025-10-16T13:50:16","slug":"de-nouveaux-debordements-la-police-intervient","status":"publish","type":"post","link":"https:\/\/www.europesays.com\/fr\/467526\/","title":{"rendered":"de nouveaux d\u00e9bordements, la police intervient"},"content":{"rendered":"<p>            Par<br \/>\n        <strong><br \/>\n            <a href=\"https:\/\/actu.fr\/auteur\/fabien-binacchi\" title=\"Consulter tous les articles de Fabien Binacchi\" target=\"_blank\" rel=\"noopener\">Fabien Binacchi<\/a><br \/>\n        <\/strong><\/p>\n<p>        Publi\u00e9 le<\/p>\n<p>            16 oct. 2025 \u00e0 15h13        <\/p>\n<p>Le d\u00e9stockage des <a href=\"https:\/\/actu.fr\/provence-alpes-cote-d-azur\/marseille_13055\/marseille-sur-le-depart-les-galeries-lafayette-vident-leur-stock-et-cassent-les-prix_63290706.html\" target=\"_blank\" rel=\"noopener\">Galeries Lafayette<\/a> de <a href=\"https:\/\/actu.fr\/marseille\/\" target=\"_blank\" rel=\"noopener\">Marseille<\/a>, qui mettront la cl\u00e9 sous la porte le 29\u00a0novembre, a de nouveau \u00e9t\u00e9<strong> interrompu en urgence<\/strong> ce jeudi 16\u00a0octobre 2025.<\/p>\n<p class=\" wall-content\">D\u00e9j\u00e0 \u00e9court\u00e9e mercredi apr\u00e8s des \u00ab\u2009rixes\u2009\u00bb, l\u2019ouverture du magasin du centre Bourse a \u00e9t\u00e9 rapidement interrompue pour <strong>\u00ab\u2009trouble \u00e0 l\u2019ordre public\u2009\u00bb.<\/strong><\/p>\n<p>\u00ab\u2009Trouble \u00e0 l\u2019ordre public\u2009\u00bb<\/p>\n<p class=\" wall-content\">\u00ab\u2009Les gens sont vraiment fous\u2009\u00bb. C\u2019est ce que soufflaient deux clientes \u00e0 actu Marseille, mercredi, apr\u00e8s avoir renonc\u00e9 \u00e0 tenter de faire des bonnes affaires dans le grand magasin du 1er arrondissement de Marseille. La premi\u00e8re journ\u00e9e de liquidation des stocks avait d\u00e9j\u00e0 vir\u00e9 \u00e0 la <strong>foire d\u2019empoigne.<\/strong> Rideau baiss\u00e9. \u00ab\u2009Des policiers municipaux sont intervenus suite \u00e0 des rixes\u2009\u00bb, pr\u00e9cisait la Ville de Marseille \u00e0 notre r\u00e9daction.<\/p>\n<p>    <img   decoding=\"async\" loading=\"lazy\" src=\"https:\/\/www.europesays.com\/fr\/wp-content\/uploads\/2025\/10\/gl-marseille-1610-2-960x640.jpg\" alt=\"GL marseille 1610 2\" width=\"960\" height=\"640\"\/><br \/>\n    Des forces de police avaient \u00e9t\u00e9 mobilis\u00e9es par pr\u00e9caution ce jeudi 16\u00a0octobre. (\u00a9Fabien Binacchi \/ actu Marseille)<\/p>\n<p class=\" wall-content\">La r\u00e9ouverture, ce jeudi, \u00e9tait pr\u00e9vue \u00e0 midi. Elle a \u00e9t\u00e9 avort\u00e9e. Comme la veille, des centaines de personnes se sont mass\u00e9es sur les marches donnant acc\u00e8s au magasin et certains clients ont tent\u00e9 de forcer le passage. Ce qui a n\u00e9cessit\u00e9 l\u2019intervention de la police, pr\u00e9sente en nombre, et<strong> l\u2019\u00e9vacuation, \u00e0 nouveau, des lieux.<\/strong> Pour trouble \u00e0 l\u2019ordre public.<\/p>\n<p class=\" wall-content\">\n<p class=\" wall-content\">Le magasin ne rouvrira pas de la journ\u00e9e.<\/p>\n<p>Encore un mois demi d\u2019ouverture<\/p>\n<p class=\" wall-content\">Jusqu\u2019au samedi 29\u00a0novembre, date programm\u00e9e de leur fermeture d\u00e9finitive, les points de vente Galeries Lafayette des centres Bourse et Prado Shopping liquident leurs stocks avec des remises allant <strong>jusqu\u2019\u00e0 -80\u2009%,<\/strong> selon les indications affich\u00e9es en vitrine.<\/p>\n<p class=\" wall-content\">Personnalisez votre actualit\u00e9 en ajoutant vos villes et m\u00e9dias en favori avec <a href=\"https:\/\/moncompte.actu.fr\" title=\"D\u00e9couvez Mon Actu\" rel=\"nofollow noopener\" data-trk=\"{&quot;cta&quot;:{&quot;action&quot;:&quot;https:\\\/\\\/moncompte.actu.fr&quot;,&quot;category&quot;:&quot;mon compte&quot;,&quot;from&quot;:&quot;article footer&quot;,&quot;name&quot;:&quot;Mon actu&quot;,&quot;type&quot;:&quot;cta&quot;}}\" target=\"_blank\">Mon Actu<\/a>.<\/p>\n","protected":false},"excerpt":{"rendered":"Par Fabien Binacchi Publi\u00e9 le 16 oct. 2025 \u00e0 15h13 Le d\u00e9stockage des Galeries Lafayette de Marseille, qui&hellip;\n","protected":false},"author":2,"featured_media":467527,"comment_status":"","ping_status":"","sticky":false,"template":"","format":"standard","meta":{"footnotes":""},"categories":[2814],"tags":[1111,11,215,1777,674,118,1011,27,4238,884,12,1072,882,25],"class_list":{"0":"post-467526","1":"post","2":"type-post","3":"status-publish","4":"format-standard","5":"has-post-thumbnail","7":"category-marseille","8":"tag-actu","9":"tag-actualites","10":"tag-commerce","11":"tag-eu","12":"tag-europe","13":"tag-faits-divers","14":"tag-fr","15":"tag-france","16":"tag-galeries-lafayette","17":"tag-marseille","18":"tag-news","19":"tag-police","20":"tag-provence-alpes-cote-dazur","21":"tag-republique-francaise"},"share_on_mastodon":{"url":"https:\/\/pubeurope.com\/@fr\/115384171412952858","error":""},"_links":{"self":[{"href":"https:\/\/www.europesays.com\/fr\/wp-json\/wp\/v2\/posts\/467526","targetHints":{"allow":["GET"]}}],"collection":[{"href":"https:\/\/www.europesays.com\/fr\/wp-json\/wp\/v2\/posts"}],"about":[{"href":"https:\/\/www.europesays.com\/fr\/wp-json\/wp\/v2\/types\/post"}],"author":[{"embeddable":true,"href":"https:\/\/www.europesays.com\/fr\/wp-json\/wp\/v2\/users\/2"}],"replies":[{"embeddable":true,"href":"https:\/\/www.europesays.com\/fr\/wp-json\/wp\/v2\/comments?post=467526"}],"version-history":[{"count":0,"href":"https:\/\/www.europesays.com\/fr\/wp-json\/wp\/v2\/posts\/467526\/revisions"}],"wp:featuredmedia":[{"embeddable":true,"href":"https:\/\/www.europesays.com\/fr\/wp-json\/wp\/v2\/media\/467527"}],"wp:attachment":[{"href":"https:\/\/www.europesays.com\/fr\/wp-json\/wp\/v2\/media?parent=467526"}],"wp:term":[{"taxonomy":"category","embeddable":true,"href":"https:\/\/www.europesays.com\/fr\/wp-json\/wp\/v2\/categories?post=467526"},{"taxonomy":"post_tag","embeddable":true,"href":"https:\/\/www.europesays.com\/fr\/wp-json\/wp\/v2\/tags?post=467526"}],"curies":[{"name":"wp","href":"https:\/\/api.w.org\/{rel}","templated":true}]}}