{"id":467551,"date":"2025-10-16T14:03:11","date_gmt":"2025-10-16T14:03:11","guid":{"rendered":"https:\/\/www.europesays.com\/fr\/467551\/"},"modified":"2025-10-16T14:03:11","modified_gmt":"2025-10-16T14:03:11","slug":"allemagne-la-cdu-de-merz-envisage-de-gouverner-avec-lafd-au-mepris-de-lhistoire-et-du-cordon-sanitaire","status":"publish","type":"post","link":"https:\/\/www.europesays.com\/fr\/467551\/","title":{"rendered":"Allemagne\u00a0: la CDU de Merz envisage de gouverner avec l\u2019AfD, au m\u00e9pris de l\u2019histoire et du cordon sanitaire"},"content":{"rendered":"<p>Les d\u00e9bats s\u2019enflamment au sein de la CDU\/CSU du chancelier Merz.\u00a0Sur fond de sondages qui confirment la pouss\u00e9e de l\u2019AfD, cr\u00e9dit\u00e9e d\u00e9sormais, le plus souvent, d\u2019un score sup\u00e9rieur \u00e0 la formation du chancelier, Friedrich Merz, plusieurs poids lourds du parti, lancent l\u2019id\u00e9e d\u2019un rapport \u00ab\u00a0normalis\u00e9\u00a0\u00bb avec l\u2019extr\u00eame droite. Le pare-feu (Brandmauer) mis en place pour isoler ce parti qui emp\u00eache, de fait, tout rapprochement avec d\u2019autres formations du Bundestag, est d\u00e9sormais mis ouvertement en question par deux ex&#8230;<\/p>\n","protected":false},"excerpt":{"rendered":"Les d\u00e9bats s\u2019enflamment au sein de la CDU\/CSU du chancelier Merz.\u00a0Sur fond de sondages qui confirment la pouss\u00e9e&hellip;\n","protected":false},"author":2,"featured_media":467552,"comment_status":"","ping_status":"","sticky":false,"template":"","format":"standard","meta":{"footnotes":""},"categories":[1587],"tags":[11,37440,672,1804,1805,1803,1777,674,6429,4710,1801,12,1802],"class_list":{"0":"post-467551","1":"post","2":"type-post","3":"status-publish","4":"format-standard","5":"has-post-thumbnail","7":"category-allemagne","8":"tag-actualites","9":"tag-afd-alternative-fu00fcr-deutschland","10":"tag-allemagne","11":"tag-bundesrepublik-deutschland","12":"tag-de","13":"tag-deutschland","14":"tag-eu","15":"tag-europe","16":"tag-extru00eame-droite","17":"tag-friedrich-merz","18":"tag-germany","19":"tag-news","20":"tag-republique-federale-dallemagne"},"share_on_mastodon":{"url":"https:\/\/pubeurope.com\/@fr\/115384222064413435","error":""},"_links":{"self":[{"href":"https:\/\/www.europesays.com\/fr\/wp-json\/wp\/v2\/posts\/467551","targetHints":{"allow":["GET"]}}],"collection":[{"href":"https:\/\/www.europesays.com\/fr\/wp-json\/wp\/v2\/posts"}],"about":[{"href":"https:\/\/www.europesays.com\/fr\/wp-json\/wp\/v2\/types\/post"}],"author":[{"embeddable":true,"href":"https:\/\/www.europesays.com\/fr\/wp-json\/wp\/v2\/users\/2"}],"replies":[{"embeddable":true,"href":"https:\/\/www.europesays.com\/fr\/wp-json\/wp\/v2\/comments?post=467551"}],"version-history":[{"count":0,"href":"https:\/\/www.europesays.com\/fr\/wp-json\/wp\/v2\/posts\/467551\/revisions"}],"wp:featuredmedia":[{"embeddable":true,"href":"https:\/\/www.europesays.com\/fr\/wp-json\/wp\/v2\/media\/467552"}],"wp:attachment":[{"href":"https:\/\/www.europesays.com\/fr\/wp-json\/wp\/v2\/media?parent=467551"}],"wp:term":[{"taxonomy":"category","embeddable":true,"href":"https:\/\/www.europesays.com\/fr\/wp-json\/wp\/v2\/categories?post=467551"},{"taxonomy":"post_tag","embeddable":true,"href":"https:\/\/www.europesays.com\/fr\/wp-json\/wp\/v2\/tags?post=467551"}],"curies":[{"name":"wp","href":"https:\/\/api.w.org\/{rel}","templated":true}]}}