{"id":467578,"date":"2025-10-16T14:18:13","date_gmt":"2025-10-16T14:18:13","guid":{"rendered":"https:\/\/www.europesays.com\/fr\/467578\/"},"modified":"2025-10-16T14:18:13","modified_gmt":"2025-10-16T14:18:13","slug":"furax-alexandre-astier-kaamelott-defend-dieudonne-ce-mec-nest-pas","status":"publish","type":"post","link":"https:\/\/www.europesays.com\/fr\/467578\/","title":{"rendered":"Furax, Alexandre Astier (Kaamelott) d\u00e9fend Dieudonn\u00e9 : \u00ab\u00a0Ce mec n\u2019est pas\u2026\u00a0\u00bb"},"content":{"rendered":"<p><strong>Alexandre Astier<\/strong> a plus d\u2019un tour dans son sac.<br \/>\nPlus d\u2019une couronne sur sa t\u00eate, aussi. Depuis plus de 20 piges, il<br \/>\nest <strong>l\u2019homme-orchestre<\/strong> de la n\u00e9buleuse<br \/>\nKaamelott. <strong>Ou comment une s\u00e9rie, d\u2019abord format<br \/>\ncourt, plus plus long, plus classique, est devenue une saga au<br \/>\ncin\u00e9.<\/strong> Et, plus largement, un v\u00e9ritable ph\u00e9nom\u00e8ne de<br \/>\nsoci\u00e9t\u00e9, \u00e0 la lisi\u00e8re de la geekerie et de la com\u00e9die populaire,<br \/>\nmais diablement culte. Le second volet de Kaamelott, le<br \/>\nfilm, sort en salles le 22 octobre 2025. L\u00a0\u00bboccasion de retrouver<br \/>\ntoute la joyeuse bande du <strong>roi Arthur<\/strong> <a href=\"https:\/\/www.melty.fr\/cinema\/kaamelott-2-alexandre-astier-explique-enfin-pourquoi-perceval-ne-reviendra-pas-2268772.html\" rel=\"nofollow noopener\" target=\"_blank\"><br \/>\nsur grand \u00e9cran, except\u00e9 <strong>Perceval le Gallois<\/strong><\/a>.<br \/>\nDans plusieurs interviews d&rsquo;archives, Alexandre Astier, avant la<br \/>\nd\u00e9ferlante Kaam, balance sur l\u2019humoriste controvers\u00e9<br \/>\n<strong>Dieudonn\u00e9<\/strong>.<\/p>\n<p>Alexandre Astier a port\u00e9 Kaamelott \u00e0 bout de bras<\/p>\n<p>Pendant longtemps, Alexandre Astier a h\u00e9sit\u00e9 dans le chemin \u00e0<br \/>\nprendre. <strong>M\u00e9lomane dans l\u2019\u00e2me, il \u00e9tudie la musique,<br \/>\nnotamment la contrebasse, l\u2019orchestration et les ch\u0153urs au<br \/>\nconservatoire de Lyon d\u00e8s ses six ans.<\/strong> Avant d&rsquo;entrer \u00e0<br \/>\nl\u2019<strong>American School of Modern Music<\/strong> de Paris. Plus<br \/>\ntard, il se met aussi au th\u00e9\u00e2tre car il a une forte app\u00e9tence pour<br \/>\nle jeu d\u2019acteur. Finalement, il lie ses deux passions en devenant<br \/>\nle chef d\u2019orchestre de Kaamelott.<\/p>\n<p><strong>Kaamelott ou la s\u00e9rie rempla\u00e7ant, il y a plus<br \/>\nde vingt ans, le format court Cam\u00e9ra caf\u00e9 sur M6.<\/strong><br \/>\nUn programme, instantan\u00e9 culte, devenu une v\u00e9ritable institution en<br \/>\nFrance. Un divertissement qu\u2019Astier a port\u00e9 \u00e0 bout de bras du petit<br \/>\nau grand \u00e9cran. Car, en 2021, en pleine pand\u00e9mie mondiale, entre<br \/>\ndeux confinements, il sort Kaamelott &#8211; Premier volet au<br \/>\ncin\u00e9ma. Soit la forme d\u00e9finitive de sa cr\u00e9ation : une <strong>saga<br \/>\nd\u2019ampleur cin\u00e9matographique<\/strong>.<\/p>\n<p>Le second volet de Kaamelott sort enfin au cin\u00e9ma<\/p>\n<p>On parle de saga car, d\u00e8s le d\u00e9part, Astier, en bon d\u00e9miurge<br \/>\nqu\u2019il est, a envie de \u2018conclure\u2019 son histoire dans une trilogie. Un<br \/>\npeu comme celle de Star Wars, la vraie, la pure,<br \/>\nl&rsquo;originale pas les horribles pr\u00e9logie et postlogie. <strong>Ainsi,<br \/>\nle second volet de Kaamelott, tr\u00e8s attendu par les fanzouzes<br \/>\nd\u2019Astier, arrive ce 22 octobre en salles.<\/strong> Enfin, sa<br \/>\npremi\u00e8re partie. Car l\u2019acteur-r\u00e9alisateur a d\u00e9cid\u00e9 de tronquer son<br \/>\nfilm en deux parties distinctes\u2026<\/p>\n<p><strong>Pour l\u2019instant, la deuxi\u00e8me partie de Kaamelott &#8211;<br \/>\nDeuxi\u00e8me volet est planifi\u00e9e au 11 novembre 2026.<\/strong> De<br \/>\nquoi susciter encore plus d\u2019attente du c\u00f4t\u00e9 d\u2019un public d\u00e9j\u00e0 chaud<br \/>\nbouillant \u00e0 l\u2019id\u00e9e de d\u00e9couvrir la fameuse premi\u00e8re partie de ce<br \/>\nvolet-l\u00e0. Pour rappel, le roi Arthur revient en forme m\u00eame s\u2019il<br \/>\nn\u2019appara\u00eet pas toujours d\u00e9cid\u00e9 \u00e0 combattre frontalement le terrible<br \/>\n<strong>Lancelot-du-Lac<\/strong>. Son ancien bras droit devenu son<br \/>\nn\u00e9m\u00e9sis ultime.<\/p>\n<p>Alexandre Astier : des prises de<br \/>\npositions pro-Dieudo ?<\/p>\n<p><strong>Flashback : nous sommes au d\u00e9but des ann\u00e9es<br \/>\n2010.<\/strong> Kaamelott commence \u00e0 devenir un succ\u00e8s<br \/>\npopulaire, sortant de sa niche partag\u00e9e par les geeks et les<br \/>\nm\u00e9di\u00e9vistes. Avec un soup\u00e7on de boomers fanas des dialogues sign\u00e9s<br \/>\n<strong>Michel Audiard.<\/strong> En d&rsquo;autres termes : Alexandre<br \/>\nAstier est plus populaire que jamais \u00e0 ce moment-l\u00e0. Celui-ci, fort<br \/>\nd\u2019une nouvelle position de force m\u00e9diatique, se retrouve interrog\u00e9<br \/>\nplusieurs fois sur Dieudonn\u00e9. <strong>Ce dernier, <a href=\"https:\/\/www.melty.fr\/people\/emu-elie-semoun-vide-son-sac-sur-la-maladie-de-son-pere-tout-va-secrouler-2269028.html\" rel=\"nofollow noopener\" target=\"_blank\"><br \/>\nhumoriste controvers\u00e9, ex-partenaire d\u2019Elie Semoun<\/a>, est alors<br \/>\nau c\u0153ur de tous les d\u00e9bats en raison de plusieurs sorties de route<br \/>\nantis\u00e9mites.<\/strong> Alexandre Astier, lui, s\u2019inscrit en faux.<\/p>\n<blockquote class=\"tiktok-embed\" cite=\"https:\/\/www.tiktok.com\/@astierinterviews\/video\/7438583310982352160\" data-video-id=\"7438583310982352160\" style=\"max-width: 605px;min-width: 325px;\"><p>\n<a target=\"_blank\" href=\"https:\/\/www.tiktok.com\/@astierinterviews\/video\/7438583310982352160\" rel=\"nofollow noopener\"><br \/>\n<img decoding=\"async\" src=\"data:image\/svg+xml,%3Csvg%20xmlns=\" http:=\"\" alt=\"TikTok Logo\" data-lazy-src=\"https:\/\/www.tiktok.com\/img\/logo.png\"\/><\/a>\n<\/p><\/blockquote>\n<p><strong>On le retrouve tout d\u2019abord dans Clique anim\u00e9 par<br \/>\nMouloud Achour.<\/strong> Alexandre Astier balance concernant Dieudo<br \/>\n: \u201c[&#8230;] <strong>Je peux voir 50 spectacles de Dieudonn\u00e9, je ne<br \/>\nsors pas antis\u00e9mite pour autant.<\/strong> [&#8230;] \u00c7a veut<br \/>\npas dire que je suis pour le combat de Dieudo, \u00e7a veut dire que je<br \/>\nsuis contre interdire [&#8230;]\u201d Dans une autre interview,<br \/>\naccord\u00e9e \u00e0 <strong>France Musique<\/strong>, Alexandre Astier se<br \/>\nretrouve \u00e0 nouveau questionner sur le cas Dieudonn\u00e9. Le journaliste<br \/>\nface \u00e0 lui ressort notamment des extraits d\u2019un entretien qu\u2019il a<br \/>\ndonn\u00e9 \u00e0 <strong>VSD<\/strong> quelque temps plus t\u00f4t :<br \/>\n\u201c<strong>Dieudonn\u00e9 n\u2019est pas plus antis\u00e9mite qu\u2019un autre, ce<br \/>\nmec n\u2019est pas plus antis\u00e9mite que n\u2019importe qui.<\/strong> Il est<br \/>\nentr\u00e9 dans une provocation dont il n\u2019arrive pas \u00e0 sortir.\u201d L\u00e0<br \/>\nencore, le cr\u00e9ateur de Kaamelott affiche une sympathie<br \/>\npour l\u2019humoriste sur le fil du rasoir : \u201c[&#8230;] Le type, je ne<br \/>\nm\u2019occupe pas de ce qu\u2019il dit en dehors de ses spectacles. Je ne<br \/>\nvois que ses spectacles. [&#8230;] Je trouve que c\u2019est<br \/>\nquelqu\u2019un qui est proprement g\u00e9nial, je ne suis pas le seul \u00e0 le<br \/>\npenser [&#8230;]\u201d C\u2019est pas faux ?<\/p>\n<p><script async src=\"\/\/www.tiktok.com\/embed.js\"><\/script><\/p>\n","protected":false},"excerpt":{"rendered":"Alexandre Astier a plus d\u2019un tour dans son sac. Plus d\u2019une couronne sur sa t\u00eate, aussi. Depuis plus&hellip;\n","protected":false},"author":2,"featured_media":467579,"comment_status":"","ping_status":"","sticky":false,"template":"","format":"standard","meta":{"footnotes":""},"categories":[1359],"tags":[905,58,59,1011,27,41019,973],"class_list":{"0":"post-467578","1":"post","2":"type-post","3":"status-publish","4":"format-standard","5":"has-post-thumbnail","7":"category-people","8":"tag-a-la-une-melty","9":"tag-divertissement","10":"tag-entertainment","11":"tag-fr","12":"tag-france","13":"tag-kaamelott","14":"tag-people"},"share_on_mastodon":{"url":"https:\/\/pubeurope.com\/@fr\/115384280900903726","error":""},"_links":{"self":[{"href":"https:\/\/www.europesays.com\/fr\/wp-json\/wp\/v2\/posts\/467578","targetHints":{"allow":["GET"]}}],"collection":[{"href":"https:\/\/www.europesays.com\/fr\/wp-json\/wp\/v2\/posts"}],"about":[{"href":"https:\/\/www.europesays.com\/fr\/wp-json\/wp\/v2\/types\/post"}],"author":[{"embeddable":true,"href":"https:\/\/www.europesays.com\/fr\/wp-json\/wp\/v2\/users\/2"}],"replies":[{"embeddable":true,"href":"https:\/\/www.europesays.com\/fr\/wp-json\/wp\/v2\/comments?post=467578"}],"version-history":[{"count":0,"href":"https:\/\/www.europesays.com\/fr\/wp-json\/wp\/v2\/posts\/467578\/revisions"}],"wp:featuredmedia":[{"embeddable":true,"href":"https:\/\/www.europesays.com\/fr\/wp-json\/wp\/v2\/media\/467579"}],"wp:attachment":[{"href":"https:\/\/www.europesays.com\/fr\/wp-json\/wp\/v2\/media?parent=467578"}],"wp:term":[{"taxonomy":"category","embeddable":true,"href":"https:\/\/www.europesays.com\/fr\/wp-json\/wp\/v2\/categories?post=467578"},{"taxonomy":"post_tag","embeddable":true,"href":"https:\/\/www.europesays.com\/fr\/wp-json\/wp\/v2\/tags?post=467578"}],"curies":[{"name":"wp","href":"https:\/\/api.w.org\/{rel}","templated":true}]}}