{"id":467594,"date":"2025-10-16T14:26:11","date_gmt":"2025-10-16T14:26:11","guid":{"rendered":"https:\/\/www.europesays.com\/fr\/467594\/"},"modified":"2025-10-16T14:26:11","modified_gmt":"2025-10-16T14:26:11","slug":"douze-femmes-accusent-un-couple-de-producteurs-et-decrivent-un-systeme-de-predation-dans-les-jours-liberation","status":"publish","type":"post","link":"https:\/\/www.europesays.com\/fr\/467594\/","title":{"rendered":"Douze femmes accusent un couple de producteurs et d\u00e9crivent un \u00absyst\u00e8me de pr\u00e9dation\u00bb dans \u00ables Jours\u00bb \u2013 Lib\u00e9ration"},"content":{"rendered":"<p class=\"sc-cPiKLX AiZTS text-element\">Capricci est une incontournable soci\u00e9t\u00e9 de production et distribution de cin\u00e9ma ind\u00e9pendant. Co-fond\u00e9e par l\u2019ancien chef d\u2019\u00e9dition web des Cahiers du cin\u00e9ma Thierry Lounas, elle lance en 2006 une maison d\u2019\u00e9dition tr\u00e8s reconnue de la cin\u00e9philie, sp\u00e9cialis\u00e9e dans les ouvrages critiques, en plus d\u2019\u00e9diter depuis 2012 la revue mensuelle So Film. Thierry Lounas est aussi associ\u00e9 \u00e0 l\u2019influente soci\u00e9t\u00e9 de production lanc\u00e9e avec Vincent Maraval, Wild West. <\/p>\n<p class=\"sc-cPiKLX AiZTS text-element\">Le 12 octobre 2025, le site d\u2019information les Jours publie le <a href=\"https:\/\/lesjours.fr\/obsessions\/systeme-lounas\/ep1-violences-sexistes-sexuelles\/\" target=\"_blank\" rel=\"noopener\" title=\"https:\/\/lesjours.fr\/obsessions\/systeme-lounas\/ep1-violences-sexistes-sexuelles\/\">premier \u00e9pisode d\u2019une enqu\u00eate titr\u00e9e \u00abLe syst\u00e8me Lounas\u00bb<\/a>. Douze femmes, dont neufs souhaitant garder l\u2019anonymat, y d\u00e9noncent des faits \u00aballant de ce qui s\u2019apparente \u00e0 du harc\u00e8lement sexuel jusqu\u2019\u00e0 des agressions sexuelles\u00bb, notamment dans des cadres festifs. <\/p>\n<p class=\"sc-cPiKLX AiZTS text-element\">S\u2019estimant victimes d\u2019un \u00absyst\u00e8me de pr\u00e9dation\u00bb, de situations \u00abd\u2019abus de pouvoir et d\u2019emprise\u00bb qui visent des jeunes femmes \u00aben situation de pr\u00e9carit\u00e9 ou d\u2019inf\u00e9riorit\u00e9 hi\u00e9rarchique\u00bb, elles mettent en cause le producteur, mais aussi sa compagne Claire Bonnefoy, dirigeante de la soci\u00e9t\u00e9 Bobi Lux (<a href=\"https:\/\/www.liberation.fr\/culture\/cinema\/vincent-doit-mourir-on-en-veut-en-gore-20231115_TMRUN4JMXRBVTOS5W2N3I76FMM\/\" target=\"_blank\" rel=\"noopener\" title=\"https: &lt;div style=\" clear:=\"\" both=\"\"><\/p>\n","protected":false},"excerpt":{"rendered":"Capricci est une incontournable soci\u00e9t\u00e9 de production et distribution de cin\u00e9ma ind\u00e9pendant. Co-fond\u00e9e par l\u2019ancien chef d\u2019\u00e9dition web&hellip;\n","protected":false},"author":2,"featured_media":467595,"comment_status":"","ping_status":"","sticky":false,"template":"","format":"standard","meta":{"footnotes":""},"categories":[8],"tags":[58,59,1011,27,797,799],"class_list":{"0":"post-467594","1":"post","2":"type-post","3":"status-publish","4":"format-standard","5":"has-post-thumbnail","7":"category-divertissement","8":"tag-divertissement","9":"tag-entertainment","10":"tag-fr","11":"tag-france","12":"tag-violences-faites-aux-femmes","13":"tag-violences-sexuelles"},"share_on_mastodon":{"url":"https:\/\/pubeurope.com\/@fr\/115384312613090925","error":""},"_links":{"self":[{"href":"https:\/\/www.europesays.com\/fr\/wp-json\/wp\/v2\/posts\/467594","targetHints":{"allow":["GET"]}}],"collection":[{"href":"https:\/\/www.europesays.com\/fr\/wp-json\/wp\/v2\/posts"}],"about":[{"href":"https:\/\/www.europesays.com\/fr\/wp-json\/wp\/v2\/types\/post"}],"author":[{"embeddable":true,"href":"https:\/\/www.europesays.com\/fr\/wp-json\/wp\/v2\/users\/2"}],"replies":[{"embeddable":true,"href":"https:\/\/www.europesays.com\/fr\/wp-json\/wp\/v2\/comments?post=467594"}],"version-history":[{"count":0,"href":"https:\/\/www.europesays.com\/fr\/wp-json\/wp\/v2\/posts\/467594\/revisions"}],"wp:featuredmedia":[{"embeddable":true,"href":"https:\/\/www.europesays.com\/fr\/wp-json\/wp\/v2\/media\/467595"}],"wp:attachment":[{"href":"https:\/\/www.europesays.com\/fr\/wp-json\/wp\/v2\/media?parent=467594"}],"wp:term":[{"taxonomy":"category","embeddable":true,"href":"https:\/\/www.europesays.com\/fr\/wp-json\/wp\/v2\/categories?post=467594"},{"taxonomy":"post_tag","embeddable":true,"href":"https:\/\/www.europesays.com\/fr\/wp-json\/wp\/v2\/tags?post=467594"}],"curies":[{"name":"wp","href":"https:\/\/api.w.org\/{rel}","templated":true}]}}