{"id":467596,"date":"2025-10-16T14:27:34","date_gmt":"2025-10-16T14:27:34","guid":{"rendered":"https:\/\/www.europesays.com\/fr\/467596\/"},"modified":"2025-10-16T14:27:34","modified_gmt":"2025-10-16T14:27:34","slug":"teleobjectif-200-mp-spectaculaire-une-tres-belle-fiche-technique-mais-ils-ont-sabote-lappareil-photo-principal","status":"publish","type":"post","link":"https:\/\/www.europesays.com\/fr\/467596\/","title":{"rendered":"t\u00e9l\u00e9objectif 200 MP spectaculaire, une tr\u00e8s belle fiche technique mais ils ont sabot\u00e9 l&rsquo;appareil photo principal"},"content":{"rendered":"<p>Honor d\u00e9voile son Magic 8 Pro avec un t\u00e9l\u00e9objectif 200 m\u00e9gapixels mont\u00e9 sur un capteur 1\/1,4 pouce. Impressionnant. Mais en creusant la fiche technique, on d\u00e9couvre que l\u2019appareil photo principal a\u2026 <strong>r\u00e9gress\u00e9<\/strong>. <\/p>\n<p><a href=\"https:\/\/images.frandroid.com\/wp-content\/uploads\/2025\/10\/image-55-3.jpg\" target=\"_blank\" class=\"article-content__figure\" rel=\"noopener\"><img fetchpriority=\"high\" decoding=\"async\" loading=\"eager\" width=\"1200\" height=\"675\" src=\"https:\/\/www.europesays.com\/fr\/wp-content\/uploads\/2025\/10\/image-55-3.jpg\" alt=\"\" class=\"wp-image-2833687 wp-image wp-image\"  \/><\/a>Honor Magic 8 Pro<\/p>\n<p>Honor a d\u00e9voil\u00e9 son Magi c8 Pro avec un gros argument : un t\u00e9l\u00e9objectif p\u00e9riscopique de 200 m\u00e9gapixels mont\u00e9 sur un \u00e9norme capteur 1\/1,4 pouce.<\/p>\n<p>Sur le papier, c\u2019est du lourd. Mais en creusant la fiche technique, on d\u00e9couvre une d\u00e9cision pour le moins \u00e9trange : l\u2019appareil photo principal a \u00e9t\u00e9 d\u00e9grad\u00e9 par rapport au mod\u00e8le pr\u00e9c\u00e9dent. L\u2019ouverture est pass\u00e9e de f\/1.4-2.0 variable \u00e0 f\/1.6 fixe, ce qui rend le capteur principal un tiers moins sensible \u00e0 la lumi\u00e8re. Honor promet de compenser cette r\u00e9gression avec de \u00ab\u00a0nouvelles fonctionnalit\u00e9s IA\u00a0\u00bb. <\/p>\n<p>Un t\u00e9l\u00e9objectif 200 MP vraiment impressionnant<\/p>\n<p>Commen\u00e7ons par ce qui fonctionne : le t\u00e9l\u00e9objectif du Magic8 Pro est objectivement excellent sur le papier. <strong>200 m\u00e9gapixels<\/strong> mont\u00e9s sur un <strong>capteur 1\/1,4 pouce<\/strong> (relativement grand pour un t\u00e9l\u00e9objectif), objectif <strong>f\/2.6<\/strong> p\u00e9riscopique, et un <strong>zoom optique 3,7x<\/strong> (contre 3x sur le Magic 7 Pro).<\/p>\n<p><a href=\"https:\/\/images.frandroid.com\/wp-content\/uploads\/2025\/10\/image-55-4.jpg\" target=\"_blank\" class=\"article-content__figure\" rel=\"noopener\"><img loading=\"lazy\" decoding=\"async\" width=\"1200\" height=\"675\" src=\"https:\/\/www.europesays.com\/fr\/wp-content\/uploads\/2025\/10\/image-55-4-1200x675.jpg\" alt=\"\" class=\"wp-image-2833689 wp-image\"  \/><\/a>Honor Magic 8 Pro<\/p>\n<p>C\u2019est du s\u00e9rieux. Pour contextualiser : la plupart des t\u00e9l\u00e9objectifs de smartphones haut de gamme plafonnent \u00e0 50-64 MP sur des capteurs bien plus petits. <\/p>\n<p>En face, le <a href=\"https:\/\/www.frandroid.com\/marques\/samsung\/2482652_test-samsung-galaxy-s25-ultra\" target=\"_blank\" rel=\"noopener\">Samsung Galaxy S25 Ultra<\/a> s\u2019appuie sur un capteur principal grand\u2011angle de 200 m\u00e9gapixels, \u00e9paul\u00e9 par un ultra grand\u2011angle de 50 m\u00e9gapixels, un t\u00e9l\u00e9objectif 3x de 10 m\u00e9gapixels et un p\u00e9riscope 5x de 50 m\u00e9gapixels. Par contre, c\u2019est un capteur plus grand que celui de Honor, c\u2019est un capteur 1\/1,3\u2033. Quant \u00e0 l\u2019<a href=\"https:\/\/www.frandroid.com\/marques\/apple\/2798591_tests-de-liphone-17-pro-des-nouveautes-basiques-pour-un-redesign-audacieux\" target=\"_blank\" rel=\"noopener\">iPhone 17 Pro<\/a>, il se \u00ab\u00a0contente\u00a0\u00bb aussi de 48 MP sur son t\u00e9l\u00e9objectif.<\/p>\n<p>Avec ce capteur g\u00e9n\u00e9reux et cette d\u00e9finition \u00e9lev\u00e9e, le Magic 8 Pro devrait th\u00e9oriquement exceller en zoom num\u00e9rique (jusqu\u2019\u00e0 10-15x sans trop de d\u00e9gradation) et en conditions de luminosit\u00e9 moyenne. Le p\u00e9riscopique permet un zoom optique vrai sans perte de qualit\u00e9, et les 200 MP autorisent des recadrages agressifs sans pixelisation visible.<\/p>\n<p>L\u2019ultra grand-angle reste identique au mod\u00e8le pr\u00e9c\u00e9dent : <strong>50 MP f\/2.0<\/strong> avec mode macro. Rien de r\u00e9volutionnaire mais solide et coh\u00e9rent avec ce qu\u2019on trouve sur la concurrence haut de gamme.<\/p>\n<p>Mais l\u2019appareil photo principal r\u00e9gresse (vraiment ?)<\/p>\n<p>L\u00e0 o\u00f9 \u00e7a coince, c\u2019est l\u2019appareil photo principal. Honor utilise toujours un <strong>capteur 50 MP 1\/1,3 pouce<\/strong> avec stabilisation optique (OIS). Jusque-l\u00e0, rien ne change par rapport au <a href=\"https:\/\/www.frandroid.com\/marques\/honor\/2470288_test-honor-magic-7-pro-une-douce-continuite-dans-lexcellence\" target=\"_blank\" rel=\"noopener\">Magic 7 Pro<\/a>. Le probl\u00e8me se cache dans l\u2019objectif.<\/p>\n<ul class=\"wp-block-list\">\n<li><strong><a href=\"https:\/\/www.frandroid.com\/marques\/honor\/2470288_test-honor-magic-7-pro-une-douce-continuite-dans-lexcellence\" target=\"_blank\" rel=\"noopener\">Magic 7 Pro (2024)<\/a><\/strong> : ouverture <strong>variable f\/1.4 \u00e0 f\/2.0<\/strong> <\/li>\n<li><strong>Magic 8 Pro (2025)<\/strong> : ouverture <strong>fixe f\/1.6<\/strong><\/li>\n<\/ul>\n<p>En photographie, l\u2019ouverture d\u00e9termine la quantit\u00e9 de lumi\u00e8re qui atteint le capteur. Plus le chiffre est bas (f\/1.4), plus l\u2019ouverture est large, plus la lumi\u00e8re entre. <\/p>\n<p>Une ouverture variable permettait au <a href=\"https:\/\/www.frandroid.com\/marques\/honor\/2470288_test-honor-magic-7-pro-une-douce-continuite-dans-lexcellence\" target=\"_blank\" rel=\"noopener\">Magic 7 Pro<\/a> de s\u2019adapter : f\/1.4 en conditions sombres pour capter un maximum de lumi\u00e8re, f\/2.0 en plein jour pour \u00e9viter la surexposition et am\u00e9liorer la nettet\u00e9.<\/p>\n<p><a href=\"https:\/\/images.frandroid.com\/wp-content\/uploads\/2025\/10\/image-55-5.jpg\" target=\"_blank\" class=\"article-content__figure\" rel=\"noopener\"><img loading=\"lazy\" decoding=\"async\" width=\"1200\" height=\"675\" src=\"https:\/\/www.europesays.com\/fr\/wp-content\/uploads\/2025\/10\/image-55-5-1200x675.jpg\" alt=\"\" class=\"wp-image-2833691 wp-image\"  \/><\/a>Honor Magic 8 Pro<\/p>\n<p>Avec une ouverture fixe f\/1.6, le Magic 8 Pro perd cette flexibilit\u00e9. Pire : selon Honor lui-m\u00eame, cela rend le capteur principal <strong>\u00ab\u00a0un tiers moins sensible \u00e0 la lumi\u00e8re\u00a0\u00bb<\/strong> que le Magic 7 Pro \u00e0 f\/1.4. En photo de nuit ou en int\u00e9rieur sombre, c\u2019est une r\u00e9gression nette.<\/p>\n<p>Pourquoi Honor a fait ce choix ? Probablement des raisons de <strong>co\u00fbt<\/strong> (ouverture variable = m\u00e9canique complexe = cher) et de <strong>place<\/strong> (le smartphone garde 8,4 mm d\u2019\u00e9paisseur malgr\u00e9 une batterie massive, il faut faire des compromis quelque part). Mais pour un smartphone \u00e0 680-800 euros, \u00e7a fait bizarre de voir le composant principal r\u00e9gresser.<\/p>\n<p>L\u2019IA \u00e0 la rescousse <\/p>\n<p>Face \u00e0 cette r\u00e9gression hardware, Honor sort l\u2019artillerie lourde du marketing IA ou plut\u00f4t photographie computationnelle. Deux fonctionnalit\u00e9s sont mises en avant :<\/p>\n<p><strong>Honor Magic Color<\/strong> : un mod\u00e8le d\u2019apprentissage automatique cens\u00e9 offrir des \u00ab\u00a0couleurs plus pr\u00e9cises\u00a0\u00bb. L\u2019id\u00e9e est de rattraper les faiblesses de l\u2019objectif en ajustant automatiquement colorim\u00e9trie, balance des blancs, saturation. \u00c7a peut marcher\u2026 ou produire des photos sur-trait\u00e9es avec des couleurs artificielles. \u00c0 voir dans les tests.<\/p>\n<p><a href=\"https:\/\/images.frandroid.com\/wp-content\/uploads\/2025\/10\/image-55-7.jpg\" target=\"_blank\" class=\"article-content__figure\" rel=\"noopener\"><img loading=\"lazy\" decoding=\"async\" width=\"1200\" height=\"675\" src=\"https:\/\/www.europesays.com\/fr\/wp-content\/uploads\/2025\/10\/image-55-7-1200x675.jpg\" alt=\"\" class=\"wp-image-2833695 wp-image\"  \/><\/a><\/p>\n<p><strong>Technologie anti-tremblement IA<\/strong> : optimisation de la stabilisation d\u2019image par intelligence artificielle. L\u2019OIS (stabilisation optique) reste pr\u00e9sent, l\u2019IA viendrait en compl\u00e9ment pour \u00ab\u00a0am\u00e9liorer\u00a0\u00bb la stabilisation, probablement via du traitement multi-frame et de la fusion d\u2019images. Utile en vid\u00e9o et en photo de nuit, mais \u00e7a ne remplace pas une vraie bonne ouverture pour capter plus de lumi\u00e8re nativement.<\/p>\n<p><a href=\"https:\/\/images.frandroid.com\/wp-content\/uploads\/2025\/10\/image-55-6.jpg\" target=\"_blank\" class=\"article-content__figure\" rel=\"noopener\"><img loading=\"lazy\" decoding=\"async\" width=\"1200\" height=\"842\" src=\"https:\/\/www.europesays.com\/fr\/wp-content\/uploads\/2025\/10\/image-55-6-1200x842.jpg\" alt=\"\" class=\"wp-image-2833693 wp-image\"  \/><\/a><\/p>\n<p>Le probl\u00e8me de ces \u00ab\u00a0solutions IA\u00a0\u00bb, c\u2019est qu\u2019elles reposent sur du <strong>post-traitement logiciel<\/strong>. Une bonne photo commence par un bon capteur qui re\u00e7oit suffisamment de lumi\u00e8re. Si la lumi\u00e8re n\u2019entre pas assez (ouverture f\/1.6 vs f\/1.4), l\u2019IA doit compenser en amplifiant le signal, ce qui g\u00e9n\u00e8re du bruit num\u00e9rique. Certes, l\u2019IA moderne sait tr\u00e8s bien r\u00e9duire ce bruit\u2026 mais au prix d\u2019une perte de d\u00e9tails fins et d\u2019un rendu parfois plastique.<\/p>\n<p>En clair : Honor d\u00e9grade le hardware et vous vend de l\u2019IA pour rattraper. C\u2019est le pi\u00e8ge classique des smartphones 2025 : on compense les compromis physiques par du logiciel \u00ab\u00a0intelligent\u00a0\u00bb. Parfois \u00e7a marche (le traitement photo Google Pixel est excellent), parfois c\u2019est du vernis sur une base fragile.<\/p>\n<p>Le reste du smartphone est solide<\/p>\n<p>Mettons de c\u00f4t\u00e9 la photo une seconde pour parler du reste. Le Honor Magic 8 Pro est globalement bien \u00e9quip\u00e9 :<\/p>\n<p><strong>Processeur :<\/strong> Qualcomm <strong><a href=\"https:\/\/www.frandroid.com\/marques\/qualcomm\/2807589_snapdragon-8-elite-gen-5-voici-la-puce-qui-va-propulser-les-meilleurs-smartphones-de-2026\" target=\"_blank\" rel=\"noopener\">Snapdragon 8 Elite Gen 5<\/a><\/strong>, la derni\u00e8re g\u00e9n\u00e9ration haut de gamme. Performances CPU\/GPU excellentes, efficacit\u00e9 \u00e9nerg\u00e9tique am\u00e9lior\u00e9e. Aucun souci \u00e0 attendre de ce c\u00f4t\u00e9.<\/p>\n<p><a href=\"https:\/\/images.frandroid.com\/wp-content\/uploads\/2025\/10\/image-55-8.jpg\" target=\"_blank\" class=\"article-content__figure\" rel=\"noopener\"><img loading=\"lazy\" decoding=\"async\" width=\"1200\" height=\"675\" src=\"https:\/\/www.europesays.com\/fr\/wp-content\/uploads\/2025\/10\/image-55-8-1200x675.jpg\" alt=\"\" class=\"wp-image-2833697 wp-image\"  \/><\/a><\/p>\n<p><strong>Batterie :<\/strong> <strong>7 100 mAh<\/strong> en version chinoise, <strong>6 270 mAh<\/strong> en version europ\u00e9enne. C\u2019est \u00e9norme. Pour comparaison, l\u2019iPhone 17 Pro Max plafonne \u00e0 4 600 mAh, le Galaxy S25 Ultra \u00e0 5 300 mAh. Avec le Snapdragon efficace et cette batterie g\u00e9n\u00e9reuse, l\u2019autonomie devrait \u00eatre bonne.<\/p>\n<p><a href=\"https:\/\/images.frandroid.com\/wp-content\/uploads\/2025\/10\/image-55-9.jpg\" target=\"_blank\" class=\"article-content__figure\" rel=\"noopener\"><img loading=\"lazy\" decoding=\"async\" width=\"1200\" height=\"675\" src=\"https:\/\/www.europesays.com\/fr\/wp-content\/uploads\/2025\/10\/image-55-9-1200x675.jpg\" alt=\"\" class=\"wp-image-2833699 wp-image\"  \/><\/a><\/p>\n<p><strong>Charge :<\/strong> <strong>100 W en filaire<\/strong> (USB-C), <strong>80 W en sans-fil<\/strong>. Charge compl\u00e8te en 30-40 minutes environ. C\u2019est du tr\u00e8s haut niveau, bien au-dessus des standards occidentaux (iPhone plafonne \u00e0 27 W, Samsung \u00e0 45 W).<\/p>\n<p><strong>\u00c9cran :<\/strong> Dalle <strong>OLED LTPO 6,71 pouces<\/strong>, d\u00e9finition <strong>2808 x 1256 pixels<\/strong>, taux de rafra\u00eechissement <strong>120 Hz adaptatif<\/strong>, luminosit\u00e9 pic <strong>6 000 nits<\/strong> en HDR. C\u2019est un \u00e9cran premium, probablement parmi les meilleurs du march\u00e9 en luminosit\u00e9 (utile en plein soleil).<\/p>\n<p><a href=\"https:\/\/images.frandroid.com\/wp-content\/uploads\/2025\/10\/image-55-10.jpg\" target=\"_blank\" class=\"article-content__figure\" rel=\"noopener\"><img loading=\"lazy\" decoding=\"async\" width=\"1200\" height=\"675\" src=\"https:\/\/www.europesays.com\/fr\/wp-content\/uploads\/2025\/10\/image-55-10-1200x675.jpg\" alt=\"\" class=\"wp-image-2833701 wp-image\"  \/><\/a><\/p>\n<p><strong>R\u00e9sistance :<\/strong> Certifications <strong>IP68<\/strong> (eau et poussi\u00e8re) et <strong>IP69K<\/strong> (jets d\u2019eau haute pression et haute temp\u00e9rature). C\u2019est rare sur smartphone, g\u00e9n\u00e9ralement r\u00e9serv\u00e9 aux mod\u00e8les renforc\u00e9s. Le Magic 8 Pro est donc particuli\u00e8rement robuste.<\/p>\n<p><strong>\u00c9paisseur\/poids :<\/strong> <strong>8,4 mm<\/strong> d\u2019\u00e9paisseur, <strong>213 grammes<\/strong>. C\u2019est fin et l\u00e9ger compte tenu de la batterie \u00e9norme et du syst\u00e8me photo complexe. Pour comparaison, le Galaxy S25 Ultra fait 8,6 mm \/ 232g.<\/p>\n<p>Sur ces aspects, Honor a fait du bon travail. Le Magic 8 Pro coche toutes les cases du smartphone moderne bien con\u00e7u.<\/p>\n<p>Prix et disponibilit\u00e9 : coh\u00e9rent mais pas donn\u00e9<\/p>\n<p>Le Magic8 Pro d\u00e9marre \u00e0 <strong>5 699 yuans<\/strong> en Chine (environ <strong>686 \u20ac<\/strong>) pour la configuration 12 Go RAM \/ 256 Go stockage. Le mod\u00e8le haut de gamme 16 Go RAM \/ 1 To monte \u00e0 <strong>6 699 yuans<\/strong> (environ <strong>807 \u20ac<\/strong>).<\/p>\n<p><a href=\"https:\/\/images.frandroid.com\/wp-content\/uploads\/2025\/10\/image-55-11.jpg\" target=\"_blank\" class=\"article-content__figure\" rel=\"noopener\"><img loading=\"lazy\" decoding=\"async\" width=\"1200\" height=\"675\" src=\"https:\/\/www.europesays.com\/fr\/wp-content\/uploads\/2025\/10\/image-55-11-1200x675.jpg\" alt=\"\" class=\"wp-image-2833703 wp-image\"  \/><\/a><\/p>\n<p>Lancement initial en Chine, puis Europe dans les semaines\/mois suivants. Le Magic 7 Pro s\u2019\u00e9tait retrouv\u00e9 \u00e0 environ <strong>829\u20ac<\/strong> en Allemagne, on peut s\u2019attendre \u00e0 un positionnement similaire pour le Magic8 Pro, probablement entre <strong>799 \u20ac et 899 \u20ac<\/strong> selon les configurations et les promotions de lancement.<\/p>\n<p>Retrouvez tous les articles de Frandroid directement sur Google. Abonnez-vous \u00e0 <a target=\"_blank\" href=\"https:\/\/shop.frandroid.com\/gpfrandroid\" rel=\"noopener\">notre profil Google<\/a> pour ne rien manquer !<\/p>\n","protected":false},"excerpt":{"rendered":"Honor d\u00e9voile son Magic 8 Pro avec un t\u00e9l\u00e9objectif 200 m\u00e9gapixels mont\u00e9 sur un capteur 1\/1,4 pouce. Impressionnant.&hellip;\n","protected":false},"author":2,"featured_media":467597,"comment_status":"","ping_status":"","sticky":false,"template":"","format":"standard","meta":{"footnotes":""},"categories":[7],"tags":[1011,27,45976,43,40,41,39,42,44],"class_list":{"0":"post-467596","1":"post","2":"type-post","3":"status-publish","4":"format-standard","5":"has-post-thumbnail","7":"category-sciences-et-technologies","8":"tag-fr","9":"tag-france","10":"tag-honor-magic-7-pro","11":"tag-science","12":"tag-science-and-technology","13":"tag-sciences","14":"tag-sciences-et-technologies","15":"tag-technologies","16":"tag-technology"},"share_on_mastodon":{"url":"https:\/\/pubeurope.com\/@fr\/115384317264235842","error":""},"_links":{"self":[{"href":"https:\/\/www.europesays.com\/fr\/wp-json\/wp\/v2\/posts\/467596","targetHints":{"allow":["GET"]}}],"collection":[{"href":"https:\/\/www.europesays.com\/fr\/wp-json\/wp\/v2\/posts"}],"about":[{"href":"https:\/\/www.europesays.com\/fr\/wp-json\/wp\/v2\/types\/post"}],"author":[{"embeddable":true,"href":"https:\/\/www.europesays.com\/fr\/wp-json\/wp\/v2\/users\/2"}],"replies":[{"embeddable":true,"href":"https:\/\/www.europesays.com\/fr\/wp-json\/wp\/v2\/comments?post=467596"}],"version-history":[{"count":0,"href":"https:\/\/www.europesays.com\/fr\/wp-json\/wp\/v2\/posts\/467596\/revisions"}],"wp:featuredmedia":[{"embeddable":true,"href":"https:\/\/www.europesays.com\/fr\/wp-json\/wp\/v2\/media\/467597"}],"wp:attachment":[{"href":"https:\/\/www.europesays.com\/fr\/wp-json\/wp\/v2\/media?parent=467596"}],"wp:term":[{"taxonomy":"category","embeddable":true,"href":"https:\/\/www.europesays.com\/fr\/wp-json\/wp\/v2\/categories?post=467596"},{"taxonomy":"post_tag","embeddable":true,"href":"https:\/\/www.europesays.com\/fr\/wp-json\/wp\/v2\/tags?post=467596"}],"curies":[{"name":"wp","href":"https:\/\/api.w.org\/{rel}","templated":true}]}}