{"id":467606,"date":"2025-10-16T14:32:10","date_gmt":"2025-10-16T14:32:10","guid":{"rendered":"https:\/\/www.europesays.com\/fr\/467606\/"},"modified":"2025-10-16T14:32:10","modified_gmt":"2025-10-16T14:32:10","slug":"en-2026-la-star-academy-fera-son-grand-retour-a-saint-etienne","status":"publish","type":"post","link":"https:\/\/www.europesays.com\/fr\/467606\/","title":{"rendered":"En 2026, la Star Academy fera son grand retour \u00e0 Saint-\u00c9tienne !"},"content":{"rendered":"<p>Alors que la nouvelle saison de la Star Academy d\u00e9bute le samedi 18 octobre, la tourn\u00e9e des \u00e9l\u00e8ves sera de retour \u00e0 Saint-\u00c9tienne en 2026. Ouverture de la mise en vente g\u00e9n\u00e9rale le mardi 21 octobre.<\/p>\n<p>La <b>Star Academy<\/b> fait son grand retour <b>\u00e0 Saint-\u00c9tienne<\/b> ! Certains \u00e9l\u00e8ves de la nouvelle saison de l&rsquo;\u00e9mission, qui d\u00e9bute sur TF1 le samedi 18 octobre, participeront au prochain Star Academy Tour.<\/p>\n<p>La tourn\u00e9e des acad\u00e9miciens sera de passage au Z\u00e9nith de Saint-\u00c9tienne, <b>le 5 mai 2026<\/b>.<\/p>\n<p>Mise en vente g\u00e9n\u00e9rale pr\u00e9vue le 21 octobre \u00e0 10h.<\/p>\n<p><img loading=\"lazy\" decoding=\"async\" src=\"https:\/\/www.europesays.com\/fr\/wp-content\/uploads\/2025\/10\/1760625130_537_img\" width=\"350\" height=\"200\" border=\"0\" title=\"Christophe Ma\u00c3\u00a9 fera plusieurs concerts en Auvergne-Rh\u00c3\u00b4ne-Alpes\"\/><\/p>\n<p>\u25baCulture<\/p>\n<p style=\"font-size: 22px;\"><b>Christophe Ma\u00e9 annonce plusieurs concerts en Auvergne-Rh\u00f4ne-Alpes<\/b><\/p>\n<p>Pour son anniversaire, Christophe Ma\u00e9 sera de retour&#8230;<\/p>\n<p><\/p>\n","protected":false},"excerpt":{"rendered":"Alors que la nouvelle saison de la Star Academy d\u00e9bute le samedi 18 octobre, la tourn\u00e9e des \u00e9l\u00e8ves&hellip;\n","protected":false},"author":2,"featured_media":467607,"comment_status":"","ping_status":"","sticky":false,"template":"","format":"standard","meta":{"footnotes":""},"categories":[9653],"tags":[1111,11,2430,1697,1777,674,1011,27,12,25,9920,4001,5095,199,12710],"class_list":{"0":"post-467606","1":"post","2":"type-post","3":"status-publish","4":"format-standard","5":"has-post-thumbnail","7":"category-saint-etienne","8":"tag-actu","9":"tag-actualites","10":"tag-auvergne-rhone-alpes","11":"tag-concert","12":"tag-eu","13":"tag-europe","14":"tag-fr","15":"tag-france","16":"tag-news","17":"tag-republique-francaise","18":"tag-saint-tienne","19":"tag-saint-etienne","20":"tag-star-academy","21":"tag-tf1","22":"tag-tourne"},"share_on_mastodon":{"url":"https:\/\/pubeurope.com\/@fr\/115384336200358612","error":""},"_links":{"self":[{"href":"https:\/\/www.europesays.com\/fr\/wp-json\/wp\/v2\/posts\/467606","targetHints":{"allow":["GET"]}}],"collection":[{"href":"https:\/\/www.europesays.com\/fr\/wp-json\/wp\/v2\/posts"}],"about":[{"href":"https:\/\/www.europesays.com\/fr\/wp-json\/wp\/v2\/types\/post"}],"author":[{"embeddable":true,"href":"https:\/\/www.europesays.com\/fr\/wp-json\/wp\/v2\/users\/2"}],"replies":[{"embeddable":true,"href":"https:\/\/www.europesays.com\/fr\/wp-json\/wp\/v2\/comments?post=467606"}],"version-history":[{"count":0,"href":"https:\/\/www.europesays.com\/fr\/wp-json\/wp\/v2\/posts\/467606\/revisions"}],"wp:featuredmedia":[{"embeddable":true,"href":"https:\/\/www.europesays.com\/fr\/wp-json\/wp\/v2\/media\/467607"}],"wp:attachment":[{"href":"https:\/\/www.europesays.com\/fr\/wp-json\/wp\/v2\/media?parent=467606"}],"wp:term":[{"taxonomy":"category","embeddable":true,"href":"https:\/\/www.europesays.com\/fr\/wp-json\/wp\/v2\/categories?post=467606"},{"taxonomy":"post_tag","embeddable":true,"href":"https:\/\/www.europesays.com\/fr\/wp-json\/wp\/v2\/tags?post=467606"}],"curies":[{"name":"wp","href":"https:\/\/api.w.org\/{rel}","templated":true}]}}