{"id":467608,"date":"2025-10-16T14:33:15","date_gmt":"2025-10-16T14:33:15","guid":{"rendered":"https:\/\/www.europesays.com\/fr\/467608\/"},"modified":"2025-10-16T14:33:15","modified_gmt":"2025-10-16T14:33:15","slug":"congres-des-maires-de-la-loire-2025-tout-passe-par-les-communes","status":"publish","type":"post","link":"https:\/\/www.europesays.com\/fr\/467608\/","title":{"rendered":"Congr\u00e8s des maires de la Loire 2025\u00a0: \u00ab\u00a0Tout passe par les communes\u00a0!\u00a0\u00bb\u00a0"},"content":{"rendered":"<p class=\"is-style-chapo\">Repouss\u00e9 2024 en raison des inondations mais imm\u00e9diatement reprogramm\u00e9 le mois suivant, le Congr\u00e8s des maires de la Loire revient en 2025 au CABL d\u2019Andr\u00e9zieux-Bouth\u00e9on. Avec la promesse d\u2019une \u00e9dition ce vendredi d\u2019\u00ab\u00a0ampleur \u00bb in\u00e9dite. L\u2019approche du renouvellement municipal et les questionnements allant avec expliquent probablement le record d\u2019inscrits\u00a0: 600, pour la majorit\u00e9 \u00e9lus municipaux. Le congr\u00e8s, c\u2019est aussi un salon, \u00e0 vis\u00e9e commerciale pour une partie de sa centaines exposants, vis-\u00e0-vis des services et produits qu\u2019ils proposent.<\/p>\n<p><img fetchpriority=\"high\" decoding=\"async\" width=\"1024\" height=\"576\" src=\"https:\/\/www.europesays.com\/fr\/wp-content\/uploads\/2025\/10\/IMG_9496-1024x576.jpg\" alt=\"\" class=\"wp-image-75423\"  \/>Novembre 2024 : le 26e Congr\u00e8s des maires de la Loire avait \u00e9t\u00e9 marqu\u00e9 par les protestations symboliques face aux coupes budg\u00e9taires de l\u2019Etat. Bis repetita en 2025 ? \u00a9JT\/ If Saint-Etienne <\/p>\n<p>Exercices de ricochets. Les renoncements de l\u2019Etat sont d\u00e9j\u00e0 et seront \u00e0 nouveau ceux des R\u00e9gions, des D\u00e9partements, des intercommunalit\u00e9s et, en derni\u00e8re couche du millefeuille, ceux des communes. Bout de cha\u00eene oui mais malgr\u00e9 tout, maillon fin, collectivit\u00e9 toujours et encore du \u00ab\u00a0quotidien\u00a0\u00bb couvrant, via le financement des pr\u00e9c\u00e9dents cit\u00e9s \u2013 en plus de la fiscalit\u00e9 directe de ses administr\u00e9s \u2013, \u00ab\u00a0tous les aspects de la vie, tous les sujets, 365 jours par an, clame Yves Nicolin, maire de Roanne et pr\u00e9sident de l\u2019Association des maires de la Loire (<a href=\"https:\/\/www.amf42.fr\/\" target=\"_blank\" rel=\"noreferrer noopener\">AMF <\/a>42) depuis 2 ans. C\u2019est le premier maillon de la R\u00e9publique. Nous sommes ceux qui tiennent la Maison France. Tout passe par les communes\u00a0!\u00a0\u00bb Et donc par l\u2019argent dont elles disposent\u2026<\/p>\n<p>C\u2019\u00e9tait dans toutes les t\u00eates lors du Congr\u00e8s <a href=\"https:\/\/www.if-saint-etienne.fr\/politique\/un-congres-des-maires-a-lheure-des-coupes-budgetaires\" target=\"_blank\" rel=\"noreferrer noopener\">2024<\/a>. Ce le sera probablement encore plus cette ann\u00e9e, malgr\u00e9 une th\u00e9matique d\u2019actualit\u00e9\u00a0: la ma\u00eetrise de la \u00ab\u00a0fin de mandat\u00a0; regard vers demain\u00a0\u00bb. Dans toutes les t\u00eates \u00e0 force d\u2019instabilit\u00e9 gouvernementale persistante articul\u00e9e \u00e0 la prise de conscience montante, d\u00e9bordante, du p\u00e9ril sur les finances publiques du pays, mena\u00e7ant donc, aussi bien les r\u00e9tributions sociales que la commande publique. Donc, derri\u00e8re les finances priv\u00e9es des Fran\u00e7ais et de leurs entreprises, elles qui sont justement LA \u00ab\u00a0source\u00a0\u00bb\u2026 Ricochets encore. Lors de la pr\u00e9sentation de cette \u00e9dition \u00e0 la presse mercredi, il s\u2019agissait du sujet le plus \u00e9tay\u00e9 par Yves Nicolin. Mais aussi par Georges Ziegler, pr\u00e9sident d\u2019un D\u00e9partement de la Loire, traditionnel financeur des projets communaux et \u00e0 ce titre partenaire d\u2019un congr\u00e8s qui est aussi celui des pr\u00e9sidents d\u2019intercommunalit\u00e9.<\/p>\n<p>Le boomerang des finances revient<\/p>\n<p>Un partenaire en premi\u00e8re ligne des difficult\u00e9s budg\u00e9taires publiques, comme vient de le d\u00e9montrer \u2013 par \u00e9lectrochoc\u00a0et en attendant l\u2019a\u00e9roport de <a href=\"https:\/\/www.if-saint-etienne.fr\/societe\/aeroport-saint-etienne-loire-ce-sera-a-la-justice-de-trancher\" target=\"_blank\" rel=\"noreferrer noopener\">Bouth\u00e9on<\/a> ? \u2013 sa d\u00e9cision historique de ne pas ouvrir cet hiver la station de <a href=\"https:\/\/www.if-saint-etienne.fr\/politique-societe\/finances-du-departement-la-station-de-chalmazel-nouvrira-pas-cet-hiver\" target=\"_blank\" rel=\"noreferrer noopener\">Chalmazel<\/a>. La Loire est dans les 20 D\u00e9partements de France les plus touch\u00e9s de France, pr\u00e9cise Georges Ziegler, en \u00e9tant pass\u00e9e en deux exercices budg\u00e9taires d\u2019une situation nettement confortable \u00e0 une <a href=\"https:\/\/www.if-saint-etienne.fr\/politique\/budget-du-departement-les-signes-cliniques-sont-la\" target=\"_blank\" rel=\"noreferrer noopener\">\u00e9p\u00e9e<\/a> de Damocl\u00e8s au-dessus d\u2019elle, celle d\u2019une mise sous tutelle par l\u2019Etat\u2026 Son aide directe aux projets des communes sur laquelle les mairies comptent tant a d\u00e9j\u00e0 \u00e9t\u00e9 rogn\u00e9e l\u2019an pass\u00e9, tout comme ses propres investissements amput\u00e9s au budget primitif 2025 de plus de 6 M\u20ac\u2026 Il y a pile un an, c\u2019est contre un effort redout\u00e9 de de 6,5 Md\u20ac imput\u00e9s aux collectivit\u00e9s que les maires de la Loire avaient <a href=\"https:\/\/www.if-saint-etienne.fr\/politique-societe\/budget-2025-dans-la-loire-des-maires-amers\" target=\"_blank\" rel=\"noreferrer noopener\">lev\u00e9<\/a> les boucliers. L\u2019estocade fut finalement moins per\u00e7ante\u00a0: 2,2 Md\u20ac quand m\u00eame.<\/p>\n<p>Mais le boomerang est de retour, en deux fois plus fort, avec une loi de finances annonc\u00e9e cette semaine par S\u00e9bastien Lecornu, si l\u2019on pr\u00eate vie \u00e0 son gouvernement, imposant 4,7 Md\u20ac en 2026. Toujours 600 M\u20ac de moins que pressentis cet \u00e9t\u00e9 sous Bayrou\u2026\u00a0Mais toujours tr\u00e8s injuste selon l\u2019id\u00e9e que le moins rigoureux, de loin, du millefeuille administratif fait payer \u00e0 ceux du dessous sa d\u00e9faillance, estiment Georges Ziegler et Yves Nicolin. Ceux qui, contrairement \u00e0 lui, sont soumis \u00e0 la \u00ab\u00a0r\u00e8gle d\u2019or\u00a0\u00bb (pas d\u2019emprunt pour le fonctionnement). Le premier rappelle une fois de plus, l\u2019\u00e9tranglement du budget d\u00e9partemental par une partition sociale chaque ann\u00e9e en hausse. Par exemple, ce RSA \u00e0 d\u00e9sormais 120 M\u20ac par an qu\u2019il doit assumer toujours plus depuis sa d\u00e9centralisation\u00a0: \u00e0 60 % d\u00e9sormais (contre, en 2011, 31,5 % pour un total de 70 M\u20ac). Il y a enfin, ces d\u00e9cisions de revalorisation (allocations, points d\u2019indices des fonctionnaires, cotisations retraites\u2026) qu\u2019il ne veut pas contester en soi mais pay\u00e9es par un autre que le d\u00e9cisionnaire\u2026 \u00a0<\/p>\n<p>Un record d\u2019inscrits<\/p>\n<p>C\u2019est toutefois aussi le m\u00eame qui, par ses dotations et subventions, permet en grande partie aux collectivit\u00e9s de disposer des budgets pour mener \u00e0 bien les politiques publiques d\u00e9centralis\u00e9es. Mais l\u2019\u00e9quit\u00e9 c\u00e8de \u00e0 un cercle vicieux quand un D\u00e9partement plut\u00f4t pauvre comme la Loire doit faire face \u00e0 plus de d\u00e9penses sociales montantes, r\u00e9duisant ses marges de man\u0153uvre, sans b\u00e9n\u00e9ficier de contreparties et priv\u00e9 de toute fiscalit\u00e9 dynamique. Et Georges Ziegler de sugg\u00e9rer l\u2019application d\u2019une logique de p\u00e9r\u00e9quation sur les <a href=\"https:\/\/www.igedd.developpement-durable.gouv.fr\/droits-de-mutation-immobiliers-par-departement-a1652.html\" target=\"_blank\" rel=\"noreferrer noopener\">DMTO<\/a>, taxe \u00e0 l\u2019achat immobilier revers\u00e9e en partie aux D\u00e9partements qui avantage les d\u00e9j\u00e0 plus riches, ceux ou la pierre vaut tellement plus. Il faudra bien malgr\u00e9 tout en cette \u00ab\u00a0fin de mandat\u00a0\u00bb, \u00ab\u00a0regarder vers demain\u00a0\u00bb, les deux axes th\u00e9matiques donc, de cette 27e \u00e9dition \u00e0 l\u2019organisation confi\u00e9e au duo Evenco et Agence R\u00e9ciproque, comme depuis quelques ann\u00e9es maintenant.<\/p>\n<p><img loading=\"lazy\" decoding=\"async\" width=\"1024\" height=\"576\" src=\"https:\/\/www.europesays.com\/fr\/wp-content\/uploads\/2025\/10\/Capture-decran-2024-10-14-a-12.01.58-1024x576.png\" alt=\"\" class=\"wp-image-74566\"  \/>La commune d\u2019Andr\u00e9zieux-Bouth\u00e9on accueille l\u2019\u00e9v\u00e9nement au CABL pour la seconde fois cons\u00e9cutive. \u00a9GoogleStreetView<\/p>\n<p>Il aurait d\u00fb logiquement revenir au Nord du d\u00e9partement de l\u2019accueillir en 2025 mais c\u2019est \u00e0 nouveau le Complexe d\u2019animation des Bords de Loire (CABL) qui en sera l\u2019\u00e9crin\u00a0: une petite fleur faite \u00e0 Andr\u00e9zieux-Bouth\u00e9on pour sa capacit\u00e9 \u00e0 tr\u00e8s vite reprogrammer, un mois plus tard, l\u2019annulation de derni\u00e8re minute due aux graves inondations du 17 octobre 2024. Pour ce qui est de 2025, jamais un congr\u00e8s des maires de la Loire n\u2019avait compt\u00e9 autant d\u2019inscrits\u00a0: environ 600 contre moins de 400 il y a 5 ans. Et les ateliers pr\u00e9vus ont fait le plein d\u2019inscrits, indique Yves Nicolin\u00a0: \u00ab\u00a0Statut de l\u2019\u00e9lu \u2013 Fin de mandat (AMF et Fonpel)\u00a0\u00bb, \u00ab\u00a0R\u00e9sIALoire &amp; Loire ConnecTID : des usages concrets pour les communes\u00a0\u00bb\u00a0; \u00ab\u00a0Installation des conseils municipaux (CDG42 &amp; AMG33)\u00a0\u00bb\u00a0; \u00ab\u00a0Communication en p\u00e9riode \u00e9lectorale et r\u00e9forme des scrutins (Pr\u00e9fecture et AMF)\u00a0\u00bb. 160 volontaires pour le premier, par exemple.<\/p>\n<p>50 % des maires ne souhaitent pas repartir<\/p>\n<p>A propos de fin de mandat, au printemps dernier, lors de son <a href=\"https:\/\/www.if-saint-etienne.fr\/politique-societe\/dans-la-loire-50-des-maires-interroges-ne-souhaitent-pas-se-representer\" target=\"_blank\" rel=\"noreferrer noopener\">assembl\u00e9e<\/a> g\u00e9n\u00e9rale \u00e0 l\u2019Arena, l\u2019AMF42 relevait environ 50 % de maires lig\u00e9riens ne souhaitant pas repartir en mars 2026. Et en cet automne\u00a0? \u00ab\u00a0\u00c7a n\u2019a pas boug\u00e9\u00a0: on reste sur le m\u00eame pourcentage que l\u2019on ne pourra pas comparer au mandat pr\u00e9c\u00e9dent puisque nous ne suivions pas cela de mani\u00e8re aussi fine avant, r\u00e9pond Yves Nicolin. Nous relevons qu\u2019un quart des sortants ne sont pas encore d\u00e9cid\u00e9s \u00e0 ce stade.\u00a0\u00bb En attendant, sortants partants ou pas, ils pourront aussi sillonner vendredi au milieu des stands de la centaine d\u2019exposants pr\u00e9sents\u00a0: \u00ab\u00a0Services publics, entreprises, associations et acteurs du territoire seront pr\u00e9sents pour proposer des solutions concr\u00e8tes aux collectivit\u00e9s dans diff\u00e9rents domaines.\u00a0\u00bb A noter, enfin, que cette \u00e9dition sera l\u2019occasion de c\u00e9l\u00e9brer les 20 ans de l\u2019Agence Locale de l\u2019\u00c9nergie et du Climat de la Loire (<a href=\"https:\/\/www.alec42.org\/\" target=\"_blank\" rel=\"noreferrer noopener\">Alec<\/a> 42).<\/p>\n<p>Emanation du D\u00e9partement et du Syndicat intercommunal d\u2019\u00e9nergies de la Loire (<a href=\"https:\/\/www.if-saint-etienne.fr\/breves\/5e-salon-teep-le-siel-fait-le-point-sur-les-innovations-energetiques\" target=\"_blank\" rel=\"noreferrer noopener\">SIEL<\/a>-TE) qui agit \u00ab\u00a0pour la r\u00e9novation des logements priv\u00e9s, l\u2019am\u00e9lioration de la performance \u00e9nerg\u00e9tique des entreprises et le d\u00e9veloppement de mobilit\u00e9s et transports durables\u00a0\u00bb. A cette occasion, l\u2019Alec va d\u00e9cerner pour la premi\u00e8re fois ses \u00ab\u00a0Troph\u00e9es\u00a0de la Transition Energ\u00e9tique\u00a0\u00bb \u00e0 des collectivit\u00e9s de la Loire (bailleurs sociaux compris), aux nomin\u00e9s par ses soins avant une invitation au vote des \u00e9lus locaux. Quatre cat\u00e9gories\u00a0: \u00ab\u00a0Strat\u00e9gie \u00e9nergie Climat\u00a0\u00bb, \u00ab\u00a0R\u00e9novation \u00e9nerg\u00e9tique de l\u2019habitat\u00a0\u00bb, \u00ab\u00a0Performance \u00e9nerg\u00e9tique en entreprise \u00bb,\u00a0\u00ab Mobilit\u00e9 et am\u00e9nagement durable\u00a0\u00bb. Au regard du climat, un peu d\u2019encouragements, \u00e7a ne co\u00fbte en effet pas plus cher\u2026<\/p>\n","protected":false},"excerpt":{"rendered":"Repouss\u00e9 2024 en raison des inondations mais imm\u00e9diatement reprogramm\u00e9 le mois suivant, le Congr\u00e8s des maires de la&hellip;\n","protected":false},"author":2,"featured_media":467609,"comment_status":"","ping_status":"","sticky":false,"template":"","format":"standard","meta":{"footnotes":""},"categories":[9653],"tags":[1111,11,17136,18502,2430,59165,59166,15916,51135,59167,1777,674,15579,1011,27,59168,5415,13976,12,25,4001,59169],"class_list":{"0":"post-467608","1":"post","2":"type-post","3":"status-publish","4":"format-standard","5":"has-post-thumbnail","7":"category-saint-etienne","8":"tag-actu","9":"tag-actualites","10":"tag-andrezieux-boutheon","11":"tag-association-des-maires","12":"tag-auvergne-rhone-alpes","13":"tag-congres-de-lassociation-des-maires-de-france-42-loire","14":"tag-departement-loire","15":"tag-electif","16":"tag-elus-locaux","17":"tag-elus-loire","18":"tag-eu","19":"tag-europe","20":"tag-finances-locales","21":"tag-fr","22":"tag-france","23":"tag-georges-ziegler","24":"tag-mairie","25":"tag-municipalite","26":"tag-news","27":"tag-republique-francaise","28":"tag-saint-etienne","29":"tag-yves-nicolin"},"share_on_mastodon":{"url":"https:\/\/pubeurope.com\/@fr\/115384340106441515","error":""},"_links":{"self":[{"href":"https:\/\/www.europesays.com\/fr\/wp-json\/wp\/v2\/posts\/467608","targetHints":{"allow":["GET"]}}],"collection":[{"href":"https:\/\/www.europesays.com\/fr\/wp-json\/wp\/v2\/posts"}],"about":[{"href":"https:\/\/www.europesays.com\/fr\/wp-json\/wp\/v2\/types\/post"}],"author":[{"embeddable":true,"href":"https:\/\/www.europesays.com\/fr\/wp-json\/wp\/v2\/users\/2"}],"replies":[{"embeddable":true,"href":"https:\/\/www.europesays.com\/fr\/wp-json\/wp\/v2\/comments?post=467608"}],"version-history":[{"count":0,"href":"https:\/\/www.europesays.com\/fr\/wp-json\/wp\/v2\/posts\/467608\/revisions"}],"wp:featuredmedia":[{"embeddable":true,"href":"https:\/\/www.europesays.com\/fr\/wp-json\/wp\/v2\/media\/467609"}],"wp:attachment":[{"href":"https:\/\/www.europesays.com\/fr\/wp-json\/wp\/v2\/media?parent=467608"}],"wp:term":[{"taxonomy":"category","embeddable":true,"href":"https:\/\/www.europesays.com\/fr\/wp-json\/wp\/v2\/categories?post=467608"},{"taxonomy":"post_tag","embeddable":true,"href":"https:\/\/www.europesays.com\/fr\/wp-json\/wp\/v2\/tags?post=467608"}],"curies":[{"name":"wp","href":"https:\/\/api.w.org\/{rel}","templated":true}]}}