{"id":467610,"date":"2025-10-16T14:34:09","date_gmt":"2025-10-16T14:34:09","guid":{"rendered":"https:\/\/www.europesays.com\/fr\/467610\/"},"modified":"2025-10-16T14:34:09","modified_gmt":"2025-10-16T14:34:09","slug":"la-place-stanislas-bientot-disponible-en-lego-voici-comment-vous-pouvez-aider-a-la-realisation-de-ce-projet","status":"publish","type":"post","link":"https:\/\/www.europesays.com\/fr\/467610\/","title":{"rendered":"La place Stanislas bient\u00f4t disponible en Lego ? Voici comment vous pouvez aider \u00e0 la r\u00e9alisation de ce projet"},"content":{"rendered":"<p>            Par<br \/>\n        <strong><br \/>\n            <a href=\"https:\/\/actu.fr\/auteur\/amandine-mehl\" title=\"Consulter tous les articles de Amandine Mehl\" target=\"_blank\" rel=\"noopener\">Amandine Mehl<\/a><br \/>\n        <\/strong><\/p>\n<p>        Publi\u00e9 le<\/p>\n<p>            16 oct. 2025 \u00e0 16h11        <\/p>\n<p>La <a href=\"https:\/\/actu.fr\/tag\/place-stanislas\" target=\"_blank\" rel=\"noopener\">place Stanislas<\/a> pourrait-elle devenir un <strong>produit Lego officiel<\/strong> ? C\u2019est en tout cas le souhait d\u2019un habitant de Meurthe-et-Moselle qui a <strong>publi\u00e9 sa maquette<\/strong> sur le site Id\u00e9es Lego.<\/p>\n<p class=\" wall-content\">Un projet qui pourrait devenir r\u00e9alit\u00e9 s\u2019il parvient \u00e0 obtenir <strong>10 000 soutiens<\/strong>.<\/p>\n<p>La place Stanislas peut-elle devenir un produit Lego officiel ?<\/p>\n<p class=\" wall-content\">Au sein de la description, le cr\u00e9ateur explique avoir choisi de repr\u00e9senter, pour l\u2019instant, \u00ab\u00a0<strong>les cinq b\u00e2timents principaux<\/strong> et <strong>les arches dor\u00e9es<\/strong> qui entourent la place Stanislas\u00a0\u00bb. \u00ab\u00a0Afin de vous offrir une exp\u00e9rience plus immersive, <strong>les b\u00e2timents menant \u00e0 la place Carri\u00e8re ne sont pas inclus<\/strong>, peut-\u00eatre pour le prochain module si vous appr\u00e9ciez celui-ci\u00a0\u00bb, pr\u00e9cise-t-il.<\/p>\n<p class=\" wall-content\">Pour l\u2019heure, le projet a re\u00e7u <strong>plus de 2 900 soutiens<\/strong>. Outre la production d\u2019un set Lego, s\u2019il obtient 10 000 participations, le cr\u00e9ateur recevra <strong>1 % du total des ventes nettes<\/strong> du produit vendu, pr\u00e9cise la marque.<\/p>\n<p>Pour soutenir le projet, rendez-vous <a href=\"https:\/\/beta.ideas.lego.com\/product-ideas\/36226d79-6c73-4548-b803-77b65f697f43\" target=\"_blank\" rel=\"noopener\">ici<\/a>.\u00a0<\/p>\n<p class=\" wall-content\">Personnalisez votre actualit\u00e9 en ajoutant vos villes et m\u00e9dias en favori avec <a href=\"https:\/\/moncompte.actu.fr\" title=\"D\u00e9couvez Mon Actu\" rel=\"nofollow noopener\" data-trk=\"{&quot;cta&quot;:{&quot;action&quot;:&quot;https:\\\/\\\/moncompte.actu.fr&quot;,&quot;category&quot;:&quot;mon compte&quot;,&quot;from&quot;:&quot;article footer&quot;,&quot;name&quot;:&quot;Mon actu&quot;,&quot;type&quot;:&quot;cta&quot;}}\" target=\"_blank\">Mon Actu<\/a>.<\/p>\n","protected":false},"excerpt":{"rendered":"Par Amandine Mehl Publi\u00e9 le 16 oct. 2025 \u00e0 16h11 La place Stanislas pourrait-elle devenir un produit Lego&hellip;\n","protected":false},"author":2,"featured_media":467611,"comment_status":"","ping_status":"","sticky":false,"template":"","format":"standard","meta":{"footnotes":""},"categories":[9635],"tags":[1111,11,1777,674,1011,27,775,1702,12,9647,25,104],"class_list":{"0":"post-467610","1":"post","2":"type-post","3":"status-publish","4":"format-standard","5":"has-post-thumbnail","7":"category-nancy","8":"tag-actu","9":"tag-actualites","10":"tag-eu","11":"tag-europe","12":"tag-fr","13":"tag-france","14":"tag-grand-est","15":"tag-nancy","16":"tag-news","17":"tag-place-stanislas","18":"tag-republique-francaise","19":"tag-societe"},"share_on_mastodon":{"url":"https:\/\/pubeurope.com\/@fr\/115384344004413838","error":""},"_links":{"self":[{"href":"https:\/\/www.europesays.com\/fr\/wp-json\/wp\/v2\/posts\/467610","targetHints":{"allow":["GET"]}}],"collection":[{"href":"https:\/\/www.europesays.com\/fr\/wp-json\/wp\/v2\/posts"}],"about":[{"href":"https:\/\/www.europesays.com\/fr\/wp-json\/wp\/v2\/types\/post"}],"author":[{"embeddable":true,"href":"https:\/\/www.europesays.com\/fr\/wp-json\/wp\/v2\/users\/2"}],"replies":[{"embeddable":true,"href":"https:\/\/www.europesays.com\/fr\/wp-json\/wp\/v2\/comments?post=467610"}],"version-history":[{"count":0,"href":"https:\/\/www.europesays.com\/fr\/wp-json\/wp\/v2\/posts\/467610\/revisions"}],"wp:featuredmedia":[{"embeddable":true,"href":"https:\/\/www.europesays.com\/fr\/wp-json\/wp\/v2\/media\/467611"}],"wp:attachment":[{"href":"https:\/\/www.europesays.com\/fr\/wp-json\/wp\/v2\/media?parent=467610"}],"wp:term":[{"taxonomy":"category","embeddable":true,"href":"https:\/\/www.europesays.com\/fr\/wp-json\/wp\/v2\/categories?post=467610"},{"taxonomy":"post_tag","embeddable":true,"href":"https:\/\/www.europesays.com\/fr\/wp-json\/wp\/v2\/tags?post=467610"}],"curies":[{"name":"wp","href":"https:\/\/api.w.org\/{rel}","templated":true}]}}