{"id":467628,"date":"2025-10-16T14:44:10","date_gmt":"2025-10-16T14:44:10","guid":{"rendered":"https:\/\/www.europesays.com\/fr\/467628\/"},"modified":"2025-10-16T14:44:10","modified_gmt":"2025-10-16T14:44:10","slug":"fusil-brouilleur-dondes-gign-ce-quon-sait-sur-cette-discrete-operation-menee-depuis-la-prison-de-rennes","status":"publish","type":"post","link":"https:\/\/www.europesays.com\/fr\/467628\/","title":{"rendered":"Fusil brouilleur d\u2019ondes, GIGN\u00a0: ce qu\u2019on sait sur cette discr\u00e8te op\u00e9ration men\u00e9e depuis la prison de Rennes"},"content":{"rendered":"<p>Le 13 octobre, la pr\u00e9fecture a pris un arr\u00eat\u00e9 qui autorisait la gendarmerie \u00e0 utiliser des pistolets brouilleurs d\u2019ondes autour de la prison de Vezin-le-Coquet. Le cr\u00e9neau horaire mentionn\u00e9 posait question. Les pistolets brouilleurs pouvaient \u00eatre utilis\u00e9s le 14 octobre, entre 1 h et 2 h 30. Le timing \u00e9tait donc tr\u00e8s serr\u00e9.<\/p>\n<p>Interrog\u00e9s, la pr\u00e9fecture et le parquet ont expliqu\u00e9 que ce dispositif \u00e9tait en lien avec une \u00ab op\u00e9ration judiciaire \u00bb. Plus pr\u00e9cis\u00e9ment, il s\u2019agissait d\u2019une \u00ab op\u00e9ration de transfert d\u2019un d\u00e9tenu particuli\u00e8rement surveill\u00e9 \u00bb, a appris Le T\u00e9l\u00e9gramme.<\/p>\n<p>Cette nuit-l\u00e0, un narcotrafiquant parmi les plus dangereux de France rejoignait la prison de Haute s\u00e9curit\u00e9 de Vendin-le-Vieil (Hauts de France). \u00ab Escort\u00e9 par plusieurs dizaines de fonctionnaires dont le GIGN en lien avec les Eris, l\u2019unit\u00e9 d\u2019\u00e9lite de l\u2019administration p\u00e9nitentiaire, le convoi s\u2019est donc rendu dans le d\u00e9partement du Pas de Calais \u00e0 tr\u00e8s vive allure. Certaines routes \u00e9tant carr\u00e9ment coup\u00e9es \u00e0 la circulation le temps du passage du convoi.<\/p>\n<p>Afin de prendre le maximum de pr\u00e9caution, les gendarmes qui \u00e9taient charg\u00e9s de la s\u00e9curisation du convoi \u00e9taient donc autoris\u00e9s \u00e0 utiliser temporairement des dispositifs de brouillage dans un rayon d\u2019un kilom\u00e8tre autour de la prison. Ils pouvaient utiliser notamment des pistolets brouilleurs : Bad, Sniper 528, un pistolet brouilleur Wilson, un fusil brouilleur Watson, WBS 25 000.<\/p>\n<p>La visite du pape \u00e0 Marseille<\/p>\n<p>Le m\u00eame dispositif avait \u00e9t\u00e9 mis en place lors de transfert de narcotrafiquants particuli\u00e8rement puissants le 30 juillet \u00e0 B\u00e9ziers (H\u00e9rault, r\u00e9gion Occitanie) et le 4 septembre \u00e0 Roanne (Loire, r\u00e9gion Auvergne-Rh\u00f4ne-Alpes). \u00c0 Rennes, au moins deux transferts similaires avaient \u00e9t\u00e9 op\u00e9r\u00e9s depuis l\u2019ouverture du quartier de Haute s\u00e9curit\u00e9 de Vendin-le-Vieil.<\/p>\n<p>Les fusils brouilleurs permettent de mettre hors service un drone, non autoris\u00e9, qui surveillerait les abords de la prison. L\u2019objectif \u00e9tant que d\u2019\u00e9ventuels complices ne puissent pas savoir quelle route emprunte le convoi p\u00e9nitentiaire. Les fusils brouilleurs d\u2019ondes peuvent \u00eatre \u00e9galement utilis\u00e9s dans le cadre du maintien de l\u2019ordre. Ce fut le cas lors de la visite du pape \u00e0 Marseille en septembre 2023.<\/p>\n","protected":false},"excerpt":{"rendered":"Le 13 octobre, la pr\u00e9fecture a pris un arr\u00eat\u00e9 qui autorisait la gendarmerie \u00e0 utiliser des pistolets brouilleurs&hellip;\n","protected":false},"author":2,"featured_media":467629,"comment_status":"","ping_status":"","sticky":false,"template":"","format":"standard","meta":{"footnotes":""},"categories":[2821],"tags":[1111,11,829,1782,765,1777,674,1011,27,3381,12,584,25],"class_list":{"0":"post-467628","1":"post","2":"type-post","3":"status-publish","4":"format-standard","5":"has-post-thumbnail","7":"category-rennes","8":"tag-actu","9":"tag-actualites","10":"tag-bretagne","11":"tag-defense-nationale","12":"tag-en-continu","13":"tag-eu","14":"tag-europe","15":"tag-fr","16":"tag-france","17":"tag-gendarmerie","18":"tag-news","19":"tag-rennes","20":"tag-republique-francaise"},"share_on_mastodon":{"url":"https:\/\/pubeurope.com\/@fr\/115384383285105113","error":""},"_links":{"self":[{"href":"https:\/\/www.europesays.com\/fr\/wp-json\/wp\/v2\/posts\/467628","targetHints":{"allow":["GET"]}}],"collection":[{"href":"https:\/\/www.europesays.com\/fr\/wp-json\/wp\/v2\/posts"}],"about":[{"href":"https:\/\/www.europesays.com\/fr\/wp-json\/wp\/v2\/types\/post"}],"author":[{"embeddable":true,"href":"https:\/\/www.europesays.com\/fr\/wp-json\/wp\/v2\/users\/2"}],"replies":[{"embeddable":true,"href":"https:\/\/www.europesays.com\/fr\/wp-json\/wp\/v2\/comments?post=467628"}],"version-history":[{"count":0,"href":"https:\/\/www.europesays.com\/fr\/wp-json\/wp\/v2\/posts\/467628\/revisions"}],"wp:featuredmedia":[{"embeddable":true,"href":"https:\/\/www.europesays.com\/fr\/wp-json\/wp\/v2\/media\/467629"}],"wp:attachment":[{"href":"https:\/\/www.europesays.com\/fr\/wp-json\/wp\/v2\/media?parent=467628"}],"wp:term":[{"taxonomy":"category","embeddable":true,"href":"https:\/\/www.europesays.com\/fr\/wp-json\/wp\/v2\/categories?post=467628"},{"taxonomy":"post_tag","embeddable":true,"href":"https:\/\/www.europesays.com\/fr\/wp-json\/wp\/v2\/tags?post=467628"}],"curies":[{"name":"wp","href":"https:\/\/api.w.org\/{rel}","templated":true}]}}