{"id":467630,"date":"2025-10-16T14:45:11","date_gmt":"2025-10-16T14:45:11","guid":{"rendered":"https:\/\/www.europesays.com\/fr\/467630\/"},"modified":"2025-10-16T14:45:11","modified_gmt":"2025-10-16T14:45:11","slug":"un-cluedo-grandeur-nature-dans-un-chateau-entre-rennes-et-saint-malo","status":"publish","type":"post","link":"https:\/\/www.europesays.com\/fr\/467630\/","title":{"rendered":"Un Cluedo grandeur nature dans un ch\u00e2teau entre Rennes et Saint-Malo"},"content":{"rendered":"<p>            Par<br \/>\n        <strong><br \/>\n            <a href=\"https:\/\/actu.fr\/auteur\/journaliste-pm\" title=\"Consulter tous les articles de R\u00e9daction Saint-Malo\" target=\"_blank\" rel=\"noopener\">R\u00e9daction Saint-Malo<\/a><br \/>\n        <\/strong><\/p>\n<p>        Publi\u00e9 le<\/p>\n<p>            16 oct. 2025 \u00e0 16h34        <\/p>\n<p>Vendredi 17 et samedi 18 octobre 2025, le ch\u00e2teau de La Bourbansais \u00e0 Pleugueneuc, entre <a href=\"https:\/\/actu.fr\/rennes\/\" target=\"_blank\" rel=\"noopener\">Rennes<\/a> et<a href=\"https:\/\/actu.fr\/bretagne\/saint-malo_35288\/environ-3-200-jeunes-en-decrochage-scolaire-dans-le-pays-de-saint-malo_63306520.html\" target=\"_blank\" rel=\"noopener\"> Saint-Malo<\/a>, invite le public \u00e0 participer \u00e0 un Cluedo grandeur nature, \u00e0 l\u2019occasion de la Nuit des Ch\u00e2teaux.<\/p>\n<p>Le jardinier assassin\u00e9\u00a0<\/p>\n<p class=\" wall-content\">Dans la soir\u00e9e du 16 octobre 1904, le jardinier du domaine de la Bourbansais a \u00e9t\u00e9 assassin\u00e9. Les participants rejoindront William Scott, un c\u00e9l\u00e8bre d\u00e9tective, pour \u00e9lucider ce myst\u00e8re. Un Cluedo grandeur nature \u00e0 vivre en famille, \u00e0 partir de 10 ans, ou entre amis, entre observation, interrogation des suspects et r\u00e9colte d\u2019indices. Arriverez-vous \u00e0 trouver le coupable, son mobile ainsi que l\u2019arme du crime ?<\/p>\n<p>Vendredi 17 et samedi 18 octobre, ch\u00e2teau de la Bourbansais de Pleugueneuc, de 19 h \u00e0 22 h, \u00e0 partir de 12 \u20ac, \u00e0 partir de 10 ans.\u00a0<\/p>\n<p class=\" wall-content\">Personnalisez votre actualit\u00e9 en ajoutant vos villes et m\u00e9dias en favori avec <a href=\"https:\/\/moncompte.actu.fr\" title=\"D\u00e9couvez Mon Actu\" rel=\"nofollow noopener\" data-trk=\"{&quot;cta&quot;:{&quot;action&quot;:&quot;https:\\\/\\\/moncompte.actu.fr&quot;,&quot;category&quot;:&quot;mon compte&quot;,&quot;from&quot;:&quot;article footer&quot;,&quot;name&quot;:&quot;Mon actu&quot;,&quot;type&quot;:&quot;cta&quot;}}\" target=\"_blank\">Mon Actu<\/a>.<\/p>\n","protected":false},"excerpt":{"rendered":"Par R\u00e9daction Saint-Malo Publi\u00e9 le 16 oct. 2025 \u00e0 16h34 Vendredi 17 et samedi 18 octobre 2025, le&hellip;\n","protected":false},"author":2,"featured_media":467631,"comment_status":"","ping_status":"","sticky":false,"template":"","format":"standard","meta":{"footnotes":""},"categories":[2821],"tags":[1111,11,829,1777,674,1011,27,1652,12,584,25,16610],"class_list":{"0":"post-467630","1":"post","2":"type-post","3":"status-publish","4":"format-standard","5":"has-post-thumbnail","7":"category-rennes","8":"tag-actu","9":"tag-actualites","10":"tag-bretagne","11":"tag-eu","12":"tag-europe","13":"tag-fr","14":"tag-france","15":"tag-loisirs-culture","16":"tag-news","17":"tag-rennes","18":"tag-republique-francaise","19":"tag-sortir-a-saint-malo"},"share_on_mastodon":{"url":"https:\/\/pubeurope.com\/@fr\/115384387166384051","error":""},"_links":{"self":[{"href":"https:\/\/www.europesays.com\/fr\/wp-json\/wp\/v2\/posts\/467630","targetHints":{"allow":["GET"]}}],"collection":[{"href":"https:\/\/www.europesays.com\/fr\/wp-json\/wp\/v2\/posts"}],"about":[{"href":"https:\/\/www.europesays.com\/fr\/wp-json\/wp\/v2\/types\/post"}],"author":[{"embeddable":true,"href":"https:\/\/www.europesays.com\/fr\/wp-json\/wp\/v2\/users\/2"}],"replies":[{"embeddable":true,"href":"https:\/\/www.europesays.com\/fr\/wp-json\/wp\/v2\/comments?post=467630"}],"version-history":[{"count":0,"href":"https:\/\/www.europesays.com\/fr\/wp-json\/wp\/v2\/posts\/467630\/revisions"}],"wp:featuredmedia":[{"embeddable":true,"href":"https:\/\/www.europesays.com\/fr\/wp-json\/wp\/v2\/media\/467631"}],"wp:attachment":[{"href":"https:\/\/www.europesays.com\/fr\/wp-json\/wp\/v2\/media?parent=467630"}],"wp:term":[{"taxonomy":"category","embeddable":true,"href":"https:\/\/www.europesays.com\/fr\/wp-json\/wp\/v2\/categories?post=467630"},{"taxonomy":"post_tag","embeddable":true,"href":"https:\/\/www.europesays.com\/fr\/wp-json\/wp\/v2\/tags?post=467630"}],"curies":[{"name":"wp","href":"https:\/\/api.w.org\/{rel}","templated":true}]}}