{"id":467632,"date":"2025-10-16T14:46:14","date_gmt":"2025-10-16T14:46:14","guid":{"rendered":"https:\/\/www.europesays.com\/fr\/467632\/"},"modified":"2025-10-16T14:46:14","modified_gmt":"2025-10-16T14:46:14","slug":"le-lycee-jean-monnet-sassocie-a-la-dictee-qui-veut-lutter-contre-les-leucodystophies","status":"publish","type":"post","link":"https:\/\/www.europesays.com\/fr\/467632\/","title":{"rendered":"le lyc\u00e9e Jean-Monnet s&rsquo;associe \u00e0 la dict\u00e9e qui veut lutter contre les leucodystophies"},"content":{"rendered":"<p>Lundi apr\u00e8s-midi 13 octobre au lyc\u00e9e Jean-Monnet, une ambiance studieuse r\u00e8gne pour plus de 100 \u00e9l\u00e8ves de seconde. Pas un bruit dans la salle, tous ont conscience de l\u2019importance de cet exercice de concentration et d\u2019orthographe qu\u2019est la dict\u00e9e ELA.<\/p>\n<p>Ni exercice d\u2019\u00e9valuation, ni concours d\u2019orthographe\u00a0! Ici, il s\u2019agit avant tout d\u2019un support d\u2019\u00e9change sur la citoyennet\u00e9, la&#8230;<\/p>\n","protected":false},"excerpt":{"rendered":"Lundi apr\u00e8s-midi 13 octobre au lyc\u00e9e Jean-Monnet, une ambiance studieuse r\u00e8gne pour plus de 100 \u00e9l\u00e8ves de seconde.&hellip;\n","protected":false},"author":2,"featured_media":467633,"comment_status":"","ping_status":"","sticky":false,"template":"","format":"standard","meta":{"footnotes":""},"categories":[2820],"tags":[1111,11,2880,1057,1777,674,107,1011,27,775,12,25,640,2879],"class_list":{"0":"post-467632","1":"post","2":"type-post","3":"status-publish","4":"format-standard","5":"has-post-thumbnail","7":"category-strasbourg","8":"tag-actu","9":"tag-actualites","10":"tag-edition-strasbourg","11":"tag-education","12":"tag-eu","13":"tag-europe","14":"tag-fil-info","15":"tag-fr","16":"tag-france","17":"tag-grand-est","18":"tag-news","19":"tag-republique-francaise","20":"tag-strasbourg","21":"tag-strasbourg-ville"},"share_on_mastodon":{"url":"https:\/\/pubeurope.com\/@fr\/115384391198181449","error":""},"_links":{"self":[{"href":"https:\/\/www.europesays.com\/fr\/wp-json\/wp\/v2\/posts\/467632","targetHints":{"allow":["GET"]}}],"collection":[{"href":"https:\/\/www.europesays.com\/fr\/wp-json\/wp\/v2\/posts"}],"about":[{"href":"https:\/\/www.europesays.com\/fr\/wp-json\/wp\/v2\/types\/post"}],"author":[{"embeddable":true,"href":"https:\/\/www.europesays.com\/fr\/wp-json\/wp\/v2\/users\/2"}],"replies":[{"embeddable":true,"href":"https:\/\/www.europesays.com\/fr\/wp-json\/wp\/v2\/comments?post=467632"}],"version-history":[{"count":0,"href":"https:\/\/www.europesays.com\/fr\/wp-json\/wp\/v2\/posts\/467632\/revisions"}],"wp:featuredmedia":[{"embeddable":true,"href":"https:\/\/www.europesays.com\/fr\/wp-json\/wp\/v2\/media\/467633"}],"wp:attachment":[{"href":"https:\/\/www.europesays.com\/fr\/wp-json\/wp\/v2\/media?parent=467632"}],"wp:term":[{"taxonomy":"category","embeddable":true,"href":"https:\/\/www.europesays.com\/fr\/wp-json\/wp\/v2\/categories?post=467632"},{"taxonomy":"post_tag","embeddable":true,"href":"https:\/\/www.europesays.com\/fr\/wp-json\/wp\/v2\/tags?post=467632"}],"curies":[{"name":"wp","href":"https:\/\/api.w.org\/{rel}","templated":true}]}}