{"id":46764,"date":"2025-04-23T14:22:18","date_gmt":"2025-04-23T14:22:18","guid":{"rendered":"https:\/\/www.europesays.com\/fr\/46764\/"},"modified":"2025-04-23T14:22:18","modified_gmt":"2025-04-23T14:22:18","slug":"metro-rer-et-trains-en-ile-de-france-gare-aux-fermetures-de-lignes-pendant-les-vacances-scolaires","status":"publish","type":"post","link":"https:\/\/www.europesays.com\/fr\/46764\/","title":{"rendered":"M\u00e9tro, RER et trains en Ile-de-France&#8230; Gare aux fermetures de lignes pendant les vacances scolaires"},"content":{"rendered":"<p class=\"paragraph text_align_left\"><b>Ligne 6.<\/b> La tr\u00e8s touristique liaison Nation &#8211; Charles-de-Gaulle-\u00c9toile, circulant en majeure partie en a\u00e9rien et qui transporte quotidiennement pr\u00e8s de 350 000 voyageurs, poursuit sa cure de jouvence. Objectif : am\u00e9liorer sa r\u00e9gularit\u00e9 et s\u2019adapter aux nouveaux m\u00e9tros MP89 mis en service peu \u00e0 peu sur la ligne pour remplacer les anciennes rames. A cet effet, les postes de signalisation et le syst\u00e8me de pilotage semi-automatique Octys int\u00e9gr\u00e9 doivent \u00eatre d\u00e9ploy\u00e9s sur toute la ligne 6. Cons\u00e9quence pour les voyageurs : pour mener \u00e0 bien ces op\u00e9rations, la ligne est ferm\u00e9e d\u00e8s ce lundi 17 f\u00e9vrier et ce jusqu\u2019au 28 f\u00e9vrier inclus entre les stations Charles-de-Gaulle-Etoile et La Motte-Picquet-Grenelle.<\/p>\n<p class=\"paragraph text_align_left\"><b>Ligne 3.<\/b> En raison de travaux de renouvellement des appareils de voie, la ligne 3 Gallieni-Pont de Levallois B\u00e9con (en vert kaki sur le plan RATP) sera ferm\u00e9e entre les stations Pont de Levallois-B\u00e9con et Wagram jusqu\u2019au 20 f\u00e9vrier inclus. Un service de bus de remplacement sera mis en place entre ces stations aux m\u00eames horaires que le m\u00e9tro.<\/p>\n<p class=\"paragraph text_align_left\"><b>RER A. <\/b>D\u00e8s ce lundi et jusqu\u2019au vendredi 21 f\u00e9vrier puis du 24 au 28 f\u00e9vrier, cette ligne de RER va faire l\u2019objet de travaux nocturnes sur le tron\u00e7on compris entre Nanterre-Pr\u00e9fecture dans les Hauts-de-Seine et Cergy-le-Haut\/Poissy (95\/78). Cons\u00e9quence : le trafic sera interrompu \u00e0 partir de 22 heures durant ces deux semaines.<\/p>\n<p class=\"paragraph text_align_left\"><b>Ligne H. <\/b>Sur toute la ligne ce lundi et le vendredi 21 f\u00e9vrier, le nombre de trains en circulation sera r\u00e9duit (sauf sur la transversale Pontoise-Creil) dans les deux sens durant toute la journ\u00e9e. Pr\u00e9voyez environ 55 % des trains en circulation par rapport \u00e0 l\u2019offre habituelle.<\/p>\n<p class=\"paragraph text_align_left\"><b>RER E. <\/b>Avec l\u2019arriv\u00e9e prochaine du Grand Paris Express ainsi que la r\u00e9novation de la passerelle en gare de Rosny-sous-Bois en Seine-Saint-Denis, des travaux se poursuivent sur la ligne : la circulation sera r\u00e9duite sur les axes Chelles (Seine-et-Marne) et Villiers-sur-Marne (Val-de-Marne) ce week-end avec un seul train sur deux.<\/p>\n","protected":false},"excerpt":{"rendered":"Ligne 6. La tr\u00e8s touristique liaison Nation &#8211; Charles-de-Gaulle-\u00c9toile, circulant en majeure partie en a\u00e9rien et qui transporte&hellip;\n","protected":false},"author":2,"featured_media":46765,"comment_status":"","ping_status":"","sticky":false,"template":"","format":"standard","meta":{"footnotes":""},"categories":[1592],"tags":[1111,11,1777,674,1011,27,662,1944,12,626,25,2382],"class_list":{"0":"post-46764","1":"post","2":"type-post","3":"status-publish","4":"format-standard","5":"has-post-thumbnail","7":"category-ile-de-france","8":"tag-actu","9":"tag-actualites","10":"tag-eu","11":"tag-europe","12":"tag-fr","13":"tag-france","14":"tag-ile-de-france","15":"tag-ma-ville","16":"tag-news","17":"tag-paris","18":"tag-republique-francaise","19":"tag-transport-idf-oise"},"share_on_mastodon":{"url":"https:\/\/pubeurope.com\/@fr\/114387730035953483","error":""},"_links":{"self":[{"href":"https:\/\/www.europesays.com\/fr\/wp-json\/wp\/v2\/posts\/46764","targetHints":{"allow":["GET"]}}],"collection":[{"href":"https:\/\/www.europesays.com\/fr\/wp-json\/wp\/v2\/posts"}],"about":[{"href":"https:\/\/www.europesays.com\/fr\/wp-json\/wp\/v2\/types\/post"}],"author":[{"embeddable":true,"href":"https:\/\/www.europesays.com\/fr\/wp-json\/wp\/v2\/users\/2"}],"replies":[{"embeddable":true,"href":"https:\/\/www.europesays.com\/fr\/wp-json\/wp\/v2\/comments?post=46764"}],"version-history":[{"count":0,"href":"https:\/\/www.europesays.com\/fr\/wp-json\/wp\/v2\/posts\/46764\/revisions"}],"wp:featuredmedia":[{"embeddable":true,"href":"https:\/\/www.europesays.com\/fr\/wp-json\/wp\/v2\/media\/46765"}],"wp:attachment":[{"href":"https:\/\/www.europesays.com\/fr\/wp-json\/wp\/v2\/media?parent=46764"}],"wp:term":[{"taxonomy":"category","embeddable":true,"href":"https:\/\/www.europesays.com\/fr\/wp-json\/wp\/v2\/categories?post=46764"},{"taxonomy":"post_tag","embeddable":true,"href":"https:\/\/www.europesays.com\/fr\/wp-json\/wp\/v2\/tags?post=46764"}],"curies":[{"name":"wp","href":"https:\/\/api.w.org\/{rel}","templated":true}]}}