{"id":467640,"date":"2025-10-16T14:50:12","date_gmt":"2025-10-16T14:50:12","guid":{"rendered":"https:\/\/www.europesays.com\/fr\/467640\/"},"modified":"2025-10-16T14:50:12","modified_gmt":"2025-10-16T14:50:12","slug":"un-boucher-pyromane-arrete-pour-22-incendies-dans-un-seul-quartier","status":"publish","type":"post","link":"https:\/\/www.europesays.com\/fr\/467640\/","title":{"rendered":"un boucher pyromane arr\u00eat\u00e9 pour 22 incendies dans un seul quartier"},"content":{"rendered":"<p>            Par<br \/>\n        <strong><br \/>\n            <a href=\"https:\/\/actu.fr\/auteur\/laure-gentil\" title=\"Consulter tous les articles de Laure Gentil\" rel=\"nofollow noopener\" target=\"_blank\">Laure Gentil<\/a><br \/>\n        <\/strong><\/p>\n<p>        Publi\u00e9 le<\/p>\n<p>            16 oct. 2025 \u00e0 14h51        <\/p>\n<p>Un homme de 48\u00a0ans a \u00e9t\u00e9 arr\u00eat\u00e9 par la police de <strong>Nantes<\/strong> lundi 13\u00a0octobre 2025. Il est accus\u00e9 d\u2019\u00eatre \u00e0 l\u2019origine d\u2019une s\u00e9rie d\u2019incendies, de 2023 \u00e0 aujourd\u2019hui, dans le <strong>quartier Dalby<\/strong>. Ce Nantais, qui a \u00e9t\u00e9 employ\u00e9 dans une boucherie et qui <strong>vit dans le quartier<\/strong> concern\u00e9, a \u00e9t\u00e9 plac\u00e9 en d\u00e9tention provisoire. Il devrait \u00eatre jug\u00e9 en d\u00e9cembre.<\/p>\n<p>M\u00eame produit incendiaire utilis\u00e9<\/p>\n<p class=\" wall-content\">Selon une source polici\u00e8re, <strong>22 faits sont reproch\u00e9s<\/strong> au mis en cause\u2009: l\u2019incendie de marches en bois d\u2019un immeuble, des feux de poubelles, de voitures ou encore de scooters. Certains feux ont failli se propager \u00e0 des immeubles d\u2019habitations, toujours selon cette m\u00eame source.<\/p>\n<p class=\" wall-content\">La <strong>brigade d\u2019atteinte aux biens<\/strong> du commissariat de Nantes a mis en place une surveillance dans le quartier et s\u2019est d\u00e9plac\u00e9e pour enqu\u00eater sur les lieux ayant \u00e9t\u00e9 incendi\u00e9s. Les investigations ont permis de d\u00e9couvrir qu\u2019un seul et m\u00eame \u00ab\u2009produit incendiaire\u2009\u00bb a \u00e9t\u00e9 utilis\u00e9. Des<strong> traces ADN<\/strong> ont aussi \u00e9t\u00e9 relev\u00e9es permettant l\u2019identification du suspect.<\/p>\n<p class=\" wall-content\">L\u2019homme est d\u00e9j\u00e0 connu des services de police. Il devait \u00eatre jug\u00e9 en comparution imm\u00e9diate ce mercredi 15\u00a0octobre mais le proc\u00e8s a finalement \u00e9t\u00e9 <strong>renvoy\u00e9 au 11\u00a0d\u00e9cembre 2025<\/strong>. Il reste pour l\u2019instant incarc\u00e9r\u00e9.<\/p>\n<p class=\" wall-content\">Personnalisez votre actualit\u00e9 en ajoutant vos villes et m\u00e9dias en favori avec <a href=\"https:\/\/moncompte.actu.fr\" title=\"D\u00e9couvez Mon Actu\" rel=\"nofollow noopener\" data-trk=\"{&quot;cta&quot;:{&quot;action&quot;:&quot;https:\\\/\\\/moncompte.actu.fr&quot;,&quot;category&quot;:&quot;mon compte&quot;,&quot;from&quot;:&quot;article footer&quot;,&quot;name&quot;:&quot;Mon actu&quot;,&quot;type&quot;:&quot;cta&quot;}}\" target=\"_blank\">Mon Actu<\/a>.<\/p>\n","protected":false},"excerpt":{"rendered":"Par Laure Gentil Publi\u00e9 le 16 oct. 2025 \u00e0 14h51 Un homme de 48\u00a0ans a \u00e9t\u00e9 arr\u00eat\u00e9 par&hellip;\n","protected":false},"author":2,"featured_media":467641,"comment_status":"","ping_status":"","sticky":false,"template":"","format":"standard","meta":{"footnotes":""},"categories":[2818],"tags":[1111,11,1777,674,1011,27,1310,303,766,12,2636,2694,25,104],"class_list":{"0":"post-467640","1":"post","2":"type-post","3":"status-publish","4":"format-standard","5":"has-post-thumbnail","7":"category-nantes","8":"tag-actu","9":"tag-actualites","10":"tag-eu","11":"tag-europe","12":"tag-fr","13":"tag-france","14":"tag-incendie","15":"tag-justice","16":"tag-nantes","17":"tag-news","18":"tag-pays-de-la-loire","19":"tag-proces","20":"tag-republique-francaise","21":"tag-societe"},"share_on_mastodon":{"url":"https:\/\/pubeurope.com\/@fr\/115384406844558322","error":""},"_links":{"self":[{"href":"https:\/\/www.europesays.com\/fr\/wp-json\/wp\/v2\/posts\/467640","targetHints":{"allow":["GET"]}}],"collection":[{"href":"https:\/\/www.europesays.com\/fr\/wp-json\/wp\/v2\/posts"}],"about":[{"href":"https:\/\/www.europesays.com\/fr\/wp-json\/wp\/v2\/types\/post"}],"author":[{"embeddable":true,"href":"https:\/\/www.europesays.com\/fr\/wp-json\/wp\/v2\/users\/2"}],"replies":[{"embeddable":true,"href":"https:\/\/www.europesays.com\/fr\/wp-json\/wp\/v2\/comments?post=467640"}],"version-history":[{"count":0,"href":"https:\/\/www.europesays.com\/fr\/wp-json\/wp\/v2\/posts\/467640\/revisions"}],"wp:featuredmedia":[{"embeddable":true,"href":"https:\/\/www.europesays.com\/fr\/wp-json\/wp\/v2\/media\/467641"}],"wp:attachment":[{"href":"https:\/\/www.europesays.com\/fr\/wp-json\/wp\/v2\/media?parent=467640"}],"wp:term":[{"taxonomy":"category","embeddable":true,"href":"https:\/\/www.europesays.com\/fr\/wp-json\/wp\/v2\/categories?post=467640"},{"taxonomy":"post_tag","embeddable":true,"href":"https:\/\/www.europesays.com\/fr\/wp-json\/wp\/v2\/tags?post=467640"}],"curies":[{"name":"wp","href":"https:\/\/api.w.org\/{rel}","templated":true}]}}